{"id":3348,"date":"2008-01-18T10:50:11","date_gmt":"2008-01-18T08:50:11","guid":{"rendered":"http:\/\/www.ced.org.tr\/?p=3348"},"modified":"2008-01-18T10:50:11","modified_gmt":"2008-01-18T08:50:11","slug":"emekciye-meclis-barikati","status":"publish","type":"post","link":"http:\/\/www.ced.org.tr\/?p=3348","title":{"rendered":"EMEK\u00c7\u0130YE MECL\u0130S BAR\u0130KATI"},"content":{"rendered":"<p><font face=\"Verdana\" size=\"2\" color=\"#295d8c\">&lsquo;Herkese Sa\u011fl\u0131k ve G&uuml;venli Gelecek&rsquo; i&ccedil;in \u0130stanbul ve \u0130zmir&rsquo;den Ankara&rsquo;ya gelen emek&ccedil;ilerin Meclis&rsquo;e y&uuml;r&uuml;mesine izin verilmedi<\/font><font><br \/>Milyonlarca emek&ccedil;inin sa\u011fl\u0131k ve sosyal g&uuml;venlik hakk\u0131n\u0131n gasp\u0131n\u0131 getiren Sosyal Sigortalar ve Genel Sa\u011fl\u0131k Sigortas\u0131 (SSGSS) Tasar\u0131s\u0131&rsquo;na kar\u015f\u0131, \u0130stanbul ve \u0130zmir&rsquo;den &ldquo;Herkese Sa\u011fl\u0131k ve G&uuml;venli Gelecek&rdquo; i&ccedil;in Ankara&rsquo;ya gelen emek ve meslek &ouml;rg&uuml;tlerinin Meclis&rsquo;e y&uuml;r&uuml;melerine izin verilmedi.<\/font><\/p>\n<table border=\"0\" cellspacing=\"0\" cellpadding=\"0\" width=\"442\" align=\"center\">\n<tbody>\n<tr>\n<td align=\"center\" valign=\"top\">\n<div style=\"text-align: center\"><img loading=\"lazy\" decoding=\"async\" src=\"http:\/\/www.evrensel.net\/fotolar\/20080118\/51.jpg\" border=\"0\" alt=\"barikat\" title=\"barikat\" width=\"232\" height=\"174\" \/><\/div>\n<\/td>\n<\/tr>\n<tr>\n<td width=\"465\" align=\"left\" valign=\"top\" style=\"padding-top: 0px\">&nbsp;<\/td>\n<\/tr>\n<tr>\n<td width=\"465\" align=\"left\" valign=\"top\" style=\"padding-left: 3px; padding-bottom: 3px; border-bottom: #1c558c 0px solid\"><\/td>\n<\/tr>\n<\/tbody>\n<\/table>\n<p>&Ouml;nlerine barikat kurulan emek&ccedil;iler, AKP&rsquo;yi ve IMF patentli politikalar\u0131n\u0131, sa\u011fl\u0131k ve sosyal g&uuml;venlik haklar\u0131n\u0131n gasp edilmek istenmesini protesto ettiler. Meclis&rsquo;e ise ancak bir heyetin gitmesine izin verildi. <br \/>\u0130stanbul ve \u0130zmir&rsquo;den &ldquo;Herkese Sa\u011fl\u0131k ve G&uuml;venli Gelecek&rdquo; i&ccedil;in ba\u015flat\u0131lan y&uuml;r&uuml;y&uuml;\u015f d&uuml;n Ankara&rsquo;da sona erdi. Ankaral\u0131 i\u015f&ccedil;i ve emek&ccedil;iler y&uuml;r&uuml;y&uuml;\u015f&ccedil;&uuml;leri Cebeci Kolej Kav\u015fa\u011f\u0131&rsquo;nda bekledi. Bu s\u0131rada, kav\u015fa\u011f\u0131n K\u0131z\u0131lay ve Meclis y&ouml;nleri panzerli polis barikatlar\u0131 ile kapat\u0131ld\u0131.<\/p>\n<p>T&uuml;rkiye Gazeteciler Sendikas\u0131 (TGS) &ldquo;Y\u0131pranma hakk\u0131 gasp edilemez&rdquo; pankart\u0131 ile eyleme kat\u0131l\u0131rken, eylemi izleyen onlarca gazeteci yakalar\u0131na, kamera ve foto\u011fraf makinelerine, &ldquo;y\u0131pranma hakk\u0131 gasp edilemez&rdquo;, &ldquo;y\u0131pran\u0131yoruz&rdquo; kokartlar\u0131 takt\u0131lar. Eylemde, Metin G&ouml;ktepe, Hrant Dink, Turan Dursun, Musa Anter, U\u011fur Mumcu gibi katledilen onlarca gazetecinin, &uuml;zerinde, &ldquo;y\u0131pran\u0131yoruz&rdquo; yaz\u0131l\u0131 foto\u011fraflar\u0131 ta\u015f\u0131nd\u0131. <br \/>\u0130stanbul ve \u0130zmir&rsquo;den y&uuml;r&uuml;yen, D\u0130SK, KESK, TMMOB, TTB, BASK, TDB, TEB ve T&Uuml;RMOB y&ouml;neticilerinden olu\u015fan y&uuml;r&uuml;y&uuml;\u015f korteji, Kolej Kav\u015fa\u011f&rsquo;na saat 13.00 s\u0131ralar\u0131nda, &ldquo;Kar, boran, f\u0131rt\u0131na, i\u015fte geldik Ankara&rdquo;, &ldquo;AKP yasan\u0131 al ba\u015f\u0131na &ccedil;al&rdquo; sloganlar\u0131 ile girdi. Ankaral\u0131 emek&ccedil;ilerle alk\u0131\u015f ve sloganlarla bulu\u015fan y&uuml;r&uuml;y&uuml;\u015f&ccedil;&uuml;ler, kav\u015fakta polis barikat\u0131 taraf\u0131ndan durduruldu. <\/p>\n<p><strong>Milletvekilleri destek verdi<\/strong> <br \/>DTP&rsquo;den &Ouml;zdal &Uuml;&ccedil;er, Sevahir Bay\u0131nd\u0131r ve \u0130brahim Binici, &Ouml;DP Genel Ba\u015fkan\u0131 ve \u0130stanbul Milletvekili Ufuk Uras, CHP&rsquo;den Cevdet Sevli ba\u015fkanl\u0131\u011f\u0131nda bir grup milletvekili ile DSP&rsquo;den Hasan Macit&rsquo;in de kat\u0131larak destek verdi\u011fi y&uuml;r&uuml;y&uuml;\u015f korteji &uuml;&ccedil; saate yak\u0131n barikat &ouml;n&uuml;nde bekletildi. 8 sendika ve meslek &ouml;rg&uuml;t&uuml;n&uuml;n eylemine ayr\u0131ca PSAKD Genel Ba\u015fkan\u0131 Kaz\u0131m Gen&ccedil;, EMEP Genel Ba\u015fkan Yard\u0131mc\u0131s\u0131 Haydar Kaya, Harb-\u0130\u015f Genel Ba\u015fkan\u0131 Ahmet Kalfa ve y&ouml;neticiler, T&uuml;rk-\u0130\u015f&rsquo;e ba\u011fl\u0131 sendikalar\u0131n Ankara \u015fubeleri, Ankara 78&rsquo;liler Derne\u011fi Ba\u015fkan\u0131 Ru\u015fen S&uuml;mb&uuml;lo\u011flu, Ankara&rsquo;daki &ccedil;ok say\u0131da emek ve meslek, demokratik kitle &ouml;rg&uuml;tleri y&ouml;neticileri de kat\u0131ld\u0131. <\/p>\n<p>Y&uuml;r&uuml;y&uuml;\u015f s\u0131ras\u0131nda s\u0131k s\u0131k &ldquo;Birle\u015fe, birle\u015fe kazanaca\u011f\u0131z&rdquo;, &ldquo;Zafer direnen emek&ccedil;inin olacak&rdquo;, &ldquo;Barikat kalks\u0131n, y&uuml;r&uuml;y&uuml;\u015f ba\u015flas\u0131n&rdquo;, &ldquo;Emek&ccedil;iye de\u011fil, IMF&rsquo;ye barikat&rdquo;, &ldquo;Sa\u011fl\u0131k hakt\u0131r, sat\u0131lamaz&rdquo; sloganlar\u0131 at\u0131l\u0131rken, &ouml;nlerine kurulan polis barikat\u0131n\u0131n, iktidar\u0131n emek&ccedil;iden korktu\u011funun g&ouml;stergesi oldu\u011fu ifade edildi. &ldquo;Kendi emek&ccedil;isinden, yurtta\u015f\u0131ndan korkan iktidar olabilir mi?&rdquo; sorusu kat\u0131l\u0131mc\u0131lar taraf\u0131ndan alk\u0131\u015flar ve \u0131sl\u0131klarla, &ldquo;G&uuml;n gelecek, devran d&ouml;necek, AKP emek&ccedil;iye hesap verecek&rdquo; slogan\u0131 ile kar\u015f\u0131land\u0131. Ayr\u0131ca, Ankara valisi ile polis de protesto edildi. <br \/>Polisin &ldquo;yasal olmad\u0131\u011f\u0131&rdquo; y&ouml;n&uuml;nde uyar\u0131 yapt\u0131\u011f\u0131 eylemde barikat arkas\u0131ndaki bekleyi\u015f saat 15.00 s\u0131ralar\u0131nda sona erdi. Polisle yap\u0131lan g&ouml;r&uuml;\u015fmeler sonunda y&uuml;r&uuml;y&uuml;\u015f&ccedil;&uuml;ler Ziya G&ouml;kalp Caddesi&rsquo;ne y&uuml;r&uuml;d&uuml;. Polis barikat\u0131 da Ziya G&ouml;kalp Caddesi&rsquo;nin K\u0131z\u0131lay giri\u015fine &ccedil;ekildi. <\/p>\n<p><strong>&lsquo;H&uuml;k&uuml;mete meydan okuyoruz&rsquo;<\/strong> <br \/>Ziya G&ouml;kalp Caddesi&rsquo;nde barikat &ouml;n&uuml;nde a&ccedil;\u0131klama yapan D\u0130SK Genel Ba\u015fkan\u0131 S&uuml;leyman &Ccedil;elebi, yasan\u0131n y\u0131k\u0131m yasas\u0131 oldu\u011funu vurgulayarak, tasar\u0131ya kar\u015f\u0131 b&uuml;t&uuml;n sendikalar\u0131n meslek &ouml;rg&uuml;tleri ve siyasi partileri &ldquo;birlikte hareket etmeye&rdquo; &ccedil;a\u011f\u0131rd\u0131. Tasar\u0131 ile halk\u0131n emeklilik, sa\u011fl\u0131k ve sosyal g&uuml;vence hakk\u0131n\u0131n elinden al\u0131naca\u011f\u0131n\u0131 kaydeden &Ccedil;elebi, tasar\u0131n\u0131n IMF, D&uuml;nya Bankas\u0131 talimatlar\u0131yla hayata ge&ccedil;irilmeye &ccedil;al\u0131\u015f\u0131ld\u0131\u011f\u0131n\u0131 belirterek, &ldquo;H&uuml;k&uuml;mete meydan okuyoruz. Hodri meydan. Sonuna kadar m&uuml;cadele edece\u011fiz ve yasay\u0131 geri &ccedil;ektirip iptal ettirece\u011fiz&rdquo; dedi. <\/p>\n<p>TTB Ba\u015fkan\u0131 Gen&ccedil;ay G&uuml;rsoy da \u015fimdiye kadar h&uuml;k&uuml;metle ve &Ccedil;al\u0131\u015fma Bakanl\u0131\u011f\u0131 ile g&ouml;r&uuml;\u015ferek yasan\u0131n halka yans\u0131mas\u0131n\u0131 anlatmaya &ccedil;al\u0131\u015ft\u0131klar\u0131n\u0131 s&ouml;yledi. Bu g&ouml;r&uuml;\u015fmelerde sadece ele\u015ftiri de\u011fil, proje de sunduklar\u0131n\u0131 vurgulayan G&uuml;rsoy, &ldquo;Ama bizi dinlemediler. Biz de kitlelerle birlikte sokaktay\u0131z, \u015fimdi ise kar\u015f\u0131m\u0131zda barikatlar var. Ama hi&ccedil;bir zaman m&uuml;cadeleden vazge&ccedil;meyece\u011fiz&rdquo; dedi. H&uuml;k&uuml;met s&ouml;zc&uuml;lerinin ve Ba\u015fbakan&rsquo;\u0131n sosyal g&uuml;venlik sistemini s\u0131k s\u0131k &ldquo;karadelik&rdquo; olarak niteledi\u011fini bildiren G&uuml;rsoy, &ldquo;S&ouml;z&uuml;n&uuml; ettikleri karadelik sosyal devlettir, bu karadelik kapanmamal\u0131d\u0131r. Bunu kapatacaklar\u0131n\u0131 s&ouml;yleyerek bir yasa &ccedil;\u0131kart\u0131yorlar, ama bununla birlikte sa\u011fl\u0131k ve sosyal g&uuml;venlik harcamalar\u0131 daha fazla artacak ve delik daha da b&uuml;y&uuml;yecek&rdquo; dedi. <\/p>\n<p>G&uuml;rsoy, yasaya kar\u015f\u0131 olan b&uuml;t&uuml;n emek&ccedil;ileri birlikte hareket etmeye &ccedil;a\u011f\u0131rd\u0131. <\/p>\n<p>KESK Genel Sekreteri Abdurrahman Da\u015fdemir de &ldquo;D&uuml;n yasalar\u0131 nas\u0131l geri p&uuml;sk&uuml;rtt&uuml;ysek bug&uuml;n yasa ile birlikte yasay\u0131 &ccedil;\u0131kartanlar\u0131 da geri p&uuml;sk&uuml;rtece\u011fiz&rdquo; diye konu\u015ftu. <\/p>\n<p>Konu\u015fmalar\u0131n ard\u0131ndan y&uuml;r&uuml;y&uuml;\u015f&ccedil;&uuml;lerin Meclis&rsquo;e gitmelerine izin verilmedi. Sadece &ldquo;heyet&rdquo; olarak gidilebilece\u011finin belirtilmesi &uuml;zerine y&uuml;r&uuml;y&uuml;\u015f&ccedil;&uuml;ler, &ldquo;Birlikte geldik, Meclis&rsquo;e de birlikte gidece\u011fiz&rdquo; diye heyetle Meclis&rsquo;e gidilmesi &ouml;nerisini kabul etmediler. <br \/>Y&uuml;r&uuml;y&uuml;\u015f ve eylem, &ldquo;M&uuml;cadelenin s&uuml;rece\u011fi&rdquo; mesaj\u0131 ile sona erdi. (Ankara\/EVRENSEL) <\/p>\n<hr \/>\n<p><strong>Petrol-\u0130\u015f&rsquo;ten genel grev &ccedil;a\u011fr\u0131s\u0131<\/strong> <\/p>\n<p>Petrol-\u0130\u015f Genel Ba\u015fkan\u0131 Mustafa &Ouml;zta\u015fk\u0131n, Sosyal G&uuml;venlik Reformu Yasa Tasar\u0131s\u0131&rsquo;na ve k\u0131dem tazminatlar\u0131n\u0131n kald\u0131r\u0131lmak istenmesine kar\u015f\u0131, T&uuml;rk-\u0130\u015f&rsquo;in genel grev karar\u0131 almas\u0131 gerekti\u011fini bildirdi. <br \/>Antalya&rsquo;n\u0131n Kemer il&ccedil;esinde sendikan\u0131n Ba\u015fkanlar Kurulu&rsquo;nda konu\u015fan &Ouml;zta\u015fk\u0131n, AKP iktidar\u0131n\u0131n sermayenin &ccedil;\u0131karlar\u0131n\u0131 merkeze koyan h&uuml;k&uuml;met program\u0131 do\u011frultusunda siyaset izledi\u011fini, toplumsal uzla\u015fma g&ouml;zeten bir &ccedil;izgiden uzak g&ouml;r&uuml;nt&uuml; verdi\u011fini dile getirdi. <\/p>\n<p>Yap\u0131lmak istenen yeni anayasa ile T&uuml;rkiye&rsquo;de neoliberal ideolojiye sahip yeni bir d&ouml;nemin hukuki ve siyasi yap\u0131s\u0131n\u0131n temelinin at\u0131ld\u0131\u011f\u0131n\u0131 belirten &Ouml;zta\u015fk\u0131n, &ldquo;Boh&ccedil;aya &ccedil;evrilen 12 Eyl&uuml;l Anayasas\u0131&rsquo;n\u0131n de\u011fi\u015fmesini elbette istiyoruz. Demokrasinin ve hukuk devletinin temel ilke olarak al\u0131nd\u0131\u011f\u0131, laiklik ve sosyal devlet ilkesinin korundu\u011fu, ba\u015fta &ccedil;al\u0131\u015fanlar\u0131nki olmak &uuml;zere hak ve &ouml;zg&uuml;rl&uuml;klerin g&uuml;vence alt\u0131na al\u0131nd\u0131\u011f\u0131 yeni bir anayasa istiyoruz&rdquo; diye konu\u015ftu. <\/p>\n<p><strong>Grev haz\u0131rl\u0131klar\u0131 ba\u015flamal\u0131<\/strong> <br \/>AKP H&uuml;k&uuml;meti&rsquo;nin emek&ccedil;ilerin elinde kalan son kazan\u0131mlara da g&ouml;z dikti\u011fini, h&uuml;k&uuml;metin 2008&rsquo;in ilk g&uuml;nlerinde, eme\u011fe sald\u0131r\u0131 paketlerini arka arkaya kamuoyuna duyurmaya ba\u015flad\u0131\u011f\u0131n\u0131 belirten &Ouml;zta\u015fk\u0131n, &ldquo;Sosyal G&uuml;venlik Yasa Tasar\u0131s\u0131&rsquo;na ve k\u0131dem tazminatlar\u0131n\u0131n geri al\u0131nmas\u0131na kar\u015f\u0131, T&uuml;rk-\u0130\u015f genel grev karar\u0131 almal\u0131d\u0131r&rdquo; diye konu\u015ftu. <br \/>&Ouml;zta\u015fk\u0131n, &ldquo;\u0130stihdam\u0131 art\u0131rma gerek&ccedil;esiyle i\u015f&ccedil;i s\u0131n\u0131f\u0131n\u0131n en temel kazan\u0131mlar\u0131 elinden al\u0131nmak isteniyor. \u0130stihdam &uuml;zerindeki y&uuml;k&uuml;n vergi ve prim indirimiyle sa\u011flanmas\u0131 yerine k\u0131dem tazminat\u0131m\u0131z\u0131n elimizden al\u0131nmak istenmesi ve \u0130\u015fsizlik Sigortas\u0131 Fonu&rsquo;ndaki birikimin sermayeye kaynak olarak aktar\u0131lmas\u0131 giri\u015fimlerine kar\u015f\u0131 konfederasyonumuz T&uuml;rk-\u0130\u015f, genel kurulunda al\u0131nan karar gere\u011fi ad\u0131 ister genel grev, ister genel direni\u015f olsun mutlaka en etkili eylemin karar\u0131 almal\u0131d\u0131r&rdquo; diye konu\u015ftu. PETK\u0130M&rsquo;in &ouml;zelle\u015ftirme s&uuml;recine de de\u011finen &Ouml;zta\u015fk\u0131n, &ouml;zelle\u015ftirmeye kar\u015f\u0131 verdikleri kararl\u0131 m&uuml;cadelenin devam edece\u011fini ifade etti. <\/p>\n<p>Kaynak: Evrensel<\/p>\n","protected":false},"excerpt":{"rendered":"<p>&lsquo;Herkese Sa\u011fl\u0131k ve G&uuml;venli Gelecek&rsquo; i&ccedil;in \u0130stanbul ve \u0130zmir&rsquo;den Ankara&rsquo;ya gelen emek&ccedil;ilerin Meclis&rsquo;e y&uuml;r&uuml;mesine izin verilmediMilyonlarca emek&ccedil;inin sa\u011fl\u0131k ve sosyal&#46;&#46;&#46;<\/p>\n","protected":false},"author":1,"featured_media":0,"comment_status":"closed","ping_status":"closed","sticky":false,"template":"","format":"standard","meta":{"_jetpack_memberships_contains_paid_content":false,"footnotes":""},"categories":[1],"tags":[],"class_list":["post-3348","post","type-post","status-publish","format-standard","hentry","category-ced"],"aioseo_notices":[],"jetpack_featured_media_url":"","jetpack_sharing_enabled":true,"jetpack-related-posts":[],"_links":{"self":[{"href":"http:\/\/www.ced.org.tr\/index.php?rest_route=\/wp\/v2\/posts\/3348","targetHints":{"allow":["GET"]}}],"collection":[{"href":"http:\/\/www.ced.org.tr\/index.php?rest_route=\/wp\/v2\/posts"}],"about":[{"href":"http:\/\/www.ced.org.tr\/index.php?rest_route=\/wp\/v2\/types\/post"}],"author":[{"embeddable":true,"href":"http:\/\/www.ced.org.tr\/index.php?rest_route=\/wp\/v2\/users\/1"}],"replies":[{"embeddable":true,"href":"http:\/\/www.ced.org.tr\/index.php?rest_route=%2Fwp%2Fv2%2Fcomments&post=3348"}],"version-history":[{"count":0,"href":"http:\/\/www.ced.org.tr\/index.php?rest_route=\/wp\/v2\/posts\/3348\/revisions"}],"wp:attachment":[{"href":"http:\/\/www.ced.org.tr\/index.php?rest_route=%2Fwp%2Fv2%2Fmedia&parent=3348"}],"wp:term":[{"taxonomy":"category","embeddable":true,"href":"http:\/\/www.ced.org.tr\/index.php?rest_route=%2Fwp%2Fv2%2Fcategories&post=3348"},{"taxonomy":"post_tag","embeddable":true,"href":"http:\/\/www.ced.org.tr\/index.php?rest_route=%2Fwp%2Fv2%2Ftags&post=3348"}],"curies":[{"name":"wp","href":"https:\/\/api.w.org\/{rel}","templated":true}]}}