{"id":3350,"date":"2008-01-23T11:53:42","date_gmt":"2008-01-23T09:53:42","guid":{"rendered":"http:\/\/www.ced.org.tr\/?p=3350"},"modified":"2008-01-23T11:53:42","modified_gmt":"2008-01-23T09:53:42","slug":"baska-bir-dunya-icin-hep-birlikte-eyleme","status":"publish","type":"post","link":"http:\/\/www.ced.org.tr\/?p=3350","title":{"rendered":"! BA\u015eKA B\u0130R D\u00dcNYA \u0130\u00c7\u0130N HEP B\u0130RL\u0130KTE EYLEME !"},"content":{"rendered":"<p><span style=\"font-size: 9pt\"><font color=\"#000000\"><font face=\"Times New Roman\"><font size=\"3\"><\/p>\n<p style=\"margin: 6pt 0cm 0pt; text-align: center\" class=\"MsoNormal\" align=\"center\"><strong><span style=\"font-size: 14pt; color: red\">! BA\u015eKA B\u0130R D&Uuml;NYA \u0130&Ccedil;\u0130N HEP B\u0130RL\u0130KTE EYLEME !<\/span><\/strong>&nbsp;<\/p>\n<p><\/font><\/p>\n<p style=\"margin: 6pt 0cm 0pt; text-align: center\" class=\"MsoNormal\" align=\"center\"><font size=\"3\">Farkl\u0131l\u0131klar\u0131m\u0131z ve &ccedil;oklu\u011fumuzun,<\/font><\/p>\n<p style=\"margin: 6pt 0cm 0pt; text-align: center\" class=\"MsoNormal\" align=\"center\"><font size=\"3\">alternatiflerimiz ve &ouml;nerilerimizin zenginli\u011fiyle;<\/font><\/p>\n<p style=\"margin: 6pt 0cm 0pt; text-align: center\" class=\"MsoNormal\" align=\"center\"><font size=\"3\">\u015fiddet, <strong>s&ouml;m&uuml;r&uuml;<\/strong>, ayr\u0131mc\u0131l\u0131k, <strong>yoksulluk<\/strong>, a&ccedil;l\u0131k, <strong>&ccedil;evre felaketi<\/strong> ve halklar\u0131 insan haklar\u0131ndan yoksun b\u0131rakan neoliberalizme,<\/font><\/p>\n<p style=\"margin: 6pt 0cm 0pt; text-align: center\" class=\"MsoNormal\" align=\"center\"><font size=\"3\"><strong>sava\u015fa<\/strong>, s&ouml;m&uuml;rgecili\u011fe, <strong>\u0131rk&ccedil;\u0131l\u0131\u011fa<\/strong> ve patriyarkaya kar\u015f\u0131 m&uuml;cadele i&ccedil;in,<\/font><\/p>\n<p align=\"center\"><strong><font size=\"3\">Ba\u015fka bir d&uuml;nyay\u0131 m&uuml;mk&uuml;n k\u0131lmak i&ccedil;in<\/font><\/strong> <\/p>\n<p style=\"margin: 6pt 0cm 0pt; text-align: center\" class=\"MsoNormal\" align=\"center\"><font size=\"3\">D&uuml;nya Sosyal Forumu&rsquo;nun k&uuml;resel eylem &ccedil;a\u011fr\u0131s\u0131yla d&uuml;nyayla birlikte alanlarday\u0131z.<\/font><\/p>\n<p align=\"center\"><strong><font size=\"3\">26 Ocak Cumartesi g&uuml;n&uuml;, saat 12.00&rsquo;de<\/font><\/strong><\/p>\n<p align=\"center\"><strong><span style=\"font-size: 14pt; color: red\">\u0130stanbul&#39;da Taksim Gezi Park\u0131&#39;nda<\/span><\/strong><\/p>\n<p align=\"center\"><strong><span style=\"font-size: 14pt\">Ankara&#39;da Y&uuml;ksel Caddesi&#39;nde<\/span><\/strong><\/p>\n<p align=\"center\"><strong><span style=\"font-size: 14pt; color: red\">\u0130zmir&#39;de G&uuml;ndo\u011fdu Meydan\u0131&#39;nda<\/span><\/strong><\/p>\n<p align=\"center\"><strong><span style=\"font-size: 14pt\">Adana&#39;da \u0130n&ouml;n&uuml; Park\u0131&#39;nda<\/span><\/strong><\/p>\n<p align=\"center\"><strong><span style=\"color: red\"><font size=\"3\">! BA\u015eKA B\u0130R D&Uuml;NYA \u0130&Ccedil;\u0130N HEP B\u0130RL\u0130KTE EYLEME !*<\/font><\/span><\/strong><strong><span style=\"color: red\"><font size=\"3\">&nbsp;<\/font><\/span><\/strong><\/p>\n<p align=\"center\"><strong><\/strong><\/p>\n<p><strong><font size=\"3\">K&uuml;resel Bar\u0131\u015f ve Adalet Koalisyonu<\/font><\/strong><\/p>\n<p><strong><font size=\"3\">&nbsp;<\/font><\/strong><span style=\"font-size: 11pt\">Tel: (0212) 243 8957<\/span><\/p>\n<p><span style=\"font-size: 11pt\"><a href=\"http:\/\/www.kureselbarisveadalet.org\/\"><u><font color=\"#800080\">www.kureselbarisveadalet.org<\/font><\/u><\/a>&nbsp;<\/span><\/p>\n<p><font size=\"3\">&nbsp;<\/font><span style=\"font-size: 9pt\">* Bas\u0131n A&ccedil;\u0131klamas\u0131, T&uuml;rkiye Sosyal Forumu bile\u015fenlerinden TMMOB \u0130KK taraf\u0131ndan yap\u0131lacakt\u0131r.&nbsp;<\/span> <\/p>\n<p style=\"margin: 6pt 0cm 0pt; text-align: center\" class=\"MsoNormal\" align=\"center\">&nbsp;<\/p>\n<p><\/font><\/font><\/span><\/p>\n","protected":false},"excerpt":{"rendered":"<p>! BA\u015eKA B\u0130R D&Uuml;NYA \u0130&Ccedil;\u0130N HEP B\u0130RL\u0130KTE EYLEME !&nbsp; Farkl\u0131l\u0131klar\u0131m\u0131z ve &ccedil;oklu\u011fumuzun, alternatiflerimiz ve &ouml;nerilerimizin zenginli\u011fiyle; \u015fiddet, s&ouml;m&uuml;r&uuml;, ayr\u0131mc\u0131l\u0131k, yoksulluk,&#46;&#46;&#46;<\/p>\n","protected":false},"author":1,"featured_media":0,"comment_status":"closed","ping_status":"closed","sticky":false,"template":"","format":"standard","meta":{"_jetpack_memberships_contains_paid_content":false,"footnotes":""},"categories":[1],"tags":[],"class_list":["post-3350","post","type-post","status-publish","format-standard","hentry","category-ced"],"aioseo_notices":[],"jetpack_featured_media_url":"","jetpack_sharing_enabled":true,"jetpack-related-posts":[],"_links":{"self":[{"href":"http:\/\/www.ced.org.tr\/index.php?rest_route=\/wp\/v2\/posts\/3350","targetHints":{"allow":["GET"]}}],"collection":[{"href":"http:\/\/www.ced.org.tr\/index.php?rest_route=\/wp\/v2\/posts"}],"about":[{"href":"http:\/\/www.ced.org.tr\/index.php?rest_route=\/wp\/v2\/types\/post"}],"author":[{"embeddable":true,"href":"http:\/\/www.ced.org.tr\/index.php?rest_route=\/wp\/v2\/users\/1"}],"replies":[{"embeddable":true,"href":"http:\/\/www.ced.org.tr\/index.php?rest_route=%2Fwp%2Fv2%2Fcomments&post=3350"}],"version-history":[{"count":0,"href":"http:\/\/www.ced.org.tr\/index.php?rest_route=\/wp\/v2\/posts\/3350\/revisions"}],"wp:attachment":[{"href":"http:\/\/www.ced.org.tr\/index.php?rest_route=%2Fwp%2Fv2%2Fmedia&parent=3350"}],"wp:term":[{"taxonomy":"category","embeddable":true,"href":"http:\/\/www.ced.org.tr\/index.php?rest_route=%2Fwp%2Fv2%2Fcategories&post=3350"},{"taxonomy":"post_tag","embeddable":true,"href":"http:\/\/www.ced.org.tr\/index.php?rest_route=%2Fwp%2Fv2%2Ftags&post=3350"}],"curies":[{"name":"wp","href":"https:\/\/api.w.org\/{rel}","templated":true}]}}