{"id":3351,"date":"2008-01-23T16:53:57","date_gmt":"2008-01-23T14:53:57","guid":{"rendered":"http:\/\/www.ced.org.tr\/?p=3351"},"modified":"2008-01-23T16:53:57","modified_gmt":"2008-01-23T14:53:57","slug":"ugur-mumcuyu-aniyoruz","status":"publish","type":"post","link":"http:\/\/www.ced.org.tr\/?p=3351","title":{"rendered":"U\u011eUR MUMCU&#8217;YU ANIYORUZ"},"content":{"rendered":"<p>&nbsp;<\/p>\n<h2 align=\"center\">&nbsp;&Ouml;l&uuml;m&uuml;n&uuml;n 15. y\u0131l\u0131nda sayg\u0131 ve &ouml;zlem ile an\u0131yoruz.&nbsp;<\/h2>\n<div style=\"text-align: center\"><img loading=\"lazy\" decoding=\"async\" src=\"images\/stories\/belgeler\/ugur_mumcu.jpg\" border=\"0\" alt=\"u\u011fur mumcu\" title=\"u\u011fur mumcu\" width=\"300\" height=\"481\" \/><\/div>\n<div style=\"text-align: center\">\n<p style=\"margin: 0cm 0cm 0pt\" class=\"MsoNormal\"><font face=\"Times New Roman\" size=\"3\" color=\"#000000\">&Uuml;lkenin ba\u011f\u0131ms\u0131zl\u0131\u011f\u0131, halk\u0131n &ouml;zg&uuml;rl&uuml;\u011f&uuml; i&ccedil;in yi\u011fit&ccedil;e m&uuml;cadele etti. Adaletsiz, vurguncu s&ouml;m&uuml;r&uuml; d&uuml;zenine, yurtsever bir gazeteci yazar olarak kar\u015f\u0131 &ccedil;\u0131kt\u0131.<span>&nbsp; <\/span>On be\u015f y\u0131l &ouml;nce &ccedil;\u0131karlar\u0131 bozulan hainlerin kalle\u015f&ccedil;e d&uuml;zenledi\u011fi bombal\u0131 bir suikast sonucu aram\u0131zdan ayr\u0131ld\u0131. <\/font><\/p>\n<p style=\"margin: 0cm 0cm 0pt\" class=\"MsoNormal\"><font face=\"Times New Roman\" size=\"3\" color=\"#000000\">U\u011eUR MUMCU&rsquo;YU sayg\u0131 ile an\u0131yoruz.<\/font>&nbsp;<\/p>\n<\/div>\n<p style=\"margin: 0cm 0cm 0pt\" class=\"MsoNormal\">&nbsp;<\/p>\n<p><a href=\"images\/stories\/belgeler\/ugur_mumcu_yazisi.jpg\" target=\"_blank\" title=\"Yaz\u0131y\u0131 b&uuml;y&uuml;tmek i&ccedil;in t\u0131klay\u0131n\u0131z\"><img loading=\"lazy\" decoding=\"async\" src=\"images\/stories\/belgeler\/ugur_mumcu_yazisi.jpg\" border=\"0\" alt=\"u\u011fur mumcu yaz\u0131s\u0131\" title=\"YAZIYI B&Uuml;Y&Uuml;TMEK \u0130&Ccedil;\u0130N TIKLAYINIZ\" width=\"458\" height=\"461\" \/><\/a><\/p>\n","protected":false},"excerpt":{"rendered":"<p>&nbsp; &nbsp;&Ouml;l&uuml;m&uuml;n&uuml;n 15. y\u0131l\u0131nda sayg\u0131 ve &ouml;zlem ile an\u0131yoruz.&nbsp; &Uuml;lkenin ba\u011f\u0131ms\u0131zl\u0131\u011f\u0131, halk\u0131n &ouml;zg&uuml;rl&uuml;\u011f&uuml; i&ccedil;in yi\u011fit&ccedil;e m&uuml;cadele etti. Adaletsiz, vurguncu s&ouml;m&uuml;r&uuml;&#46;&#46;&#46;<\/p>\n","protected":false},"author":1,"featured_media":0,"comment_status":"closed","ping_status":"closed","sticky":false,"template":"","format":"standard","meta":{"_jetpack_memberships_contains_paid_content":false,"footnotes":""},"categories":[1],"tags":[],"class_list":["post-3351","post","type-post","status-publish","format-standard","hentry","category-ced"],"aioseo_notices":[],"jetpack_featured_media_url":"","jetpack_sharing_enabled":true,"jetpack-related-posts":[],"_links":{"self":[{"href":"http:\/\/www.ced.org.tr\/index.php?rest_route=\/wp\/v2\/posts\/3351","targetHints":{"allow":["GET"]}}],"collection":[{"href":"http:\/\/www.ced.org.tr\/index.php?rest_route=\/wp\/v2\/posts"}],"about":[{"href":"http:\/\/www.ced.org.tr\/index.php?rest_route=\/wp\/v2\/types\/post"}],"author":[{"embeddable":true,"href":"http:\/\/www.ced.org.tr\/index.php?rest_route=\/wp\/v2\/users\/1"}],"replies":[{"embeddable":true,"href":"http:\/\/www.ced.org.tr\/index.php?rest_route=%2Fwp%2Fv2%2Fcomments&post=3351"}],"version-history":[{"count":0,"href":"http:\/\/www.ced.org.tr\/index.php?rest_route=\/wp\/v2\/posts\/3351\/revisions"}],"wp:attachment":[{"href":"http:\/\/www.ced.org.tr\/index.php?rest_route=%2Fwp%2Fv2%2Fmedia&parent=3351"}],"wp:term":[{"taxonomy":"category","embeddable":true,"href":"http:\/\/www.ced.org.tr\/index.php?rest_route=%2Fwp%2Fv2%2Fcategories&post=3351"},{"taxonomy":"post_tag","embeddable":true,"href":"http:\/\/www.ced.org.tr\/index.php?rest_route=%2Fwp%2Fv2%2Ftags&post=3351"}],"curies":[{"name":"wp","href":"https:\/\/api.w.org\/{rel}","templated":true}]}}