{"id":3355,"date":"2008-01-29T16:50:46","date_gmt":"2008-01-29T14:50:46","guid":{"rendered":"http:\/\/www.ced.org.tr\/?p=3355"},"modified":"2008-01-29T16:50:46","modified_gmt":"2008-01-29T14:50:46","slug":"birey-araclastiriliyor","status":"publish","type":"post","link":"http:\/\/www.ced.org.tr\/?p=3355","title":{"rendered":"Birey ara\u00e7la\u015ft\u0131r\u0131l\u0131yor"},"content":{"rendered":"<p><span style=\"font-size: 9pt; font-family: Arial\">Klinik ara\u015ft\u0131rmalarda toplum yarar\u0131n\u0131 bireyden &uuml;st&uuml;n tutan d&uuml;zenlemeler &ouml;ng&ouml;ren tasar\u0131da hamile, lo\u011fusa ya da emzikli kad\u0131nlar &uuml;zerinde t\u0131bbi denemeler yap\u0131labilece\u011fi belirtiliyor. T\u0131p Eti\u011fi ve T\u0131p Hukuku Derne\u011fi ile \u0130stanbul Tabip Odas\u0131, &ouml;nceki g&uuml;n Sa\u011fl\u0131k Bakanl\u0131\u011f\u0131&#39;n\u0131n AB mevzuat\u0131na uyum &ccedil;er&ccedil;evesinde haz\u0131rlad\u0131\u011f\u0131 Be\u015feri T\u0131bbi &Uuml;r&uuml;nlerin Klinik Ara\u015ft\u0131rmalar\u0131 Hakk\u0131nda Y&ouml;netmelik tasar\u0131s\u0131 hakk\u0131nda bir bas\u0131n toplant\u0131s\u0131 d&uuml;zenledi.<\/span><font face=\"Arial\" size=\"1\"><span style=\"font-size: 9pt; font-family: Arial\">\u0130stanbul Haber Servisi &#8211; T\u0131p Eti\u011fi ve T\u0131p Hukuku Derne\u011fi Y&ouml;netim Kurulu, &quot;Be\u015feri T\u0131bbi &Uuml;r&uuml;nlerin Klinik Ara\u015ft\u0131rmalar\u0131 Hakk\u0131nda Y&ouml;netmelik&quot; tasar\u0131s\u0131ndaki en temel yanl\u0131\u015fl\u0131\u011f\u0131n toplum yarar\u0131n\u0131 birey yarar\u0131ndan &uuml;st&uuml;n tutan 5. maddesi oldu\u011funa dikkat &ccedil;ekerek &quot;Bu madde, bireyin toplum yarar\u0131 hedefinde ara&ccedil;la\u015ft\u0131r\u0131lmas\u0131n\u0131n, evrensel etik ilkelerle belirlenmi\u015f s\u0131n\u0131rlar\u0131n &ccedil;ok &ouml;tesinde a\u011f\u0131r riskleri almak zorunda b\u0131rak\u0131lmas\u0131n\u0131n yolunu a&ccedil;maktad\u0131r&quot; denildi. T\u0131p Eti\u011fi ve T\u0131p Hukuku Derne\u011fi ile \u0130stanbul Tabip Odas\u0131, &ouml;nceki g&uuml;n Sa\u011fl\u0131k Bakanl\u0131\u011f\u0131&#39;n\u0131n AB mevzuat\u0131na uyum &ccedil;er&ccedil;evesinde haz\u0131rlad\u0131\u011f\u0131 Be\u015feri T\u0131bbi &Uuml;r&uuml;nlerin Klinik Ara\u015ft\u0131rmalar\u0131 Hakk\u0131nda Y&ouml;netmelik tasar\u0131s\u0131 hakk\u0131nda bir bas\u0131n toplant\u0131s\u0131 d&uuml;zenledi. Toplant\u0131da konu\u015fan T\u0131p Eti\u011fi ve T\u0131p Hukuku Derne\u011fi Y&ouml;netim Kurulu &uuml;yesi Do&ccedil;. Dr. Ar\u0131n Namal, tasla\u011f\u0131n 5. maddesinin ara\u015ft\u0131rmac\u0131ya y&uuml;ksek riskli ara\u015ft\u0131rmalar y&uuml;r&uuml;tme konusunda cesaret a\u015f\u0131layaca\u011f\u0131n\u0131 belirterek &quot;&Ccedil;ocuklar ve k\u0131s\u0131tl\u0131 ki\u015filer (zihinsel &ouml;z&uuml;rl&uuml;, komada, demans hastas\u0131 gibi) &uuml;zerinde y&uuml;r&uuml;t&uuml;lecek ara\u015ft\u0131rmalar ile &uuml;zerinde t\u0131bbi denemelerde bulunulacak &ccedil;ocu\u011fun ya da k\u0131s\u0131tl\u0131 ki\u015filerin yarar\u0131, toplumun yarar\u0131n\u0131n gerisinde konumland\u0131r\u0131lmaktad\u0131r. \u0130nsan denekler &uuml;zerinde y&uuml;r&uuml;t&uuml;len t\u0131bbi ara\u015ft\u0131rmalarda, dene\u011fin sa\u011fl\u0131\u011f\u0131 ve &ccedil;\u0131karlar\u0131, bilimin ve toplumun &ccedil;\u0131karlar\u0131n\u0131n gerisine itilemez&quot; dedi.<\/span><\/font><font face=\"Arial\" size=\"1\"><span style=\"font-size: 9pt; font-family: Arial\">&nbsp;<\/span><\/font> <\/p>\n<p class=\"MsoNormal\"><font face=\"Arial\" size=\"1\"><\/font><\/p>\n<p class=\"MsoNormal\"><font face=\"Arial\" size=\"1\"><span style=\"font-size: 9pt; font-family: Arial\">HAM\u0130LE VE LO\u011eUSALARDA R\u0130SK<\/span><\/font><\/p>\n<p><font face=\"Arial\" size=\"1\"><span style=\"font-size: 9pt; font-family: Arial\"><\/span><\/font>&nbsp;<font face=\"Arial\" size=\"1\"><span style=\"font-size: 9pt; font-family: Arial\">Tasar\u0131da hamile, lo\u011fusa ya da emzikli kad\u0131nlar &uuml;zerinde, sa\u011fl\u0131klar\u0131 bak\u0131m\u0131ndan ciddi risk olmad\u0131\u011f\u0131 s&uuml;rece t\u0131bbi denemelerde bulunulabilece\u011finin belirtildi\u011fini an\u0131msatan Namal, &quot;Bu grubun rutin tedavisi ve denenmi\u015f ila&ccedil;lar\u0131 varken &uuml;zerinde ara\u015ft\u0131rma yapmak &ccedil;ok tehlikeli olabilir. Ayr\u0131ca gebe, lo\u011fusa ve emzikliler &uuml;zerinde y&uuml;r&uuml;t&uuml;lecek t\u0131bbi denemelerde, ba\u015flang\u0131&ccedil;ta e\u015ften de onay al\u0131narak, ileride davac\u0131 olma hakk\u0131 da elinden al\u0131nm\u0131\u015f olmaktad\u0131r&quot; diye konu\u015ftu.<\/span><\/font><font face=\"Arial\" size=\"1\"><span style=\"font-size: 9pt; font-family: Arial\">&nbsp;<\/span><\/font> <\/p>\n<p class=\"MsoNormal\"><font face=\"Arial\" size=\"1\"><\/font><\/p>\n<p class=\"MsoNormal\"><font face=\"Arial\" size=\"1\"><span style=\"font-size: 9pt; font-family: Arial\">&#39;&Ouml;ZEL&#39;\u0130N GET\u0130RD\u0130\u011e\u0130 SAKINCALAR<\/span><\/font><\/p>\n<p><font face=\"Arial\" size=\"1\"><span style=\"font-size: 9pt; font-family: Arial\"><\/span><\/font>&nbsp;<font face=\"Arial\" size=\"1\"><span style=\"font-size: 9pt; font-family: Arial\">\u0130nsan &uuml;zerinde yap\u0131lan deneylerde evrensel etik ilkelerinden taviz verilmemesi gerekti\u011fini dile getiren Namal, ayr\u0131ca Sa\u011fl\u0131k Bakanl\u0131\u011f\u0131&#39;n\u0131n &uuml;niversite hastanelerinde kurulmu\u015f olan etik kurullar\u0131n\u0131n il sa\u011fl\u0131k m&uuml;d&uuml;rl&uuml;kleri b&uuml;nyesine kayd\u0131r\u0131laca\u011f\u0131n\u0131 an\u0131msatarak \u015f&ouml;yle devam etti: &quot;Bununla, klinik ara\u015ft\u0131rmalar\u0131n &ouml;zel hastanelerde y&uuml;r&uuml;t&uuml;lmesine izin verilmesine olanak verilecek ve &ouml;nemli sak\u0131ncalar da beraberinde gelecektir. &Uuml;niversiteler, siyasi atamalar\u0131n d\u0131\u015f\u0131nda olmak durumunda olan &ouml;zerk kurumlard\u0131r, insan &uuml;zerinde t\u0131bbi ara\u015ft\u0131rmalar\u0131n, insan\u0131n onuruna ve bedenine zarar vermeyece\u011fi \u015fekilde y&uuml;r&uuml;t&uuml;lmesini g&ouml;zetmek &uuml;zere olu\u015fturulan etik kurullar\u0131n &ouml;zerk yap\u0131s\u0131n\u0131n korumas\u0131 son derece &ouml;nemlidir. Etik kurullar\u0131n i&ccedil;inde projeleri inceleyen ara\u015ft\u0131rma etik kurullar\u0131nda sivil ki\u015filerin bir an &ouml;nce yer almas\u0131 gerekir.&quot;<\/span><\/font><font face=\"Arial\" size=\"1\"><span style=\"font-size: 9pt; font-family: Arial\">&nbsp;<\/span><\/font> <\/p>\n<p class=\"MsoNormal\"><font face=\"Arial\" size=\"1\"><\/font><\/p>\n<p class=\"MsoNormal\"><font face=\"Arial\" size=\"1\"><span style=\"font-size: 9pt; font-family: Arial\">ET\u0130KTE TEOLOGA YER YOK<\/span><\/font><\/p>\n<p><font face=\"Arial\" size=\"1\"><span style=\"font-size: 9pt; font-family: Arial\"><\/span><\/font>&nbsp; <\/p>\n<p class=\"MsoNormal\"><font face=\"Arial\" size=\"1\"><span style=\"font-size: 9pt; font-family: Arial\">T\u0131p Eti\u011fi ve T\u0131p Hukuku Derne\u011fi Ba\u015fkan\u0131 Prof. Dr. Ay\u015feg&uuml;l Demirhan Erdemir, etik kurullarda din adamlar\u0131n\u0131n olmas\u0131 y&ouml;n&uuml;ndeki tart\u0131\u015fmalarla ilgili olarak ise &quot;Bug&uuml;n Amerika&#39;da ve Avrupa&#39;da etik kurullarda teologlar bulunmaktad\u0131r. E\u011fer din adamlar\u0131 etik kurullarda yer alacaksa bu ki\u015filer &uuml;niversitelerdeki ayd\u0131n, demokrat, laik din adamlar\u0131, ilahiyat&ccedil;\u0131lar olmal\u0131d\u0131r&quot; a&ccedil;\u0131klamalar\u0131n\u0131 yapt\u0131. <\/span><\/font><strong><span style=\"font-weight: bold\">&nbsp;<\/span><\/strong><\/p>\n<p class=\"MsoNormal\"><strong><\/strong><\/p>\n<p class=\"MsoNormal\"><strong><span style=\"font-weight: bold\">(CUMHUR\u0130YET &ndash; 29.01.2008)<\/span><\/strong><\/p>\n","protected":false},"excerpt":{"rendered":"<p>Klinik ara\u015ft\u0131rmalarda toplum yarar\u0131n\u0131 bireyden &uuml;st&uuml;n tutan d&uuml;zenlemeler &ouml;ng&ouml;ren tasar\u0131da hamile, lo\u011fusa ya da emzikli kad\u0131nlar &uuml;zerinde t\u0131bbi denemeler yap\u0131labilece\u011fi&#46;&#46;&#46;<\/p>\n","protected":false},"author":1,"featured_media":0,"comment_status":"closed","ping_status":"closed","sticky":false,"template":"","format":"standard","meta":{"_jetpack_memberships_contains_paid_content":false,"footnotes":""},"categories":[1],"tags":[],"class_list":["post-3355","post","type-post","status-publish","format-standard","hentry","category-ced"],"aioseo_notices":[],"jetpack_featured_media_url":"","jetpack_sharing_enabled":true,"jetpack-related-posts":[],"_links":{"self":[{"href":"http:\/\/www.ced.org.tr\/index.php?rest_route=\/wp\/v2\/posts\/3355","targetHints":{"allow":["GET"]}}],"collection":[{"href":"http:\/\/www.ced.org.tr\/index.php?rest_route=\/wp\/v2\/posts"}],"about":[{"href":"http:\/\/www.ced.org.tr\/index.php?rest_route=\/wp\/v2\/types\/post"}],"author":[{"embeddable":true,"href":"http:\/\/www.ced.org.tr\/index.php?rest_route=\/wp\/v2\/users\/1"}],"replies":[{"embeddable":true,"href":"http:\/\/www.ced.org.tr\/index.php?rest_route=%2Fwp%2Fv2%2Fcomments&post=3355"}],"version-history":[{"count":0,"href":"http:\/\/www.ced.org.tr\/index.php?rest_route=\/wp\/v2\/posts\/3355\/revisions"}],"wp:attachment":[{"href":"http:\/\/www.ced.org.tr\/index.php?rest_route=%2Fwp%2Fv2%2Fmedia&parent=3355"}],"wp:term":[{"taxonomy":"category","embeddable":true,"href":"http:\/\/www.ced.org.tr\/index.php?rest_route=%2Fwp%2Fv2%2Fcategories&post=3355"},{"taxonomy":"post_tag","embeddable":true,"href":"http:\/\/www.ced.org.tr\/index.php?rest_route=%2Fwp%2Fv2%2Ftags&post=3355"}],"curies":[{"name":"wp","href":"https:\/\/api.w.org\/{rel}","templated":true}]}}