{"id":3357,"date":"2008-02-01T12:43:59","date_gmt":"2008-02-01T10:43:59","guid":{"rendered":"http:\/\/www.ced.org.tr\/?p=3357"},"modified":"2008-02-01T12:43:59","modified_gmt":"2008-02-01T10:43:59","slug":"subat-ayi-koli-teslimat-programi","status":"publish","type":"post","link":"http:\/\/www.ced.org.tr\/?p=3357","title":{"rendered":"\u015eubat Ay\u0131 Koli Teslimat Program\u0131"},"content":{"rendered":"<p><span style=\"font-size: 8pt; color: #444444; font-family: Verdana\">\u015eubat ay\u0131 koli teslimat\u0131 G&ouml;ztepe ar\u015fivinde a\u015fa\u011f\u0131daki programa g&ouml;re, t&uuml;m kurumlar i&ccedil;in birle\u015ftirilmi\u015f \u015fekilde yap\u0131lacakt\u0131r. Gereksiz y\u0131\u011f\u0131lman\u0131n olu\u015fmamas\u0131 i&ccedil;in programa uyulmas\u0131 zorunludur.<\/span><\/p>\n<div align=\"left\"><span style=\"font-size: 8pt; color: #444444; font-family: Verdana\">Koliler S&ouml;zle\u015fmeli Eczac\u0131 haricindeki ki\u015filerce de teslim edilebilir.<\/span><\/div>\n<p class=\"MsoNormal\" align=\"left\"><span style=\"font-size: 8pt; color: #444444; font-family: Verdana\"><br \/>Koli teslimat\u0131ndan &ouml;nce yap\u0131lmas\u0131 gereken i\u015flemler hakk\u0131nda ve koli teslimat\u0131nda dikkat edilecek hususlarla ilgili ilanlar\u0131m\u0131z dikkatlice okunmal\u0131 ve gerekleri yerine getirilmelidir.<\/span><\/p>\n<p class=\"MsoNormal\" align=\"left\"><span style=\"font-size: 8pt; color: #444444; font-family: Verdana\"><br \/>Koli teslim saatleri 09.00 &ndash; 16.00 saatleri aras\u0131nda olacakt\u0131r.<\/span><\/p>\n<p class=\"MsoNormal\" align=\"left\"><span style=\"font-size: 8pt; color: #444444; font-family: Verdana\"><br \/>Bilindi\u011fi &uuml;zere son d&ouml;nem re&ccedil;ete koli teslimat\u0131 eczanelere g&ouml;re ayr\u0131lm\u0131\u015f belirli g&uuml;nler dahilinde G&ouml;ztepe depomuz taraf\u0131ndan sorunsuz ve &ouml;nceki d&ouml;nemlere g&ouml;re daha az s\u0131k\u0131nt\u0131l\u0131 teslim al\u0131nmaktad\u0131r. <\/span><\/p>\n<p class=\"MsoNormal\" align=\"left\"><span style=\"font-size: 8pt; color: #444444; font-family: Verdana\"><br \/>T&uuml;m duyurular\u0131m\u0131za ra\u011fmen kolilerini taraf\u0131m\u0131zca duyurulan kriterlere uygun haz\u0131rlamayan S&ouml;zle\u015fmeli Eczanelerimiz nedeniyle istenmeyen gecikmeler olu\u015fabilmektedir. <\/span><\/p>\n<p class=\"MsoNormal\" align=\"left\"><span style=\"font-size: 8pt; color: #444444; font-family: Verdana\"><br \/>Bu nedenlerle ge&ccedil;mi\u015f d&ouml;nemlerde oldu\u011fu gibi bu d&ouml;nemde de teslim g&uuml;nlerine azami &ouml;zen g&ouml;stermeniz, kolilerinizi dikkatli ve eksiksiz haz\u0131rlaman\u0131z, G&ouml;ztepe Depomuzda sizlere hizmet veren personelimize yard\u0131mc\u0131 olman\u0131z\u0131 rica ederiz.<\/span><\/p>\n<p class=\"MsoNormal\" align=\"left\"><span style=\"font-size: 8pt; color: #444444; font-family: Verdana\"><br \/><strong><u><span style=\"font-family: Verdana\">1-4-5 \u015eUBAT (CUMA-PAZARTES\u0130-SALI)<\/span><\/u><\/strong> <\/span><\/p>\n<p class=\"MsoNormal\" align=\"left\"><span style=\"font-size: 8pt; color: #444444; font-family: Verdana\"><br \/>Bu tarihler aras\u0131nda herhangi bir k\u0131s\u0131tlama olmaks\u0131z\u0131n t&uuml;m s&ouml;zle\u015fmeli eczanelerimiz koli teslim edebileceklerdir.<\/span><\/p>\n<p class=\"MsoNormal\" align=\"left\"><span style=\"font-size: 8pt; color: #444444; font-family: Verdana\"><br \/><strong><u>6-<strong><span style=\"font-family: Verdana\">7-8-11-12 \u015eUBAT (&Ccedil;AR\u015eAMBA-PER\u015eEMBE-CUMA-PAZARTES\u0130-SALI)<\/span><\/strong><\/u><\/strong><\/span><\/p>\n<p class=\"MsoNormal\" align=\"left\"><span style=\"font-size: 8pt; color: #444444; font-family: Verdana\"><br \/>\u0130STANBUL ili s&ouml;zle\u015fmeli eczanelerimiz, bu tarihler aras\u0131nda 1834. ile ba\u015flayan Emekli Sand\u0131\u011f\u0131 sicil numaras\u0131n\u0131n son rakam\u0131na g&ouml;re kolilerini teslim edeceklerdir. <br \/>Kuyrukta bekleme s&uuml;resini k\u0131saltmak i&ccedil;in uyulmas\u0131 zorunlu tutulacakt\u0131r. Herhangi bir nedenle bu tarihlere uyamayacak olan eczanelerimiz kolilerini <strong><u>6-<strong><span style=\"font-family: Verdana\">7-8-11-12 \u015eUBAT <\/span><\/strong><\/u><\/strong>tarihlerinden birinde teslim etmelidirler. <\/span><\/p>\n<p class=\"MsoNormal\" align=\"left\"><span style=\"font-size: 8pt; color: #444444; font-family: Verdana\"><br \/><strong><u><span style=\"font-family: Verdana\">13-14 \u015eUBAT (&Ccedil;AR\u015eAMBA-PER\u015eEMBE)<\/span><\/u><\/strong><\/span><\/p>\n<p class=\"MsoNormal\" align=\"left\"><span style=\"font-size: 8pt; color: #444444; font-family: Verdana\"><br \/>Bu tarihler aras\u0131nda herhangi bir k\u0131s\u0131tlama olmaks\u0131z\u0131n t&uuml;m s&ouml;zle\u015fmeli eczanelerimiz koli teslim edebileceklerdir.<\/span><\/p>\n<p class=\"MsoNormal\" align=\"left\"><span style=\"font-size: 8pt; color: #444444; font-family: Verdana\"><br \/><strong><u><span style=\"font-family: Verdana\">15 \u015eUBAT (CUMA)<\/span><\/u><\/strong><\/span><\/p>\n<p class=\"MsoNormal\" align=\"left\"><span style=\"font-size: 8pt; color: #444444; font-family: Verdana\"><br \/>TRAKYA illeri s&ouml;zle\u015fme eczaneler teslim d&ouml;nemidir. Ancak ihtiya&ccedil; halinde k\u0131s\u0131tl\u0131 olarak \u0130stanbul ili s&ouml;zle\u015fmeli eczaneleri teslimat\u0131 da d&uuml;\u015f&uuml;n&uuml;lecektir.<\/span><\/p>\n<p class=\"MsoNormal\" align=\"left\">&nbsp;<\/p>\n<table border=\"0\" cellspacing=\"0\" cellpadding=\"0\" width=\"325\" style=\"width: 244pt; border-collapse: collapse\">\n<tbody>\n<tr height=\"29\" style=\"height: 21.75pt\">\n<td class=\"xl24\" width=\"132\" height=\"29\" style=\"padding-bottom: 0cm; width: 99pt; padding-top: 0cm; height: 21.75pt\">TESL\u0130MAT G&Uuml;N&Uuml;<\/td>\n<td class=\"xl24\" colspan=\"2\" width=\"193\" style=\"padding-bottom: 0cm; border-left: medium none; width: 145pt; padding-top: 0cm\">TESL\u0130MAT D&Uuml;ZEN\u0130<\/td>\n<\/tr>\n<tr height=\"17\" style=\"height: 12.75pt\">\n<td class=\"xl25\" width=\"132\" height=\"17\" style=\"border-top: medium none; padding-bottom: 0cm; width: 99pt; padding-top: 0cm; height: 12.75pt\">1 \u015eubat 2008<\/td>\n<td class=\"xl29\" colspan=\"2\" rowspan=\"3\" width=\"193\" style=\"padding-bottom: 0cm; width: 145pt; padding-top: 0cm\">K\u0131s\u0131tlamas\u0131z teslimat d&ouml;nemi<\/td>\n<\/tr>\n<tr height=\"17\" style=\"height: 12.75pt\">\n<td class=\"xl25\" width=\"132\" height=\"17\" style=\"border-top: medium none; padding-bottom: 0cm; width: 99pt; padding-top: 0cm; height: 12.75pt\">4 \u015eubat 2008<\/td>\n<\/tr>\n<tr height=\"17\" style=\"height: 12.75pt\">\n<td class=\"xl25\" width=\"132\" height=\"17\" style=\"border-top: medium none; padding-bottom: 0cm; width: 99pt; padding-top: 0cm; height: 12.75pt\">5 \u015eubat 2008<\/td>\n<\/tr>\n<tr height=\"17\" style=\"height: 12.75pt\">\n<td class=\"xl25\" width=\"132\" height=\"17\" style=\"border-top: medium none; padding-bottom: 0cm; width: 99pt; padding-top: 0cm; height: 12.75pt\">6 \u015eubat 2008<\/td>\n<td class=\"xl28\" width=\"64\" style=\"border-top: medium none; padding-bottom: 0cm; border-left: medium none; width: 48pt; padding-top: 0cm\">7-8<\/td>\n<td class=\"xl29\" rowspan=\"5\" width=\"129\" style=\"border-top: medium none; padding-bottom: 0cm; width: 97pt; padding-top: 0cm\">\u0130stanbul \u0130li Emekli Sand\u0131\u011f\u0131 Sicil numaras\u0131n\u0131n son rakam\u0131na g&ouml;re<\/td>\n<\/tr>\n<tr height=\"17\" style=\"height: 12.75pt\">\n<td class=\"xl25\" width=\"132\" height=\"17\" style=\"border-top: medium none; padding-bottom: 0cm; width: 99pt; padding-top: 0cm; height: 12.75pt\">7 \u015eubat 2008<\/td>\n<td class=\"xl28\" width=\"64\" style=\"border-top: medium none; padding-bottom: 0cm; border-left: medium none; width: 48pt; padding-top: 0cm\">5-6<\/td>\n<\/tr>\n<tr height=\"17\" style=\"height: 12.75pt\">\n<td class=\"xl25\" width=\"132\" height=\"17\" style=\"border-top: medium none; padding-bottom: 0cm; width: 99pt; padding-top: 0cm; height: 12.75pt\">8 \u015eubat 2008<\/td>\n<td class=\"xl28\" width=\"64\" style=\"border-top: medium none; padding-bottom: 0cm; border-left: medium none; width: 48pt; padding-top: 0cm\">4-3<\/td>\n<\/tr>\n<tr height=\"17\" style=\"height: 12.75pt\">\n<td class=\"xl25\" width=\"132\" height=\"17\" style=\"border-top: medium none; padding-bottom: 0cm; width: 99pt; padding-top: 0cm; height: 12.75pt\">11 \u015eubat 2008<\/td>\n<td class=\"xl28\" width=\"64\" style=\"border-top: medium none; padding-bottom: 0cm; border-left: medium none; width: 48pt; padding-top: 0cm\">2-1<\/td>\n<\/tr>\n<tr height=\"17\" style=\"height: 12.75pt\">\n<td class=\"xl25\" width=\"132\" height=\"17\" style=\"border-top: medium none; padding-bottom: 0cm; width: 99pt; padding-top: 0cm; height: 12.75pt\">12 \u015eubat 2008<\/td>\n<td class=\"xl28\" width=\"64\" style=\"border-top: medium none; padding-bottom: 0cm; border-left: medium none; width: 48pt; padding-top: 0cm\">9-0<\/td>\n<\/tr>\n<tr height=\"17\" style=\"height: 12.75pt\">\n<td class=\"xl25\" width=\"132\" height=\"17\" style=\"border-top: medium none; padding-bottom: 0cm; width: 99pt; padding-top: 0cm; height: 12.75pt\">13 \u015eubat 2008<\/td>\n<td class=\"xl29\" colspan=\"2\" rowspan=\"2\" width=\"193\" style=\"padding-bottom: 0cm; width: 145pt; padding-top: 0cm\">K\u0131s\u0131tlamas\u0131z teslimat d&ouml;nemi<\/td>\n<\/tr>\n<tr height=\"17\" style=\"height: 12.75pt\">\n<td class=\"xl25\" width=\"132\" height=\"17\" style=\"border-top: medium none; padding-bottom: 0cm; width: 99pt; padding-top: 0cm; height: 12.75pt\">14 \u015eubat 2008<\/td>\n<\/tr>\n<tr height=\"17\" style=\"height: 12.75pt\">\n<td class=\"xl26\" width=\"132\" height=\"17\" style=\"border-top: medium none; width: 99pt; height: 12.75pt\">15 \u015eubat 2008<\/td>\n<td class=\"xl27\" colspan=\"2\" width=\"193\" style=\"border-left: medium none; width: 145pt\">TRAKYA \u0130LLER\u0130<\/td>\n<\/tr>\n<\/tbody>\n<\/table>\n","protected":false},"excerpt":{"rendered":"<p>\u015eubat ay\u0131 koli teslimat\u0131 G&ouml;ztepe ar\u015fivinde a\u015fa\u011f\u0131daki programa g&ouml;re, t&uuml;m kurumlar i&ccedil;in birle\u015ftirilmi\u015f \u015fekilde yap\u0131lacakt\u0131r. Gereksiz y\u0131\u011f\u0131lman\u0131n olu\u015fmamas\u0131 i&ccedil;in programa&#46;&#46;&#46;<\/p>\n","protected":false},"author":1,"featured_media":0,"comment_status":"closed","ping_status":"closed","sticky":false,"template":"","format":"standard","meta":{"_jetpack_memberships_contains_paid_content":false,"footnotes":""},"categories":[1],"tags":[],"class_list":["post-3357","post","type-post","status-publish","format-standard","hentry","category-ced"],"aioseo_notices":[],"jetpack_featured_media_url":"","jetpack_sharing_enabled":true,"jetpack-related-posts":[],"_links":{"self":[{"href":"http:\/\/www.ced.org.tr\/index.php?rest_route=\/wp\/v2\/posts\/3357","targetHints":{"allow":["GET"]}}],"collection":[{"href":"http:\/\/www.ced.org.tr\/index.php?rest_route=\/wp\/v2\/posts"}],"about":[{"href":"http:\/\/www.ced.org.tr\/index.php?rest_route=\/wp\/v2\/types\/post"}],"author":[{"embeddable":true,"href":"http:\/\/www.ced.org.tr\/index.php?rest_route=\/wp\/v2\/users\/1"}],"replies":[{"embeddable":true,"href":"http:\/\/www.ced.org.tr\/index.php?rest_route=%2Fwp%2Fv2%2Fcomments&post=3357"}],"version-history":[{"count":0,"href":"http:\/\/www.ced.org.tr\/index.php?rest_route=\/wp\/v2\/posts\/3357\/revisions"}],"wp:attachment":[{"href":"http:\/\/www.ced.org.tr\/index.php?rest_route=%2Fwp%2Fv2%2Fmedia&parent=3357"}],"wp:term":[{"taxonomy":"category","embeddable":true,"href":"http:\/\/www.ced.org.tr\/index.php?rest_route=%2Fwp%2Fv2%2Fcategories&post=3357"},{"taxonomy":"post_tag","embeddable":true,"href":"http:\/\/www.ced.org.tr\/index.php?rest_route=%2Fwp%2Fv2%2Ftags&post=3357"}],"curies":[{"name":"wp","href":"https:\/\/api.w.org\/{rel}","templated":true}]}}