{"id":3364,"date":"2008-02-19T15:48:57","date_gmt":"2008-02-19T13:48:57","guid":{"rendered":"http:\/\/www.ced.org.tr\/?p=3364"},"modified":"2008-02-19T15:48:57","modified_gmt":"2008-02-19T13:48:57","slug":"gssye-karsi-eylem","status":"publish","type":"post","link":"http:\/\/www.ced.org.tr\/?p=3364","title":{"rendered":"GSS&#8217;YE KAR\u015eI EYLEM"},"content":{"rendered":"<p style=\"margin: 0cm 0cm 10pt; text-indent: 35.4pt\" class=\"MsoNormal\"><font face=\"Calibri\" size=\"3\" color=\"#000000\">TTB, TEB, T&uuml;rk Di\u015f Hekimleri Birli\u011fi, T&Uuml;RMOB ve &ccedil;ok say\u0131da sivil toplum &ouml;rg&uuml;t&uuml;n&uuml;n kat\u0131l\u0131m\u0131 ile &ldquo; B\u0130Z KAR\u015eI &Ccedil;IKARSAK YAPAMAZLAR&rdquo; ba\u015fl\u0131\u011f\u0131 ile 20 \u015eubat &Ccedil;ar\u015famba g&uuml;n&uuml; t&uuml;m illerde ortak eylem g&uuml;ndemde.<\/font><\/p>\n<p style=\"margin: 0cm 0cm 10pt\" class=\"MsoNormal\"><font size=\"3\"><font color=\"#000000\"><font face=\"Calibri\"><span>&nbsp;&nbsp;&nbsp;&nbsp;&nbsp;&nbsp;&nbsp;&nbsp;&nbsp;&nbsp;&nbsp;&nbsp;&nbsp;&nbsp;&nbsp; <\/span>AKP H&uuml;k&uuml;metinin sosyal g&uuml;venlik sisteminde &ldquo; Reform &ldquo; ad\u0131 alt\u0131nda meclisin g&uuml;ndemine ta\u015f\u0131d\u0131\u011f\u0131 Sosyal Sigortalar ve Genel Sa\u011fl\u0131k Sigortas\u0131 Yasa Tasar\u0131s\u0131:<\/font><\/font><\/font><\/p>\n<p style=\"margin: 0cm 0cm 0pt 36pt; text-indent: -18pt\" class=\"ListeParagrafCxSp\u0130lk\"><font color=\"#000000\"><span><span><font face=\"Calibri\" size=\"3\">&#8211;<\/font><span style=\"font: 7pt &#39;Times New Roman&#39;\">&nbsp;&nbsp;&nbsp;&nbsp;&nbsp;&nbsp;&nbsp;&nbsp; <\/span><\/span><\/span><font face=\"Calibri\"><font size=\"3\">Emeklilik ya\u015f\u0131n\u0131n 65&rsquo;<\/font><font size=\"3\">e &ccedil;\u0131kar\u0131lmas\u0131 <\/font><\/font><\/font><\/p>\n<p style=\"margin: 0cm 0cm 0pt 36pt; text-indent: -18pt\" class=\"ListeParagrafCxSpOrta\"><font color=\"#000000\"><span><span><font face=\"Calibri\" size=\"3\">&#8211;<\/font><span style=\"font: 7pt &#39;Times New Roman&#39;\">&nbsp;&nbsp;&nbsp;&nbsp;&nbsp;&nbsp;&nbsp;&nbsp; <\/span><\/span><\/span><font face=\"Calibri\" size=\"3\">Prim &ouml;deme s\u0131n\u0131r\u0131n\u0131n 9 bin g&uuml;ne y&uuml;kseltilmesi <\/font><\/font><\/p>\n<p style=\"margin: 0cm 0cm 0pt 36pt; text-indent: -18pt\" class=\"ListeParagrafCxSpOrta\"><font color=\"#000000\"><span><span><font face=\"Calibri\" size=\"3\">&#8211;<\/font><span style=\"font: 7pt &#39;Times New Roman&#39;\">&nbsp;&nbsp;&nbsp;&nbsp;&nbsp;&nbsp;&nbsp;&nbsp; <\/span><\/span><\/span><font face=\"Calibri\" size=\"3\">Emekli ayl\u0131\u011f\u0131 oranlar\u0131n\u0131n d&uuml;\u015f&uuml;r&uuml;lmesi<\/font><\/font><\/p>\n<p style=\"margin: 0cm 0cm 0pt 36pt; text-indent: -18pt\" class=\"ListeParagrafCxSpOrta\"><font color=\"#000000\"><span><span><font face=\"Calibri\" size=\"3\">&#8211;<\/font><span style=\"font: 7pt &#39;Times New Roman&#39;\">&nbsp;&nbsp;&nbsp;&nbsp;&nbsp;&nbsp;&nbsp;&nbsp; <\/span><\/span><\/span><font face=\"Calibri\" size=\"3\">Asgari &uuml;cretliden daha az kazan\u0131nda prim &ouml;deyecek olmas\u0131<\/font><\/font><\/p>\n<p style=\"margin: 0cm 0cm 0pt 36pt; text-indent: -18pt\" class=\"ListeParagrafCxSpOrta\"><font color=\"#000000\"><span><span><font face=\"Calibri\" size=\"3\">&#8211;<\/font><span style=\"font: 7pt &#39;Times New Roman&#39;\">&nbsp;&nbsp;&nbsp;&nbsp;&nbsp;&nbsp;&nbsp;&nbsp; <\/span><\/span><\/span><font face=\"Calibri\" size=\"3\">Yatarak tedavilere kat\u0131l\u0131m pay\u0131 getirilmesi<\/font><\/font><\/p>\n<p style=\"margin: 0cm 0cm 0pt 36pt; text-indent: -18pt\" class=\"ListeParagrafCxSpOrta\"><font color=\"#000000\"><span><span><font face=\"Calibri\" size=\"3\">&#8211;<\/font><span style=\"font: 7pt &#39;Times New Roman&#39;\">&nbsp;&nbsp;&nbsp;&nbsp;&nbsp;&nbsp;&nbsp;&nbsp; <\/span><\/span><\/span><font face=\"Calibri\" size=\"3\">Temel teminat paketi ile s\u0131n\u0131rl\u0131 hizmet al\u0131m\u0131<\/font><\/font><\/p>\n<p style=\"margin: 0cm 0cm 0pt 36pt; text-indent: -18pt\" class=\"ListeParagrafCxSpOrta\"><font color=\"#000000\"><span><span><font face=\"Calibri\" size=\"3\">&#8211;<\/font><span style=\"font: 7pt &#39;Times New Roman&#39;\">&nbsp;&nbsp;&nbsp;&nbsp;&nbsp;&nbsp;&nbsp;&nbsp; <\/span><\/span><\/span><font face=\"Calibri\" size=\"3\">&Ouml;l&uuml;m ayl\u0131klar\u0131n\u0131n d&uuml;\u015f&uuml;r&uuml;lmesi<\/font><\/font><\/p>\n<p style=\"margin: 0cm 0cm 0pt 36pt; text-indent: -18pt\" class=\"ListeParagrafCxSpOrta\"><font color=\"#000000\"><span><span><font face=\"Calibri\" size=\"3\">&#8211;<\/font><span style=\"font: 7pt &#39;Times New Roman&#39;\">&nbsp;&nbsp;&nbsp;&nbsp;&nbsp;&nbsp;&nbsp;&nbsp; <\/span><\/span><\/span><font face=\"Calibri\" size=\"3\">Emzirme &ouml;dene\u011finin azalt\u0131lmas\u0131<\/font><\/font><\/p>\n<p style=\"margin: 0cm 0cm 0pt 36pt; text-indent: -18pt\" class=\"ListeParagrafCxSpOrta\"><font color=\"#000000\"><span><span><font face=\"Calibri\" size=\"3\">&#8211;<\/font><span style=\"font: 7pt &#39;Times New Roman&#39;\">&nbsp;&nbsp;&nbsp;&nbsp;&nbsp;&nbsp;&nbsp;&nbsp; <\/span><\/span><\/span><font face=\"Calibri\" size=\"3\">\u0130\u015f g&ouml;rmezlik &ouml;dene\u011finin d&uuml;\u015f&uuml;r&uuml;lmesi<\/font><\/font><\/p>\n<p style=\"margin: 0cm 0cm 10pt 36pt; text-indent: -18pt\" class=\"ListeParagrafCxSpSon\"><font color=\"#000000\"><span><span><font face=\"Calibri\" size=\"3\">&#8211;<\/font><span style=\"font: 7pt &#39;Times New Roman&#39;\">&nbsp;&nbsp;&nbsp;&nbsp;&nbsp;&nbsp;&nbsp;&nbsp; <\/span><\/span><\/span><font face=\"Calibri\" size=\"3\">Bir dizi meslek grubunda y\u0131pranma pay\u0131n\u0131n kald\u0131r\u0131lmas\u0131 gibi sosyal haklar\u0131 budayan pek &ccedil;ok olumsuzlu\u011fu i&ccedil;inde ta\u015f\u0131yan bu tasar\u0131ya kar\u015f\u0131 al\u0131nan eylem karar\u0131 20 \u015eubat &Ccedil;ar\u015famba g&uuml;n&uuml; t&uuml;m yurtta uygulanacakt\u0131r.<\/font><\/font><\/p>\n<p style=\"margin: 0cm 0cm 10pt; text-indent: 18pt\" class=\"MsoNormal\"><font face=\"Calibri\" size=\"3\" color=\"#000000\">Yap\u0131lacak eylemle ilgili bir a&ccedil;\u0131klama yapan TTB Genel Sekreteri Altan AYAZ &ldquo;&Uuml;lkenin yeniden ger&ccedil;ek g&uuml;ndemine d&ouml;nmesi i&ccedil;inde bu eylemi d&uuml;zenliyoruz &ldquo; dedi.<\/font><\/p>\n<p style=\"margin: 0cm 0cm 10pt 18pt\" class=\"MsoNormal\"><font face=\"Calibri\" size=\"3\" color=\"#000000\">\u0130stanbul aya\u011f\u0131ndaki eylem ise hava muhalefeti nedeni ile 28 \u015eubat Per\u015fembe g&uuml;n&uuml;ne ertelendi.<\/font><\/p>\n","protected":false},"excerpt":{"rendered":"<p>TTB, TEB, T&uuml;rk Di\u015f Hekimleri Birli\u011fi, T&Uuml;RMOB ve &ccedil;ok say\u0131da sivil toplum &ouml;rg&uuml;t&uuml;n&uuml;n kat\u0131l\u0131m\u0131 ile &ldquo; B\u0130Z KAR\u015eI &Ccedil;IKARSAK YAPAMAZLAR&rdquo;&#46;&#46;&#46;<\/p>\n","protected":false},"author":1,"featured_media":0,"comment_status":"closed","ping_status":"closed","sticky":false,"template":"","format":"standard","meta":{"_jetpack_memberships_contains_paid_content":false,"footnotes":""},"categories":[1],"tags":[],"class_list":["post-3364","post","type-post","status-publish","format-standard","hentry","category-ced"],"aioseo_notices":[],"jetpack_featured_media_url":"","jetpack_sharing_enabled":true,"jetpack-related-posts":[],"_links":{"self":[{"href":"http:\/\/www.ced.org.tr\/index.php?rest_route=\/wp\/v2\/posts\/3364","targetHints":{"allow":["GET"]}}],"collection":[{"href":"http:\/\/www.ced.org.tr\/index.php?rest_route=\/wp\/v2\/posts"}],"about":[{"href":"http:\/\/www.ced.org.tr\/index.php?rest_route=\/wp\/v2\/types\/post"}],"author":[{"embeddable":true,"href":"http:\/\/www.ced.org.tr\/index.php?rest_route=\/wp\/v2\/users\/1"}],"replies":[{"embeddable":true,"href":"http:\/\/www.ced.org.tr\/index.php?rest_route=%2Fwp%2Fv2%2Fcomments&post=3364"}],"version-history":[{"count":0,"href":"http:\/\/www.ced.org.tr\/index.php?rest_route=\/wp\/v2\/posts\/3364\/revisions"}],"wp:attachment":[{"href":"http:\/\/www.ced.org.tr\/index.php?rest_route=%2Fwp%2Fv2%2Fmedia&parent=3364"}],"wp:term":[{"taxonomy":"category","embeddable":true,"href":"http:\/\/www.ced.org.tr\/index.php?rest_route=%2Fwp%2Fv2%2Fcategories&post=3364"},{"taxonomy":"post_tag","embeddable":true,"href":"http:\/\/www.ced.org.tr\/index.php?rest_route=%2Fwp%2Fv2%2Ftags&post=3364"}],"curies":[{"name":"wp","href":"https:\/\/api.w.org\/{rel}","templated":true}]}}