{"id":3365,"date":"2008-02-21T10:58:53","date_gmt":"2008-02-21T08:58:53","guid":{"rendered":"http:\/\/www.ced.org.tr\/?p=3365"},"modified":"2008-02-21T10:58:53","modified_gmt":"2008-02-21T08:58:53","slug":"turk-eczacilari-birligi-36-donem","status":"publish","type":"post","link":"http:\/\/www.ced.org.tr\/?p=3365","title":{"rendered":"T\u00dcRK ECZACILARI B\u0130RL\u0130\u011e\u0130 36. D\u00d6NEM"},"content":{"rendered":"<p><strong>T&Uuml;RK ECZACILARI B\u0130RL\u0130\u011e\u0130<br \/>36. D&Ouml;NEM B\u0130R\u0130NC\u0130 BA\u015eKANLAR DANI\u015eMA KURULU TOPLANTISI<br \/>SONU&Ccedil; B\u0130LD\u0130RGES\u0130<br \/><\/strong>(<strong>15-16 \u015eUBAT 2008\/ANKARA)<br \/><\/strong><br \/>T&uuml;rk Eczac\u0131lar\u0131 Birli\u011fi 36 nc\u0131 D&ouml;nem Birinci Ba\u015fkanlar Dan\u0131\u015fma Kurulu, 15-16 \u015eubat 2008 tarihlerinde eczac\u0131 odalar\u0131m\u0131z\u0131n kat\u0131l\u0131m\u0131 ile Ankara&rsquo;da toplanm\u0131\u015ft\u0131r. 36. D&ouml;nem Merkez Heyeti &Ccedil;al\u0131\u015fma Program\u0131&rsquo;n\u0131n ve bu program &ccedil;er&ccedil;evesinde Merkez Heyetimiz taraf\u0131ndan &ouml;nerilen &ccedil;&ouml;z&uuml;mlerin tart\u0131\u015f\u0131ld\u0131\u011f\u0131 Ba\u015fkanlar Dan\u0131\u015fma Kurulumuz, &ouml;rg&uuml;t&uuml;m&uuml;z&uuml;n demokratik ve kat\u0131l\u0131mc\u0131 yap\u0131s\u0131n\u0131n g&uuml;&ccedil;lendirilmesi bak\u0131m\u0131ndan &ouml;nemli bir i\u015flevi yerine getirmi\u015ftir. <br \/>T&uuml;rkiye&rsquo;de serbest eczac\u0131l\u0131k yapan, kamuda veya &ouml;zel sekt&ouml;rde &ccedil;al\u0131\u015fan 26.000 &uuml;yeyi temsilen ger&ccedil;ekle\u015ftirilen bu toplant\u0131da, kat\u0131l\u0131mc\u0131 t&uuml;m Oda ba\u015fkan ve y&ouml;neticilerimiz, &ouml;n&uuml;m&uuml;zdeki d&ouml;nem &ccedil;al\u0131\u015fma s&uuml;recimizi;<\/p>\n<p>&nbsp;<\/p>\n<p>&bull;&nbsp;&nbsp;&nbsp;&nbsp;&nbsp;&nbsp;&nbsp;&nbsp; Eczac\u0131n\u0131n sa\u011fl\u0131k sistemi i&ccedil;indeki vazge&ccedil;ilmez rol&uuml;n&uuml; vurgulamak ve g&uuml;&ccedil;lendirmek <br \/>&bull;&nbsp;&nbsp;&nbsp;&nbsp;&nbsp;&nbsp;&nbsp;&nbsp; Eczac\u0131n\u0131n hak kay\u0131plar\u0131n\u0131 engellemek ve yeni kazan\u0131mlar sa\u011flamak noktas\u0131nda &ccedil;al\u0131\u015fma yapmak<br \/>&bull;&nbsp;&nbsp;&nbsp;&nbsp;&nbsp;&nbsp;&nbsp;&nbsp; Eczac\u0131lar aras\u0131nda daha adil bir da\u011f\u0131t\u0131m\u0131n ger&ccedil;ekle\u015ftirilmesini sa\u011flamak <br \/>&bull;&nbsp;&nbsp;&nbsp;&nbsp;&nbsp;&nbsp;&nbsp;&nbsp; Eczac\u0131l\u0131k mesle\u011finin, serbest eczaneler d\u0131\u015f\u0131ndaki kamu, hastane, akademi ve sanayi gibi t&uuml;m alanlar\u0131nda, istihdamdan &ouml;zl&uuml;k haklar\u0131na kadar t&uuml;m sorunlar\u0131na &ccedil;&ouml;z&uuml;mler aramak <br \/>&bull;&nbsp;&nbsp;&nbsp;&nbsp;&nbsp;&nbsp;&nbsp;&nbsp; Klinik eczac\u0131l\u0131k, farmas&ouml;tik bak\u0131m kavramlar\u0131n\u0131n yerle\u015fmesi i&ccedil;in bilimsel ve teknik &ccedil;al\u0131\u015fmalar yapmak, eczac\u0131n\u0131n bir tedarik&ccedil;i de\u011fil, ila&ccedil; dan\u0131\u015fman\u0131 ve sa\u011fl\u0131k emek&ccedil;isi oldu\u011fu ger&ccedil;e\u011fini vurgulamak, <br \/>&bull;&nbsp;&nbsp;&nbsp;&nbsp;&nbsp;&nbsp;&nbsp;&nbsp; Ecza Kooperatiflerinin eczac\u0131l\u0131\u011f\u0131n var olmas\u0131ndaki ya\u015famsal &ouml;neminden hareketle, kooperatiflerin geli\u015fimi i&ccedil;in gerekli \u015fartlar\u0131 haz\u0131rlamak, <br \/>&bull;&nbsp;&nbsp;&nbsp;&nbsp;&nbsp;&nbsp;&nbsp;&nbsp; Eczanedeki b&uuml;rokrasiyi azaltmak <br \/>&bull;&nbsp;&nbsp;&nbsp;&nbsp;&nbsp;&nbsp;&nbsp;&nbsp; Geri &ouml;demelerin d&uuml;zenli yap\u0131lmas\u0131n\u0131 sa\u011flamak <br \/>&bull;&nbsp;&nbsp;&nbsp;&nbsp;&nbsp;&nbsp;&nbsp;&nbsp; Teknolojik ilerlemeyi takip etmek <br \/>&bull;&nbsp;&nbsp;&nbsp;&nbsp;&nbsp;&nbsp;&nbsp;&nbsp; Bilgi ve birikimi art\u0131r\u0131c\u0131 &ccedil;al\u0131\u015fmalar yapmak <br \/>&bull;&nbsp;&nbsp;&nbsp;&nbsp;&nbsp;&nbsp;&nbsp;&nbsp; Kat\u0131l\u0131mc\u0131 bir &ouml;rg&uuml;t yap\u0131s\u0131 olu\u015fturmak <br \/>&bull;&nbsp;&nbsp;&nbsp;&nbsp;&nbsp;&nbsp;&nbsp;&nbsp; T&uuml;rkiye&rsquo;deki sa\u011fl\u0131k politikalar\u0131n\u0131n belirlenmesi noktas\u0131nda di\u011fer sivil toplum &ouml;rg&uuml;tleri ile i\u015fbirli\u011fi yapmak<br \/>olarak tan\u0131mlam\u0131\u015f ve bu do\u011frultuda Kongre kararlar\u0131m\u0131z\u0131 ger&ccedil;ekle\u015ftirmek &uuml;zere &ouml;nerilen yol haritas\u0131 ve hayata ge&ccedil;irilecek yeni projeler konusunda tam bir uzla\u015f\u0131 sa\u011flam\u0131\u015flard\u0131r. <\/p>\n<p>Ba\u015fkanlar Dan\u0131\u015fma Kurulumuz, yak\u0131n vadede eczac\u0131l\u0131k mesle\u011fi a&ccedil;\u0131s\u0131ndan &ouml;nemli sorun olu\u015fturan iki temel konunun alt\u0131n\u0131 &ccedil;izmi\u015ftir. Birincisi, eczac\u0131lar\u0131n mesleki kazan\u0131mlar\u0131ndan en &ouml;nemlilerinden bir tanesi olan kat\u0131l\u0131m paylar\u0131 konusudur. Eczac\u0131lar, ila&ccedil; verdikleri hastan\u0131n y&uuml;zde 10 ve 20 oranlar\u0131ndaki maa\u015flar\u0131ndan her ay sonunda kesilen kat\u0131l\u0131m paylar\u0131n\u0131 SGK ve di\u011fer kurumlardan d&uuml;zenli bir \u015fekilde alamad\u0131\u011f\u0131 gibi, son alt\u0131 ayd\u0131r pek &ccedil;ok b&ouml;lgede hi&ccedil;bir &ouml;deme yap\u0131lmamaktad\u0131r. Yakla\u015f\u0131k olarak 650 milyon YTL&rsquo;yi bulan bu geri &ouml;demenin yap\u0131lamamas\u0131, serbest eczac\u0131lar\u0131n kar\u0131n\u0131n en b&uuml;y&uuml;k k\u0131sm\u0131ndan mahrum kalmas\u0131 ve hizmetin s&uuml;rd&uuml;r&uuml;lebilirli\u011finin zorla\u015fmas\u0131 anlam\u0131n\u0131 ta\u015f\u0131maktad\u0131r. Kald\u0131 ki bu kat\u0131l\u0131m paylar\u0131 hastalar\u0131n maa\u015flar\u0131ndan aylar &ouml;nce kesilmi\u015ftir. Eczaneye &ouml;denmeyen kat\u0131l\u0131m paylar\u0131 eczac\u0131n\u0131n varl\u0131\u011f\u0131n\u0131 ve ge&ccedil;imi s&uuml;rd&uuml;rmesi i&ccedil;in gerekli meslek hakk\u0131n\u0131n ta kendisidir. Ba\u015fka bir deyi\u015fle imalat&ccedil;\u0131n\u0131n ve da\u011f\u0131t\u0131m kanal\u0131n\u0131n&nbsp; paras\u0131 &ouml;denmekte, eczac\u0131n\u0131n ge&ccedil;im paras\u0131 kurumlarda sebepsiz ve haks\u0131z bi&ccedil;imde tutulmaktad\u0131r. Ba\u015fkanlar Dan\u0131\u015fma Kurulumuz, &ouml;denmeyen kat\u0131l\u0131m paylar\u0131n\u0131n bir an &ouml;nce geri &ouml;denmesi ve bundan sonra da &ouml;demelerin d&uuml;zenli olarak yap\u0131lmas\u0131 konusunda son bir uyar\u0131da bulunmay\u0131&nbsp;karara ba\u011flam\u0131\u015ft\u0131r. Ayr\u0131ca, Ba\u015fkanlar Dan\u0131\u015fma Kurulumuz, Talimat eki Bedeli &Ouml;denecek \u0130la&ccedil;lar Listesi ile belirlenen oranda eczac\u0131 \u0131skontosuna ek olarak perakende sat\u0131\u015f fiyat\u0131 &uuml;zerinden kamu kurum indirimi yap\u0131lmas\u0131 uygulamas\u0131n\u0131n her kalem ila&ccedil; i&ccedil;in farkl\u0131 oranlarda eczac\u0131n\u0131n maddi kayb\u0131na neden oldu\u011funu vurgular ve bu hak kayb\u0131n\u0131n giderilmesi i&ccedil;in gerekli t&uuml;m giri\u015fimlerde bulunaca\u011f\u0131n\u0131n alt\u0131n\u0131 &ccedil;izer.<\/p>\n<p>Di\u011fer yandan, Ba\u015fkanlar Dan\u0131\u015fma Kurulumuz, s\u0131n\u0131rl\u0131 kaynaklar\u0131n do\u011fru ve ak\u0131lc\u0131 kullan\u0131lmas\u0131 ile ilgili her t&uuml;rl&uuml; uygulamay\u0131 destekledi\u011fini ifade eder. Fakat, yatan hasta re&ccedil;etelerinin sadece hastane eczanelerinden kar\u015f\u0131lanmas\u0131 uygulamas\u0131n\u0131n pratikte hastalar i&ccedil;in b&uuml;y&uuml;k ma\u011fduriyetler olu\u015fturabilece\u011fi ve kamu maliyetlerini art\u0131raca\u011f\u0131 kayg\u0131s\u0131n\u0131 ta\u015f\u0131maktad\u0131r. D\u0131\u015far\u0131 &ccedil;\u0131kar\u0131lan yatan hasta re&ccedil;etelerinin hastane alaca\u011f\u0131ndan mahsup edilecek olmas\u0131, hastaneleri, eczanelerinde bulunan s\u0131n\u0131rl\u0131 say\u0131da ilac\u0131 kullanmak zorunda b\u0131rakmaktad\u0131r. Ayr\u0131ca, Kurulumuz gerekli altyap\u0131 ve personelin olmamas\u0131, eczac\u0131s\u0131z eczane hizmeti veren hastane say\u0131s\u0131n\u0131n &ccedil;oklu\u011fu, hasta ba\u015f\u0131na d&uuml;\u015fen eczac\u0131 say\u0131s\u0131n\u0131n azl\u0131\u011f\u0131, bunun sonucunda ortaya &ccedil;\u0131kabilecek ak\u0131lc\u0131 olmayan ila&ccedil; kullan\u0131m\u0131n\u0131n tedaviyi zorla\u015ft\u0131r\u0131c\u0131 ve tedavi maliyetlerini art\u0131r\u0131c\u0131 etkileri olabilece\u011finden endi\u015fe etmektedir. Kurulumuz, yatan hasta re&ccedil;etelerinin tamamen hastane eczanelerinden verilmesi uygulamas\u0131n\u0131n yaratt\u0131\u011f\u0131 ve yaratmas\u0131 olas\u0131 hasta ma\u011fduriyetine kar\u015f\u0131, bir sa\u011fl\u0131k meslek &ouml;rg&uuml;t&uuml; olman\u0131n gere\u011fi olarak, tamamen T&uuml;rk Eczac\u0131lar\u0131 Birli\u011fi ve B&ouml;lge Eczac\u0131 Odalar\u0131m\u0131z\u0131n denetimi ve y&uuml;r&uuml;tmesinde bir yatan hasta tevzi sistemi kurmay\u0131 &ouml;nermektedir. Eczac\u0131s\u0131z eczac\u0131l\u0131k hizmeti vermenin &ouml;n&uuml;ne ge&ccedil;mek, hastan\u0131n ilaca eri\u015fimini kolayla\u015ft\u0131rmak, az miktarda ilaca mahkum kalarak tedavi se&ccedil;eneklerinin s\u0131n\u0131rland\u0131r\u0131lmas\u0131n\u0131 &ouml;nlemek, ila&ccedil; dan\u0131\u015fma hizmetini yerine getirmek &uuml;zere, taraflar\u0131n ortak olarak olu\u015fturacaklar\u0131 temel ila&ccedil;lar listesinin hastane eczanesinden verilmesini, bu ila&ccedil;lardan eksik olanlar\u0131n ve di\u011fer kalemlerin hastane eczanelerinde kurulacak olan da\u011f\u0131t\u0131m merkezlerinden hastalara ula\u015ft\u0131rmas\u0131n\u0131 i&ccedil;eren bu sistemin ayr\u0131nt\u0131lar\u0131n\u0131n ilgili Bakanl\u0131k ve kamuoyu ile payla\u015f\u0131lmas\u0131na karar verilmi\u015ftir. Ayn\u0131 bi&ccedil;imde, Ba\u015fkanlar Dan\u0131\u015fma Kurulumuz g&uuml;n&uuml;birlik tedavi ad\u0131 alt\u0131nda diyaliz tedavisinde kullan\u0131lan ila&ccedil;lar, kematerap&ouml;tikler, radyoterap&ouml;tikler, cerrahi operasyonlarda kullan\u0131lan anestezikler ve inf&uuml;zyon ila&ccedil; uygulamalar\u0131n\u0131n da yatan hasta uygulamas\u0131 gibi hastane eczanelerinden verilmesini, hasta sa\u011fl\u0131\u011f\u0131 bak\u0131m\u0131ndan kabul edilemez bulmaktad\u0131r. T&uuml;m Oda ba\u015fkanlar\u0131m\u0131z konu ile ilgili gerekli t&uuml;m bilimsel &ccedil;al\u0131\u015fma ve giri\u015fimlerin yap\u0131lmas\u0131 konusunda ortak bir yakla\u015f\u0131ma sahiptir.&nbsp; <br \/>Son olarak, Ba\u015fkanlar Dan\u0131\u015fma Kurulu taraf\u0131ndan, T&uuml;rk Eczac\u0131lar\u0131 Birli\u011fi&rsquo;nin &ccedil;a\u011fda\u015f, demokratik, laik, kat\u0131l\u0131mc\u0131, her t&uuml;rl&uuml; etnik, dinsel, siyasal ayr\u0131mc\u0131l\u0131\u011fa kar\u015f\u0131 olan bir &ouml;rg&uuml;t olarak, b&uuml;t&uuml;nl&uuml;k ve dayan\u0131\u015fma i&ccedil;inde hareket etme kararl\u0131l\u0131\u011f\u0131n\u0131n alt\u0131 &ccedil;izilmi\u015ftir. Bu temel ilkeler do\u011frultusunda Merkez Heyeti taraf\u0131ndan birle\u015ftirici, b&uuml;t&uuml;nle\u015ftirici, &ouml;rg&uuml;tsel ve toplumsal bar\u0131\u015fa hizmet edecek temas ve giri\u015fimlerde bulunulmas\u0131n\u0131n &ouml;nemi &uuml;zerinde fikir birli\u011fine var\u0131lm\u0131\u015ft\u0131r.<br \/>Eczac\u0131 kamuoyuna sayg\u0131 ile duyurulur.<\/p>\n<p>36.D&ouml;nem T&uuml;rk Eczac\u0131lar\u0131 Birli\u011fi Merkez Heyeti&nbsp;<br \/>36.D&ouml;nem T&uuml;rk Eczac\u0131lar\u0131 Birli\u011fi Denetleme Kurulu<\/p>\n<p>1.B&ouml;lge \u0130stanbul Eczac\u0131 Odas\u0131 <br \/>2.B&ouml;lge Ankara Eczac\u0131 Odas\u0131 <br \/>3.B&ouml;lge \u0130zmir Eczac\u0131 Odas\u0131 <br \/>4.B&ouml;lge Adana Eczac\u0131 Odas\u0131<br \/>5.B&ouml;lge Konya Eczac\u0131 Odas\u0131<br \/>6. B&ouml;lge Samsun Eczac\u0131 Odas\u0131<br \/>7. B&ouml;lge Bursa Eczac\u0131 Odas\u0131<br \/>8.B&ouml;lge Gaziantep Eczac\u0131 Odas\u0131<br \/>9.B&ouml;lge Eski\u015fehir Eczac\u0131 Odas\u0131<br \/>10.B&ouml;lge Antalya Eczac\u0131 Odas\u0131<br \/>12.B&ouml;lge Kayseri Eczac\u0131 Odas\u0131<br \/>13.B&ouml;lge Erzurum Eczac\u0131 Odas\u0131<br \/>15.B&ouml;lge Isparta Eczac\u0131 Odas\u0131<br \/>16.B&ouml;lge Denizli Eczac\u0131 Odas\u0131<br \/>17.B&ouml;lge Zonguldak Eczac\u0131 Odas\u0131<br \/>18.B&ouml;lge Trabzon Eczac\u0131 Odas\u0131<br \/>19.B&ouml;lge Tekirda\u011f Eczac\u0131 Odas\u0131<br \/>20.B&ouml;lge Sakarya Eczac\u0131 Odas\u0131<br \/>21.B&ouml;lge Ayd\u0131n Eczac\u0131 Odas\u0131<br \/>22.B&ouml;lge Malatya Eczac\u0131 Odas\u0131<br \/>24.B&ouml;lge Ordu Eczac\u0131 Odas\u0131<br \/>25.B&ouml;lge Mersin Eczac\u0131 Odas\u0131<br \/>27.B&ouml;lge \u015eanl\u0131urfa Eczac\u0131 Odas\u0131<br \/>28.B&ouml;lge Hatay Eczac\u0131 Odas\u0131<br \/>29.B&ouml;lge Manisa Eczac\u0131 Odas\u0131<br \/>30.B&ouml;lge Bal\u0131kesir Eczac\u0131 Odas\u0131<br \/>32.B&ouml;lge Mu\u011fla Eczac\u0131 Odas\u0131<br \/>33.B&ouml;lge Afyon Eczac\u0131 Odas\u0131<br \/>34.B&ouml;lge Aksaray Eczac\u0131 Odas\u0131<br \/>35.B&ouml;lge K&uuml;tahya Eczac\u0131 Odas\u0131<br \/>36.B&ouml;lge &Ccedil;anakkale Eczac\u0131 Odas\u0131<br \/>37.B&ouml;lge Sivas Eczac\u0131 Odas\u0131<br \/>38.B&ouml;lge Van Eczac\u0131 Odas\u0131<br \/>39.B&ouml;lge Edirne Eczac\u0131 Odas\u0131<br \/>41.B&ouml;lge Tokat Eczac\u0131 Odas\u0131<br \/>45.B&ouml;lge &Ccedil;orum Eczac\u0131 Odas\u0131<br \/>46.B&ouml;lge U\u015fak Eczac\u0131 Odas\u0131<br \/>47.B&ouml;lge Amasya Eczac\u0131 Odas\u0131<br \/>49.B&ouml;lge Yozgat Eczac\u0131 Odas\u0131<br \/>50.B&ouml;lge Karaman Eczac\u0131 Odas\u0131<br \/>51.B&ouml;lge Ad\u0131yaman Eczac\u0131 Odas\u0131<\/p>\n","protected":false},"excerpt":{"rendered":"<p>T&Uuml;RK ECZACILARI B\u0130RL\u0130\u011e\u013036. D&Ouml;NEM B\u0130R\u0130NC\u0130 BA\u015eKANLAR DANI\u015eMA KURULU TOPLANTISISONU&Ccedil; B\u0130LD\u0130RGES\u0130(15-16 \u015eUBAT 2008\/ANKARA)T&uuml;rk Eczac\u0131lar\u0131 Birli\u011fi 36 nc\u0131 D&ouml;nem Birinci Ba\u015fkanlar Dan\u0131\u015fma&#46;&#46;&#46;<\/p>\n","protected":false},"author":1,"featured_media":0,"comment_status":"closed","ping_status":"closed","sticky":false,"template":"","format":"standard","meta":{"_jetpack_memberships_contains_paid_content":false,"footnotes":""},"categories":[1],"tags":[],"class_list":["post-3365","post","type-post","status-publish","format-standard","hentry","category-ced"],"aioseo_notices":[],"jetpack_featured_media_url":"","jetpack_sharing_enabled":true,"jetpack-related-posts":[],"_links":{"self":[{"href":"http:\/\/www.ced.org.tr\/index.php?rest_route=\/wp\/v2\/posts\/3365","targetHints":{"allow":["GET"]}}],"collection":[{"href":"http:\/\/www.ced.org.tr\/index.php?rest_route=\/wp\/v2\/posts"}],"about":[{"href":"http:\/\/www.ced.org.tr\/index.php?rest_route=\/wp\/v2\/types\/post"}],"author":[{"embeddable":true,"href":"http:\/\/www.ced.org.tr\/index.php?rest_route=\/wp\/v2\/users\/1"}],"replies":[{"embeddable":true,"href":"http:\/\/www.ced.org.tr\/index.php?rest_route=%2Fwp%2Fv2%2Fcomments&post=3365"}],"version-history":[{"count":0,"href":"http:\/\/www.ced.org.tr\/index.php?rest_route=\/wp\/v2\/posts\/3365\/revisions"}],"wp:attachment":[{"href":"http:\/\/www.ced.org.tr\/index.php?rest_route=%2Fwp%2Fv2%2Fmedia&parent=3365"}],"wp:term":[{"taxonomy":"category","embeddable":true,"href":"http:\/\/www.ced.org.tr\/index.php?rest_route=%2Fwp%2Fv2%2Fcategories&post=3365"},{"taxonomy":"post_tag","embeddable":true,"href":"http:\/\/www.ced.org.tr\/index.php?rest_route=%2Fwp%2Fv2%2Ftags&post=3365"}],"curies":[{"name":"wp","href":"https:\/\/api.w.org\/{rel}","templated":true}]}}