{"id":3366,"date":"2008-02-22T11:48:25","date_gmt":"2008-02-22T09:48:25","guid":{"rendered":"http:\/\/www.ced.org.tr\/?p=3366"},"modified":"2008-02-22T11:48:25","modified_gmt":"2008-02-22T09:48:25","slug":"cedin-geleneksel-yemegi-yapildi","status":"publish","type":"post","link":"http:\/\/www.ced.org.tr\/?p=3366","title":{"rendered":"\u00c7ED&#8217;\u0130N GELENEKSEL YEME\u011e\u0130 YAPILDI"},"content":{"rendered":"<p style=\"margin: 0cm 0cm 0pt; line-height: 150%\" class=\"MsoNormal\"><font face=\"Times New Roman\" size=\"3\" color=\"#000000\">&Ccedil;a\u011fda\u015f Eczac\u0131lar Derne\u011finin Geleneksel Yeme\u011finin ikincisi meslekta\u015flar\u0131m\u0131z\u0131n yo\u011fun kat\u0131l\u0131m\u0131yla yap\u0131ld\u0131. Taksim Sanat Evin&rsquo;de yap\u0131lan geceye \u0130stanbul Eczac\u0131 Odas\u0131 Ba\u015fkan ve y&ouml;neticileri, \u0130stanbul Ecza Koop y&ouml;neticileri, &Ccedil;ED \u0130stanbul ve Bursa \u015eube y&ouml;neticileri ve 200 civar\u0131nda meslekta\u015f\u0131m\u0131z kat\u0131ld\u0131. Gecede bir konu\u015fma yapan &Ccedil;ED Ba\u015fkan\u0131 Ecz. Rafet \u015eahin <\/font><font face=\"Times New Roman\" size=\"3\" color=\"#000000\">&Ccedil;a\u011fda\u015f Eczac\u0131lar Derne\u011fi&rsquo;nin k\u0131s\u0131tl\u0131 olanaklar\u0131yla ama var olan potansiyel g&uuml;c&uuml; ve birikimi ile &Ccedil;a\u011fda\u015f Eczac\u0131l\u0131k Hareketinin &ouml;nemli dinamiklerinden biri oldu\u011funu, &uuml;lkenin sosyal ve toplumsal sorunlar\u0131na, mesle\u011fin sorunlar\u0131na &ccedil;a\u011fda\u015f, demokrat ve &ouml;zg&uuml;rl&uuml;k&ccedil;&uuml; bir perspektiften <\/font><font face=\"Times New Roman\" size=\"3\" color=\"#000000\">bakmaya &ouml;zen g&ouml;sterdi\u011fini vurgulad\u0131. \u015eAH\u0130N konu\u015fmas\u0131n\u0131 kat\u0131l\u0131p g&uuml;&ccedil; verdi\u011finiz, dayan\u0131\u015fma g&ouml;sterdi\u011finiz i&ccedil;in &Ccedil;ED ad\u0131na hepinize te\u015fekk&uuml;r ediyorum diyerek bitirdi.<\/font><font face=\"Times New Roman\" size=\"3\" color=\"#000000\">Gece halaylar\u0131n ve t&uuml;rk&uuml;lerin e\u015fli\u011finde &ccedil;o\u015fkuyla kutland\u0131 .<\/font><\/p>\n","protected":false},"excerpt":{"rendered":"<p>&Ccedil;a\u011fda\u015f Eczac\u0131lar Derne\u011finin Geleneksel Yeme\u011finin ikincisi meslekta\u015flar\u0131m\u0131z\u0131n yo\u011fun kat\u0131l\u0131m\u0131yla yap\u0131ld\u0131. Taksim Sanat Evin&rsquo;de yap\u0131lan geceye \u0130stanbul Eczac\u0131 Odas\u0131 Ba\u015fkan ve&#46;&#46;&#46;<\/p>\n","protected":false},"author":1,"featured_media":0,"comment_status":"closed","ping_status":"closed","sticky":false,"template":"","format":"standard","meta":{"_jetpack_memberships_contains_paid_content":false,"footnotes":""},"categories":[1],"tags":[],"class_list":["post-3366","post","type-post","status-publish","format-standard","hentry","category-ced"],"aioseo_notices":[],"jetpack_featured_media_url":"","jetpack_sharing_enabled":true,"jetpack-related-posts":[],"_links":{"self":[{"href":"http:\/\/www.ced.org.tr\/index.php?rest_route=\/wp\/v2\/posts\/3366","targetHints":{"allow":["GET"]}}],"collection":[{"href":"http:\/\/www.ced.org.tr\/index.php?rest_route=\/wp\/v2\/posts"}],"about":[{"href":"http:\/\/www.ced.org.tr\/index.php?rest_route=\/wp\/v2\/types\/post"}],"author":[{"embeddable":true,"href":"http:\/\/www.ced.org.tr\/index.php?rest_route=\/wp\/v2\/users\/1"}],"replies":[{"embeddable":true,"href":"http:\/\/www.ced.org.tr\/index.php?rest_route=%2Fwp%2Fv2%2Fcomments&post=3366"}],"version-history":[{"count":0,"href":"http:\/\/www.ced.org.tr\/index.php?rest_route=\/wp\/v2\/posts\/3366\/revisions"}],"wp:attachment":[{"href":"http:\/\/www.ced.org.tr\/index.php?rest_route=%2Fwp%2Fv2%2Fmedia&parent=3366"}],"wp:term":[{"taxonomy":"category","embeddable":true,"href":"http:\/\/www.ced.org.tr\/index.php?rest_route=%2Fwp%2Fv2%2Fcategories&post=3366"},{"taxonomy":"post_tag","embeddable":true,"href":"http:\/\/www.ced.org.tr\/index.php?rest_route=%2Fwp%2Fv2%2Ftags&post=3366"}],"curies":[{"name":"wp","href":"https:\/\/api.w.org\/{rel}","templated":true}]}}