{"id":3370,"date":"2008-02-29T12:38:40","date_gmt":"2008-02-29T10:38:40","guid":{"rendered":"http:\/\/www.ced.org.tr\/?p=3370"},"modified":"2008-02-29T12:38:40","modified_gmt":"2008-02-29T10:38:40","slug":"saglik-ve-guvenli-gelecek-icin-kadikoydeydik","status":"publish","type":"post","link":"http:\/\/www.ced.org.tr\/?p=3370","title":{"rendered":"SA\u011eLIK VE G\u00dcVENL\u0130 GELECEK \u0130\u00c7\u0130N KADIK\u00d6YDEYD\u0130K"},"content":{"rendered":"<p><img loading=\"lazy\" decoding=\"async\" src=\"images\/stories\/belgeler\/gss1.jpg\" border=\"0\" alt=\"gss\" title=\"kad\u0131k&ouml;y\" hspace=\"4\" width=\"280\" height=\"187\" align=\"left\" \/><\/p>\n<p>Herkese sa\u011fl\u0131k ve g&uuml;venli gelecek i&ccedil;in bir araya gelen binklerce ki\u015fi kad\u0131k&ouml;yde bulu\u015ftu. Haydarpa\u015fa Numune Hastanesi Acil Servisi &ouml;n&uuml;nde toplanan gruplar &ldquo;Sa\u011fl\u0131\u011f\u0131m\u0131z\u0131, eme\u011fimizi, gelece\u011fimizi IMF vekillerine yedirmeyece\u011fiz&rdquo; yaz\u0131l\u0131 ortak pankart\u0131n arkas\u0131nda Kad\u0131k&ouml;y \u0130skele Meydan\u0131&rsquo;na kadar y&uuml;r&uuml;d&uuml;. &ldquo;Sa\u011fl\u0131k hakt\u0131r sat\u0131lamaz&rdquo;, &ldquo;AKP yasan\u0131 al ba\u015f\u0131na &ccedil;al&rdquo;, &ldquo;Herkese e\u015fit &uuml;cretsiz sa\u011fl\u0131k hizmeti&rdquo; sloganlar\u0131 atan korteje Tuzla&rsquo;da iki g&uuml;nd&uuml;r direni\u015flerini s&uuml;rd&uuml;ren tersane i\u015f&ccedil;ileri de Haydarpa\u015fa Tren \u0130stasyonu&rsquo;ndan kat\u0131ld\u0131.<\/p>\n<p>&nbsp;<\/p>\n<p>D\u0130SK, KESK, T&Uuml;RK-\u0130\u015e konfederasyonlar\u0131 ve ba\u011fl\u0131 sendikalar\u0131, T&uuml;rk Tabipleri Birli\u011fi, \u0130stanbul Tabip Odas\u0131, \u0130stanbul Eczac\u0131 Odas\u0131, \u0130stanbul Di\u015fhekimleri Odas\u0131, \u0130stanbul Veteriner Hekimler Odas\u0131, TMMOB gibi meslek &ouml;rg&uuml;tlerinin yan\u0131s\u0131ra siyasi parti ve derneklerin de i&ccedil;inde yer ald\u0131\u011f\u0131 Herkese Sa\u011fl\u0131k G&uuml;venli Gelecek Platformu taraf\u0131ndan d&uuml;zenlenen eylem, Kad\u0131k&ouml;y \u0130skele Meydan\u0131&rsquo;nda bas\u0131n a&ccedil;\u0131klamas\u0131n\u0131n okunmas\u0131n\u0131n ard\u0131ndan son buldu. Bas\u0131n a&ccedil;\u0131klamas\u0131n\u0131n tam metnine a\u015fa\u011f\u0131da yer veriyoruz.<\/p>\n<p>&nbsp;<\/p>\n<table border=\"1\" cellspacing=\"0\" cellpadding=\"3\" style=\"border-color: #666666\">\n<tbody>\n<tr>\n<td>\n<div align=\"center\"><span class=\"NormalBaslik\">B\u0130Z KAR\u015eI &Ccedil;IKARSAK YAPAMAZLAR!<\/span> <br \/><strong>GSS &ccedil;ocuklar\u0131m\u0131z\u0131n gelece\u011fini karart\u0131yor <\/strong><\/div>\n<p><span style=\"line-height: 20px; text-align: justify\" class=\"NormalYazi\"><\/p>\n<p align=\"justify\">&nbsp;&nbsp;&nbsp;&nbsp;AKP H&uuml;k&uuml;meti d&ouml;neminde sa\u011fl\u0131k harcamalar\u0131 h\u0131zla artmas\u0131na ra\u011fmen sorunlar &ccedil;&ouml;z&uuml;lmedi. Devlet hastanelerindeki kuyruklar h&acirc;l&acirc; devam ediyor. &Ouml;zel hastanelere giden vatanda\u015flar ise binlerce lira &quot;ek &uuml;cret&quot; &ouml;demek zorunda kal\u0131yorlar. K&acirc;rl\u0131 &ccedil;\u0131kanlar sadece ila&ccedil; tekelleri ve &ouml;zel sa\u011fl\u0131k sekt&ouml;r&uuml; oluyor. Son 5 y\u0131lda en h\u0131zl\u0131 b&uuml;y&uuml;yen hastane patronunun ayn\u0131 zamanda iktidar partisi mensubu bir politikac\u0131 olmas\u0131 bu i\u015ften kimlerin nemaland\u0131\u011f\u0131n\u0131 a&ccedil;\u0131k olarak g&ouml;steriyor. <\/p>\n<p align=\"justify\">&nbsp;&nbsp;&nbsp;&nbsp;Sa\u011fl\u0131k hizmetinin her a\u015famas\u0131nda s\u0131n\u0131rlama, katk\u0131 pay\u0131 ve prim sistemi getirilip herkese ek sa\u011fl\u0131k vergisi konuyor. Genel b&uuml;t&ccedil;e faize, ranta harcan\u0131rken, Devletin t&uuml;m yurtta\u015flar\u0131na sunmakla y&uuml;k&uuml;ml&uuml; oldu\u011fu sosyal haklar b&uuml;t&ccedil;eye y&uuml;k olarak yans\u0131t\u0131l\u0131yor. Oysa bu b&uuml;t&ccedil;enin %83&#39;&uuml; bizlerden toplanan vergilerle olu\u015fturuluyor.Sava\u015fa ,askeri operasyonlara yap\u0131lan dev harcamalar g&ouml;zden ka&ccedil;\u0131r\u0131lmaya &ccedil;al\u0131\u015f\u0131l\u0131yor.Kuzey Irak operasyonunun maliyeti sa\u011fl\u0131k,sosyal g&uuml;venlik alan\u0131na daha az pay ayr\u0131lmas\u0131 olacakt\u0131r.<\/p>\n<p align=\"justify\">&nbsp;&nbsp;&nbsp;&nbsp;<strong>Emeklili\u011fimiz gasp ediliyor<\/strong><\/p>\n<p align=\"justify\">&nbsp;&nbsp;&nbsp;&nbsp;1999 y\u0131l\u0131na kadar emeklili\u011fe hak kazanabilmek i&ccedil;in asgari 5.000 g&uuml;n prim &ouml;demek yetiyordu. 1999 y\u0131l\u0131nda s\u0131n\u0131r 7 bine &ccedil;\u0131kt\u0131. AKP ise bununla da yetinmiyor, daha da artt\u0131rmak istiyor. Bundan sonra 9 bin g&uuml;n prim &ouml;deyemeyenler emekli olamayacak. Turizm, in\u015faat, tar\u0131m gibi sezonluk sekt&ouml;rlerde y\u0131lda 90 g&uuml;n i\u015f bulabilen bir ge&ccedil;ici i\u015f&ccedil;inin tam ayl\u0131\u011fa hak edebilmesi i&ccedil;in ise 120 y\u0131l ya\u015famas\u0131 gerekecek. <\/p>\n<p align=\"justify\">&nbsp;&nbsp;&nbsp;&nbsp;AKP, emekli ayl\u0131klar\u0131n\u0131 %23 ile %33 d&uuml;\u015f&uuml;rmekle yetinmiyor. Kanun Meclis&#39;ten ge&ccedil;erse kazan\u0131lm\u0131\u015f hak niteli\u011findeki fiili hizmet s&uuml;resi zamm\u0131 t\u0131rpanlanacak. Gazeteciler, veterinerler, havayollar\u0131 personeli, lokomotif makinistleri, posta da\u011f\u0131t\u0131c\u0131lar\u0131, zab\u0131talar, itfaiye &ccedil;al\u0131\u015fanlar\u0131 gibi bir dizi meslekte y\u0131pranma pay\u0131 verilmeyecek. Emniyet, M\u0130T ve TSK d\u0131\u015f\u0131ndakilerin fiili hizmet s&uuml;resi zamm\u0131 5 y\u0131lla s\u0131n\u0131rland\u0131r\u0131lacak.<\/p>\n<p align=\"justify\">&nbsp;&nbsp;&nbsp;&nbsp;H&uuml;k&uuml;met SSGSS yasas\u0131 ile kazan\u0131lm\u0131\u015f haklar\u0131m\u0131za sald\u0131rd\u0131\u011f\u0131 gibi &ldquo;\u0130\u015fverenler &uuml;st&uuml;ndeki istihdam y&uuml;k&uuml;n&uuml; azaltmak&rdquo; amac\u0131yla emek&ccedil;i s\u0131n\u0131flar\u0131n k\u0131dem tazminat\u0131 hakk\u0131n\u0131 da ortadan kald\u0131rmaya &ccedil;al\u0131\u015f\u0131yor.<\/p>\n<p align=\"justify\">&nbsp;&nbsp;&nbsp;&nbsp;<strong>Yoksulluk s\u0131n\u0131r\u0131: 146 YTL <\/strong><\/p>\n<p align=\"justify\">&nbsp;&nbsp;&nbsp;&nbsp;AKP H&uuml;k&uuml;meti, &quot;Genel $a\u011fl\u0131k $igortas\u0131 primini &ouml;deyemeyen yoksul vatanda\u015flar\u0131n primlerini devlet &ouml;deyecek&quot; demi\u015fti. Oysa Kanun&#39;a g&ouml;re ancak b&uuml;t&uuml;n ay boyunca eline ge&ccedil;en para 145 YTL&#39;den az olanlar yoksul kabul edilecek. Asgari &uuml;cretli 76 YTL prim &ouml;derken en b&uuml;y&uuml;k holdinglerin patronlar\u0131 ise sadece 494 YTL prim &ouml;deyecekler. \u0130\u015fverenlerin s\u0131rt\u0131ndaki y&uuml;k&uuml;n a\u011f\u0131r oldu\u011funu her f\u0131rsatta s&ouml;yleyenler, asgari &uuml;cretin 1\/3 geliri olan\u0131n s\u0131rt\u0131na birde GSS primini y&uuml;kl&uuml;yorlar. <\/p>\n<p align=\"justify\">&nbsp;&nbsp;&nbsp;&nbsp;Bundan sonra sa\u011fl\u0131k hizmeti alabilmek i&ccedil;in bu &uuml;lkenin vatanda\u015f\u0131 olmak, &uuml;stelik vergi &ouml;demek, dahas\u0131 Genel $a\u011fl\u0131k $igortas\u0131 primi yat\u0131rmak, hatta bir de &quot;kat\u0131l\u0131m pay\u0131&quot; &ouml;demek yetmeyecek. \u015eimdi bir de &quot;il&acirc;ve &uuml;cret&quot; ad\u0131 alt\u0131nda &ouml;zel hastanelere &quot;hara&ccedil;&quot; &ouml;demek gerekecek. Miktar\u0131 \u015fimdilik al\u0131nan hizmetin %20&#39;si olacak. Baz\u0131 durumlarda ise bu oran %300&#39;e kadar &ccedil;\u0131kacak. &shy; <\/p>\n<p align=\"justify\">&nbsp;&nbsp;&nbsp;&nbsp;<strong>AKP Sa\u011fl\u0131\u011fa Zararl\u0131d\u0131r<\/strong><\/p>\n<p align=\"justify\">&nbsp;&nbsp;&nbsp;&nbsp;AKP H&uuml;k&uuml;meti&#39;nin sa\u011fl\u0131k alan\u0131ndaki yapt\u0131klar\u0131 bunlardan ibaret de\u011fil. \u015eu ana kadar yakla\u015f\u0131k 700 sa\u011fl\u0131k oca\u011f\u0131n\u0131n kap\u0131s\u0131na kilit vurdu; &quot;aile hekimli\u011fine ge&ccedil;iyoruz&quot; gerek&ccedil;esiyle &ouml;zelle\u015ftirdi. Meclis&#39;in g&uuml;ndeminde olan bir ba\u015fka Kanun Tasar\u0131s\u0131&#39;yla da devlet hastanelerinin Y&ouml;netim Kurullar\u0131&#39;na Ticaret Odas\u0131&#39;n\u0131n temsilcileri giriyor. Bu Y&ouml;netim Kurullar\u0131 devlet hastanelerini satmak, kiraya vermek, devir ve takas etmek, i\u015fletmek ve i\u015flettirmek yetkisine sahip olacaklar.<\/p>\n<p align=\"justify\">&nbsp;&nbsp;&nbsp;&nbsp;Mevcut tasar\u0131 kad\u0131nlar\u0131n ev i&ccedil;i emeklerini yok say\u0131yor ve baz\u0131 koruyucu &ouml;nlemleri kald\u0131r\u0131yor. Dolay\u0131s\u0131 ile kad\u0131nlar\u0131 aileye, erken evlili\u011fe, koca eline bakmaya mahkum ediyor.<\/p>\n<p align=\"justify\">&nbsp;&nbsp;&nbsp;&nbsp;H&uuml;k&uuml;met b&uuml;t&uuml;n bu d&uuml;zenlemeleri bizlere &quot;Reform&quot; diye kabul ettirmeye &ccedil;al\u0131\u015f\u0131yor. Oysa getirilen de\u011fi\u015fikliklerin hi&ccedil;biri bizlerin haklar\u0131n\u0131 hi&ccedil;bir \u015fekilde iyile\u015ftirmiyor. Tersine daha da daralt\u0131yor. B&uuml;t&uuml;n bu d&uuml;zenlemeler bizlerin iyili\u011fi i&ccedil;in de\u011fil, yerli ve yabanc\u0131 sermaye istedi\u011fi i&ccedil;in yap\u0131l\u0131yor. K&acirc;besi IMF, secdesi yerli patronlar olanlar sa\u011fl\u0131k ve sosyal g&uuml;venlik haklar\u0131m\u0131z\u0131 tamam\u0131yla yok etmek istiyorlar. Bu vah\u015fi kapitalist d&uuml;zende Tuzla tersanelerindeki i\u015f cinayetleri gibi , &ccedil;al\u0131\u015fanlar\u0131n ya\u015fam hakk\u0131 dahi tehdit alt\u0131ndad\u0131r.<\/p>\n<p align=\"justify\">&nbsp;&nbsp;&nbsp;&nbsp;Oysa bu &uuml;lkenin t&uuml;m zenginliklerini biz yarat\u0131yoruz. Yolsuzluk, suistimaller ve s&ouml;m&uuml;r&uuml; ortadan kald\u0131r\u0131ld\u0131\u011f\u0131nda bu kaynaklar herkese emeklilik ve sa\u011fl\u0131k hakk\u0131n\u0131 da i&ccedil;eren insanca bir ya\u015fam sunmaya yeterlidir. <\/p>\n<p align=\"justify\">&nbsp;&nbsp;&nbsp;&nbsp;<strong>Biz kar\u015f\u0131 &ccedil;\u0131karsak yapamazlar<\/strong><\/p>\n<p align=\"justify\">&nbsp;&nbsp;&nbsp;&nbsp;Biz biliyoruz ki; yoksulluk da, yoksunluk da, sa\u011fl\u0131ks\u0131zl\u0131k da, sosyal g&uuml;vensizlik de kader de\u011fildir. Kendimiz i&ccedil;in, &ccedil;ocuklar\u0131m\u0131z i&ccedil;in, karde\u015flerimiz i&ccedil;in sa\u011fl\u0131k ve sosyal g&uuml;venlik hakk\u0131m\u0131za sahip &ccedil;\u0131kal\u0131m. <\/p>\n<p align=\"justify\">&nbsp;&nbsp;&nbsp;&nbsp;\u0130\u015f&ccedil;isi, kamu &ccedil;al\u0131\u015fan\u0131, esnaf\u0131, &ccedil;ift&ccedil;isi, emeklisi, ya\u015fl\u0131s\u0131, genci hep birlikte bu gayri vicdani, gayri ahlaki, gayri insani sald\u0131r\u0131y\u0131 durdural\u0131m.<\/p>\n<p align=\"justify\">&nbsp;&nbsp;&nbsp;&nbsp;<strong>HERKESE SA\u011eLIK G&Uuml;VENL\u0130 GELECEK PLATFORMU<\/strong><\/p>\n<p><\/span><\/td>\n<\/tr>\n<\/tbody>\n<\/table>\n","protected":false},"excerpt":{"rendered":"<p>Herkese sa\u011fl\u0131k ve g&uuml;venli gelecek i&ccedil;in bir araya gelen binklerce ki\u015fi kad\u0131k&ouml;yde bulu\u015ftu. Haydarpa\u015fa Numune Hastanesi Acil Servisi &ouml;n&uuml;nde toplanan&#46;&#46;&#46;<\/p>\n","protected":false},"author":1,"featured_media":0,"comment_status":"closed","ping_status":"closed","sticky":false,"template":"","format":"standard","meta":{"_jetpack_memberships_contains_paid_content":false,"footnotes":""},"categories":[1],"tags":[],"class_list":["post-3370","post","type-post","status-publish","format-standard","hentry","category-ced"],"aioseo_notices":[],"jetpack_featured_media_url":"","jetpack_sharing_enabled":true,"jetpack-related-posts":[],"_links":{"self":[{"href":"http:\/\/www.ced.org.tr\/index.php?rest_route=\/wp\/v2\/posts\/3370","targetHints":{"allow":["GET"]}}],"collection":[{"href":"http:\/\/www.ced.org.tr\/index.php?rest_route=\/wp\/v2\/posts"}],"about":[{"href":"http:\/\/www.ced.org.tr\/index.php?rest_route=\/wp\/v2\/types\/post"}],"author":[{"embeddable":true,"href":"http:\/\/www.ced.org.tr\/index.php?rest_route=\/wp\/v2\/users\/1"}],"replies":[{"embeddable":true,"href":"http:\/\/www.ced.org.tr\/index.php?rest_route=%2Fwp%2Fv2%2Fcomments&post=3370"}],"version-history":[{"count":0,"href":"http:\/\/www.ced.org.tr\/index.php?rest_route=\/wp\/v2\/posts\/3370\/revisions"}],"wp:attachment":[{"href":"http:\/\/www.ced.org.tr\/index.php?rest_route=%2Fwp%2Fv2%2Fmedia&parent=3370"}],"wp:term":[{"taxonomy":"category","embeddable":true,"href":"http:\/\/www.ced.org.tr\/index.php?rest_route=%2Fwp%2Fv2%2Fcategories&post=3370"},{"taxonomy":"post_tag","embeddable":true,"href":"http:\/\/www.ced.org.tr\/index.php?rest_route=%2Fwp%2Fv2%2Ftags&post=3370"}],"curies":[{"name":"wp","href":"https:\/\/api.w.org\/{rel}","templated":true}]}}