{"id":3373,"date":"2008-03-07T17:56:59","date_gmt":"2008-03-07T15:56:59","guid":{"rendered":"http:\/\/www.ced.org.tr\/?p=3373"},"modified":"2008-03-07T17:56:59","modified_gmt":"2008-03-07T15:56:59","slug":"nese-gulersoy-ve-dunya-kadinlar-gunu","status":"publish","type":"post","link":"http:\/\/www.ced.org.tr\/?p=3373","title":{"rendered":"NE\u015eE G\u00dcLERSOY VE D\u00dcNYA KADINLAR G\u00dcN\u00dc"},"content":{"rendered":"<p><span style=\"font-size: 10pt; font-family: &#39;Arial TUR&#39;\"><font color=\"#000000\">&nbsp;&nbsp;&nbsp; <img loading=\"lazy\" decoding=\"async\" src=\"images\/stories\/belgeler\/nesegulersoy.jpg\" border=\"0\" alt=\"ne\u015fe g&uuml;lersoy\" title=\"ne\u015fe g&uuml;lersoy\" hspace=\"4\" width=\"167\" height=\"259\" align=\"left\" \/>1970&#39;li y\u0131llar\u0131n sonlar\u0131&#8230; &Uuml;lkemizde ayd\u0131nlar\u0131n ve emek&ccedil;ilerin hak arama &ccedil;abalar\u0131n\u0131n yo\u011funla\u015ft\u0131\u011f\u0131 g&uuml;nler. Ne\u015fe G&uuml;lersoy&#39;un o d&ouml;nem \u0130zmir Eczac\u0131 Odas\u0131 Genel Sekreterli\u011fini y&uuml;r&uuml;tt&uuml;\u011f&uuml;, ba\u015fkanl\u0131\u011f\u0131n\u0131 da I\u015f\u0131k Boyac\u0131giller&#39;in yapt\u0131\u011f\u0131, &ccedil;a\u011fda\u015f eczac\u0131l\u0131k hareketi &ouml;nderlerinin &ouml;ncelikle &uuml;&ccedil; b&uuml;y&uuml;k ilde eczac\u0131 odalar\u0131 y&ouml;netimlerinde ilaca ve eczac\u0131l\u0131k mesle\u011fine ulusal bir yakla\u015f\u0131mla, farkl\u0131 bir ivme ve onur kazand\u0131rma &ccedil;abalar\u0131. Mesle\u011fi ve ilac\u0131 ulus &uuml;st&uuml; sermaye egemenli\u011finden kurtarma m&uuml;cadelesi. Ne\u015fe G&uuml;lersoy &ouml;nc&uuml;l&uuml;\u011f&uuml;nde T&uuml;rkiyede ilk defa Manisa da MEDAK isminde eczac\u0131 kooperatifi a&ccedil;\u0131l\u0131\u015f\u0131 ve eczac\u0131n\u0131n da\u011f\u0131t\u0131m kanal\u0131nda da s&ouml;z ve ekonomik kazan\u0131m elde etmesi. \u0130lac\u0131n\u0131 kendi &uuml;lkesinde eczac\u0131lar &ouml;nderli\u011finde &uuml;retme projeleri&#8230; Di\u011fer yanda<span>&nbsp; <\/span>&uuml;lkemizin sa\u011fc\u0131 ve solcu diye ikiye b&ouml;l&uuml;nd&uuml;\u011f&uuml;, CIA g&uuml;d&uuml;ml&uuml; hain bir s&uuml;re&ccedil;. Her g&uuml;n onlarca gen&ccedil; insan\u0131n\u0131mz\u0131n &ouml;ld&uuml;r&uuml;lmesi. Ne\u015fe<span>&nbsp; <\/span>G&uuml;lersoy, o g&uuml;nlerde hem eczanesini y&uuml;r&uuml;t&uuml;yor, hem odada genel sekreter hemde Demokrat<span>&nbsp; <\/span>\u0130zmir<span>&nbsp; <\/span>gazetesinde yaz\u0131lar yaz\u0131yor, TOPAL ismiyle bir roman kitab\u0131 &ccedil;\u0131kart\u0131yor. Halk\u0131n\u0131n ve meslekta\u015f\u0131n\u0131n ayd\u0131nlanmas\u0131na ve &ccedil;a\u011fda\u015fla\u015fmas\u0131na katk\u0131 sa\u011fl\u0131yor. Bu &ccedil;al\u0131\u015fmalar belirli g&uuml;&ccedil;lerin i\u015fine gelmiyor ve sevgili Ne\u015fe;<span> <\/span>1979 y\u0131l\u0131n\u0131n haziran\u0131nda<span>&nbsp; <\/span>eczanesinde &ccedil;al\u0131\u015f\u0131rken karanl\u0131k g&uuml;&ccedil;ler taraf\u0131ndan katlediliyor. Ne\u015fe<span> <\/span>G&uuml;lersoyu&nbsp;sayg\u0131yla bir kez daha anarken onun nezdinde t&uuml;m emek&ccedil;i kad\u0131nlar\u0131n ve bayan meslekta\u015flar\u0131m\u0131z\u0131n &quot; kad\u0131nlar g&uuml;n&uuml;n&uuml;&quot; kutluyoruz.<\/font><\/span><\/p>\n<p>&nbsp;<\/p>\n<p><span style=\"font-size: 10pt; font-family: &#39;Arial TUR&#39;\"><font color=\"#000000\">&Ccedil;ED<span>&nbsp; <\/span>Y&Ouml;NET\u0130M KURULU<\/font><\/span><\/p>\n","protected":false},"excerpt":{"rendered":"<p>&nbsp;&nbsp;&nbsp; 1970&#39;li y\u0131llar\u0131n sonlar\u0131&#8230; &Uuml;lkemizde ayd\u0131nlar\u0131n ve emek&ccedil;ilerin hak arama &ccedil;abalar\u0131n\u0131n yo\u011funla\u015ft\u0131\u011f\u0131 g&uuml;nler. Ne\u015fe G&uuml;lersoy&#39;un o d&ouml;nem \u0130zmir Eczac\u0131 Odas\u0131&#46;&#46;&#46;<\/p>\n","protected":false},"author":1,"featured_media":0,"comment_status":"closed","ping_status":"closed","sticky":false,"template":"","format":"standard","meta":{"_jetpack_memberships_contains_paid_content":false,"footnotes":""},"categories":[1],"tags":[],"class_list":["post-3373","post","type-post","status-publish","format-standard","hentry","category-ced"],"aioseo_notices":[],"jetpack_featured_media_url":"","jetpack_sharing_enabled":true,"jetpack-related-posts":[],"_links":{"self":[{"href":"http:\/\/www.ced.org.tr\/index.php?rest_route=\/wp\/v2\/posts\/3373","targetHints":{"allow":["GET"]}}],"collection":[{"href":"http:\/\/www.ced.org.tr\/index.php?rest_route=\/wp\/v2\/posts"}],"about":[{"href":"http:\/\/www.ced.org.tr\/index.php?rest_route=\/wp\/v2\/types\/post"}],"author":[{"embeddable":true,"href":"http:\/\/www.ced.org.tr\/index.php?rest_route=\/wp\/v2\/users\/1"}],"replies":[{"embeddable":true,"href":"http:\/\/www.ced.org.tr\/index.php?rest_route=%2Fwp%2Fv2%2Fcomments&post=3373"}],"version-history":[{"count":0,"href":"http:\/\/www.ced.org.tr\/index.php?rest_route=\/wp\/v2\/posts\/3373\/revisions"}],"wp:attachment":[{"href":"http:\/\/www.ced.org.tr\/index.php?rest_route=%2Fwp%2Fv2%2Fmedia&parent=3373"}],"wp:term":[{"taxonomy":"category","embeddable":true,"href":"http:\/\/www.ced.org.tr\/index.php?rest_route=%2Fwp%2Fv2%2Fcategories&post=3373"},{"taxonomy":"post_tag","embeddable":true,"href":"http:\/\/www.ced.org.tr\/index.php?rest_route=%2Fwp%2Fv2%2Ftags&post=3373"}],"curies":[{"name":"wp","href":"https:\/\/api.w.org\/{rel}","templated":true}]}}