{"id":3374,"date":"2008-03-10T15:52:24","date_gmt":"2008-03-10T13:52:24","guid":{"rendered":"http:\/\/www.ced.org.tr\/?p=3374"},"modified":"2008-03-10T15:52:24","modified_gmt":"2008-03-10T13:52:24","slug":"8-mart-dunya-emekci-kadinlar-gunu-kutlandi","status":"publish","type":"post","link":"http:\/\/www.ced.org.tr\/?p=3374","title":{"rendered":"8 MART D\u00dcNYA EMEK\u00c7\u0130 KADINLAR G\u00dcN\u00dc KUTLANDI"},"content":{"rendered":"<div style=\"text-align: center\"><img loading=\"lazy\" decoding=\"async\" style=\"width: 448px; height: 313px\" src=\"images\/stories\/belgeler\/8mart2008.jpg\" alt=\"d&uuml;nya emek&ccedil;i kad\u0131nlar g&uuml;n&uuml;\" title=\"d&uuml;nya emek&ccedil;i kad\u0131nlar g&uuml;n&uuml;\" width=\"448\" height=\"313\" \/><\/div>\n<div align=\"left\" style=\"text-align: left\">8 Mart D&uuml;nya Emek&ccedil;i Kad\u0131nlar G&uuml;n&uuml; t&uuml;m d&uuml;nyada oldu\u011fu gibi &uuml;lkemizde de bir&ccedil;ok kad\u0131n &ouml;rg&uuml;t&uuml; ve sivil toplum &ouml;rg&uuml;tleri taraf\u0131ndan kutland\u0131.<br \/>Olduk&ccedil;a hareketli ge&ccedil;en 8 Mart etkinlikleri bir hafta boyunca &ccedil;e\u015fitli forum ve toplant\u0131lar ile devam edecek.<\/div>\n","protected":false},"excerpt":{"rendered":"<p>8 Mart D&uuml;nya Emek&ccedil;i Kad\u0131nlar G&uuml;n&uuml; t&uuml;m d&uuml;nyada oldu\u011fu gibi &uuml;lkemizde de bir&ccedil;ok kad\u0131n &ouml;rg&uuml;t&uuml; ve sivil toplum &ouml;rg&uuml;tleri taraf\u0131ndan&#46;&#46;&#46;<\/p>\n","protected":false},"author":1,"featured_media":0,"comment_status":"closed","ping_status":"closed","sticky":false,"template":"","format":"standard","meta":{"_jetpack_memberships_contains_paid_content":false,"footnotes":""},"categories":[1],"tags":[],"class_list":["post-3374","post","type-post","status-publish","format-standard","hentry","category-ced"],"aioseo_notices":[],"jetpack_featured_media_url":"","jetpack_sharing_enabled":true,"jetpack-related-posts":[],"_links":{"self":[{"href":"http:\/\/www.ced.org.tr\/index.php?rest_route=\/wp\/v2\/posts\/3374","targetHints":{"allow":["GET"]}}],"collection":[{"href":"http:\/\/www.ced.org.tr\/index.php?rest_route=\/wp\/v2\/posts"}],"about":[{"href":"http:\/\/www.ced.org.tr\/index.php?rest_route=\/wp\/v2\/types\/post"}],"author":[{"embeddable":true,"href":"http:\/\/www.ced.org.tr\/index.php?rest_route=\/wp\/v2\/users\/1"}],"replies":[{"embeddable":true,"href":"http:\/\/www.ced.org.tr\/index.php?rest_route=%2Fwp%2Fv2%2Fcomments&post=3374"}],"version-history":[{"count":0,"href":"http:\/\/www.ced.org.tr\/index.php?rest_route=\/wp\/v2\/posts\/3374\/revisions"}],"wp:attachment":[{"href":"http:\/\/www.ced.org.tr\/index.php?rest_route=%2Fwp%2Fv2%2Fmedia&parent=3374"}],"wp:term":[{"taxonomy":"category","embeddable":true,"href":"http:\/\/www.ced.org.tr\/index.php?rest_route=%2Fwp%2Fv2%2Fcategories&post=3374"},{"taxonomy":"post_tag","embeddable":true,"href":"http:\/\/www.ced.org.tr\/index.php?rest_route=%2Fwp%2Fv2%2Ftags&post=3374"}],"curies":[{"name":"wp","href":"https:\/\/api.w.org\/{rel}","templated":true}]}}