{"id":3376,"date":"2008-03-12T11:16:28","date_gmt":"2008-03-12T09:16:28","guid":{"rendered":"http:\/\/www.ced.org.tr\/?p=3376"},"modified":"2008-03-12T11:16:28","modified_gmt":"2008-03-12T09:16:28","slug":"tebden-ieodan-sgkya-tepki","status":"publish","type":"post","link":"http:\/\/www.ced.org.tr\/?p=3376","title":{"rendered":"TEB&#8217;DEN, \u0130EO&#8217;DAN SGK&#8217;YA TEPK\u0130"},"content":{"rendered":"<p>SGK&#39;n\u0131n re&ccedil;ete provizyon sisteminde koydu\u011fu ve eczac\u0131 &ouml;rg&uuml;tlerini yok sayan mesaja TEB&#39;den ve \u0130EO&#39;dan sert tepki geldi.<\/p>\n<p align=\"justify\">Sosyal G&uuml;venlik Kurumu ile anla\u015fmal\u0131 eczaneler taraf\u0131ndan kullan\u0131lan Kurum provizyon sisteminin eczane aray&uuml;z&uuml;nde, 11.03.2008 tarihinde (bug&uuml;n) &ldquo;SENELERCE &Ccedil;E\u015e\u0130TL\u0130 SIKINTILARA G\u0130REREK, KM.LERCE YOL KATED\u0130P S&Ouml;ZLE\u015eMELER\u0130N\u0130 YAPMAK \u0130&Ccedil;\u0130N ZAHMETLERE G\u0130REN KURUMUMUZLA S&Ouml;ZLE\u015eME YAPMI\u015e ECZACILAR BUNDAN SONRA ECZANELER\u0130NDE ELEKTRON\u0130K ORTAMDA H\u0130&Ccedil;B\u0130R &Uuml;CRET &Ouml;DEMEDEN 2008 YILI S&Ouml;ZLE\u015eMELER\u0130N\u0130 YEN\u0130LEYEB\u0130LMELER\u0130 \u0130&Ccedil;\u0130N &Ccedil;ALI\u015eMALARIMIZ SON A\u015eAMAYA GELM\u0130\u015eT\u0130R.&rdquo; mesaj\u0131 yay\u0131mlanm\u0131\u015ft\u0131r. <\/p>\n<p align=\"justify\">Bu t&uuml;r i&ccedil;eri\u011fe sahip bir mesaj\u0131n &uuml;lke genelinde 26.000 eczac\u0131n\u0131n temsilcisi 51 eczac\u0131 odas\u0131n\u0131n ve T&uuml;rk Eczac\u0131lar\u0131 Birli\u011fi Kanunu&rsquo;nun 39\/j maddesi ile kendisine kamu ve &ouml;zel kurumlarla protokol yapma yetkisi ve g&ouml;revi verilmi\u015f olan Birli\u011fimizin atlanarak do\u011frudan eczac\u0131lara aktar\u0131m\u0131 son derece &uuml;z&uuml;c&uuml;d&uuml;r. Bu tavr\u0131n her iki taraf\u0131 da ba\u011flayan bir yasa arac\u0131l\u0131\u011f\u0131 ile SGK ile s&uuml;rd&uuml;rd&uuml;\u011f&uuml;m&uuml;z&nbsp; kurumsal ili\u015fki usul ve erkan\u0131na uymad\u0131\u011f\u0131, bir nezaketsizli\u011fin eseri oldu\u011fu d&uuml;\u015f&uuml;ncesindeyiz. <\/p>\n<p align=\"justify\">S&ouml;z konusu mesaj metninin i&ccedil;eri\u011fi ve &uuml;slubu hi&ccedil;bir sorgulamaya yer b\u0131rakmayacak bi&ccedil;imde g&ouml;stermektedir ki, yap\u0131lmak istenen; &uuml;yelerimizi, ila&ccedil; ve eczac\u0131l\u0131k hizmetinin temin esaslar\u0131 ile ilgili konularda kendileri ad\u0131na s&ouml;zle\u015fme yapma yetkisine sahip olan &ouml;rg&uuml;tl&uuml; g&uuml;&ccedil; \u015femsiyesi alt\u0131ndan &ccedil;\u0131karmakt\u0131r.<\/p>\n<p align=\"justify\">Di\u011fer yandan, ilgili mesaj\u0131n bug&uuml;n yay\u0131mlanmas\u0131n\u0131n da tesad&uuml;f olmad\u0131\u011f\u0131n\u0131 d&uuml;\u015f&uuml;nmekteyiz.&nbsp; 10.03.2008 tarihinde Sosyal G&uuml;venlik Kurumu GSS Genel M&uuml;d&uuml;r&uuml; ile yap\u0131lan bir g&ouml;r&uuml;\u015fmede, mesleki konularla ilgili olmayan bir talebin taraf\u0131m\u0131zca reddedilmesinin bu mesaj\u0131n yay\u0131mlanmas\u0131n\u0131 tetikledi\u011fi,<strong> akl\u0131n arkas\u0131ndaki niyetin &ouml;ne &ccedil;ekildi\u011fi, bu niyetin ki\u015fisel h\u0131rsla yo\u011frularak bug&uuml;n yay\u0131mlanan mesaj ile v&uuml;cut buldu\u011fu d&uuml;\u015f&uuml;n&uuml;lmektedir.<\/strong> Sosyal G&uuml;venlik Kurumu ile yap\u0131lan temaslarda, ya\u015fanan s&uuml;re&ccedil;te al\u0131nan kararlarda, Kurum&rsquo;da tart\u0131\u015f\u0131lmak ve Kurum g&ouml;r&uuml;\u015f&uuml; olu\u015fturulmak yerine ki\u015fisel bir yakla\u015f\u0131m\u0131n s&uuml;rd&uuml;r&uuml;ld&uuml;\u011f&uuml;, bug&uuml;nk&uuml; tavr\u0131n da, ki\u015fisel bir karar ile ortaya &ccedil;\u0131kt\u0131\u011f\u0131 g&ouml;r&uuml;lmektedir. <\/p>\n<p><strong>Gelinen noktada, 26.000 eczac\u0131n\u0131n, 51 eczac\u0131 odas\u0131n\u0131n ve 50 y\u0131l\u0131 a\u015fk\u0131n bir meslek &ouml;rg&uuml;t&uuml;n&uuml;n g&uuml;c&uuml;n&uuml; ve sabr\u0131n\u0131 s\u0131nayanlar, bug&uuml;ne kadar eczac\u0131lar\u0131n halk sa\u011fl\u0131\u011f\u0131 ve meslekleri i&ccedil;in g&ouml;sterdi\u011fi fedakarl\u0131\u011f\u0131 g&ouml;rmezden gelerek bir &ccedil;\u0131kar ili\u015fkisi s&uuml;rd&uuml;rmek isterlerse, bunun sonucunda kar\u015f\u0131lar\u0131nda s&ouml;zle\u015fme paras\u0131 ile sat\u0131n alamayacaklar\u0131 bir &ouml;rg&uuml;tl&uuml; g&uuml;&ccedil; ve bilin&ccedil; bulacaklard\u0131r. T&uuml;rk Eczac\u0131lar\u0131 Birli\u011fi ve eczac\u0131 odalar\u0131m\u0131z g&uuml;c&uuml;n&uuml; s&ouml;zle\u015fme &uuml;cretlerinden de\u011fil, &uuml;yelerinin &ouml;rg&uuml;tl&uuml;l&uuml;k bilincinden almaktad\u0131r.&nbsp;&nbsp; <\/strong><strong><\/p>\n<p align=\"justify\">T&uuml;rk Eczac\u0131lar\u0131 Birli\u011fi&rsquo;nin kurumsal kimli\u011finin gere\u011fi olarak, bundan sonraki kurumsal tavr\u0131 da, Birli\u011fimize y&ouml;nelmi\u015f ki\u015fisel &ouml;fke ve hezeyanlar kar\u015f\u0131s\u0131nda; kurumsal ili\u015fkileri temel almaya devam etmek ve kurumsal d&uuml;zeydeki temaslar\u0131 s&uuml;rd&uuml;rmek olacakt\u0131r. <\/p>\n<p><\/strong><\/p>\n<p align=\"justify\">Bizler, kurumsal ili\u015fkilerimiz ki\u015fisel ihtiraslara kurban gitmeden ve bu tavr\u0131n somut nedenlerini Say\u0131n Bakan&rsquo;la ve gerekirse kamuoyu ile payla\u015fmadan &ouml;nce, Sosyal G&uuml;venlik Kurumu&rsquo;nun tavr\u0131n\u0131 h\u0131zla netle\u015ftirmesini ve bu tavr\u0131n kurumsal nitelik ta\u015f\u0131mad\u0131\u011f\u0131n\u0131 a&ccedil;\u0131klamas\u0131n\u0131 bekliyoruz. Aksi takdirde, eczac\u0131l\u0131k hizmetlerinin aksamas\u0131ndan ve eczac\u0131n\u0131n kendisine ait olmayan kamu g&ouml;revlerini yapmamas\u0131ndan do\u011facak olan kaotik ortam\u0131n sorumlusunun bizler de\u011fil eczac\u0131lar\u0131n &ouml;rg&uuml;tl&uuml; g&uuml;c&uuml;n&uuml; k&uuml;&ccedil;&uuml;mseyenler olaca\u011f\u0131n\u0131n bilinmesini istiyoruz.&nbsp; <\/p>\n<p align=\"justify\">Eczac\u0131 kamuoyuna ve yetkililere sayg\u0131 ile duyururuz. <\/p>\n<p align=\"justify\">T&uuml;rk Eczac\u0131lar\u0131 Birli\u011fi Merkez Heyeti<br \/>11.03.2008<\/p>\n","protected":false},"excerpt":{"rendered":"<p>SGK&#39;n\u0131n re&ccedil;ete provizyon sisteminde koydu\u011fu ve eczac\u0131 &ouml;rg&uuml;tlerini yok sayan mesaja TEB&#39;den ve \u0130EO&#39;dan sert tepki geldi. Sosyal G&uuml;venlik Kurumu&#46;&#46;&#46;<\/p>\n","protected":false},"author":1,"featured_media":0,"comment_status":"closed","ping_status":"closed","sticky":false,"template":"","format":"standard","meta":{"_jetpack_memberships_contains_paid_content":false,"footnotes":""},"categories":[1],"tags":[],"class_list":["post-3376","post","type-post","status-publish","format-standard","hentry","category-ced"],"aioseo_notices":[],"jetpack_featured_media_url":"","jetpack_sharing_enabled":true,"jetpack-related-posts":[],"_links":{"self":[{"href":"http:\/\/www.ced.org.tr\/index.php?rest_route=\/wp\/v2\/posts\/3376","targetHints":{"allow":["GET"]}}],"collection":[{"href":"http:\/\/www.ced.org.tr\/index.php?rest_route=\/wp\/v2\/posts"}],"about":[{"href":"http:\/\/www.ced.org.tr\/index.php?rest_route=\/wp\/v2\/types\/post"}],"author":[{"embeddable":true,"href":"http:\/\/www.ced.org.tr\/index.php?rest_route=\/wp\/v2\/users\/1"}],"replies":[{"embeddable":true,"href":"http:\/\/www.ced.org.tr\/index.php?rest_route=%2Fwp%2Fv2%2Fcomments&post=3376"}],"version-history":[{"count":0,"href":"http:\/\/www.ced.org.tr\/index.php?rest_route=\/wp\/v2\/posts\/3376\/revisions"}],"wp:attachment":[{"href":"http:\/\/www.ced.org.tr\/index.php?rest_route=%2Fwp%2Fv2%2Fmedia&parent=3376"}],"wp:term":[{"taxonomy":"category","embeddable":true,"href":"http:\/\/www.ced.org.tr\/index.php?rest_route=%2Fwp%2Fv2%2Fcategories&post=3376"},{"taxonomy":"post_tag","embeddable":true,"href":"http:\/\/www.ced.org.tr\/index.php?rest_route=%2Fwp%2Fv2%2Ftags&post=3376"}],"curies":[{"name":"wp","href":"https:\/\/api.w.org\/{rel}","templated":true}]}}