{"id":3377,"date":"2008-03-14T15:34:35","date_gmt":"2008-03-14T13:34:35","guid":{"rendered":"http:\/\/www.ced.org.tr\/?p=3377"},"modified":"2008-03-14T15:34:35","modified_gmt":"2008-03-14T13:34:35","slug":"dev-sirketler-para-kazansin-diye-yuz-binlerce-insan-oluyor","status":"publish","type":"post","link":"http:\/\/www.ced.org.tr\/?p=3377","title":{"rendered":"DEV \u015e\u0130RKETLER PARA KAZANSIN D\u0130YE Y\u00dcZ B\u0130NLERCE \u0130NSAN \u00d6L\u00dcYOR"},"content":{"rendered":"<p><strong>Sava\u015f sadece silah &uuml;reten \u015firketlere de\u011fil, bir&ccedil;ok \u015firkete b&uuml;y&uuml;k karlar b\u0131rak\u0131yor. Sava\u015flar da &ouml;zelle\u015ftirildi diyebiliriz buna. Dev \u015firketler, onlar\u0131n ta\u015feronu \u015firketler b&uuml;y&uuml;k paralar kazan\u0131yor sava\u015flarda. Ve onlar\u0131n para kazanmas\u0131 y&uuml;z binlerce insan\u0131n ya\u015fam\u0131na maloluyor.<\/strong><\/p>\n<div class=\"haber_metin\" style=\"font-size: 10pt\"><strong><br \/>&nbsp;Herkes elinden geleni yaparsa, d&uuml;nyada daha az sava\u015f &ccedil;\u0131kacak, daha az insan &ouml;lecek, daha az ac\u0131 &ccedil;ekilecek .<\/strong><\/div>\n<div class=\"haber_metin\" style=\"font-size: 10pt\">\n<table border=\"0\" width=\"100%\">\n<tbody>\n<tr>\n<td class=\"haber_metin\" colspan=\"2\" style=\"font-size: 8pt\">&nbsp;<\/td>\n<\/tr>\n<tr>\n<td align=\"left\"><\/td>\n<td align=\"right\">&nbsp;<\/td>\n<\/tr>\n<tr>\n<td colspan=\"2\"><img loading=\"lazy\" decoding=\"async\" src=\"http:\/\/www.birgun.net\/themes\/default\/images\/pix.gif\" alt=\"\" width=\"1\" height=\"10\" \/><\/td>\n<\/tr>\n<tr>\n<td colspan=\"2\">\n<div class=\"haber_metin\" style=\"font-size: 10pt\">ABD ordusunun Irak birli\u011finde 11 ay g&ouml;rev yapan, daha sonra Afganistan&#39;a g&ouml;nderilmek istenince ordudan ayr\u0131lan ve sava\u015f kar\u015f\u0131t\u0131 harekete kat\u0131lan Chriss Capp, BirG&uuml;n&#39;e &ccedil;arp\u0131c\u0131 a&ccedil;\u0131klamalarda bulundu.<br \/>K&uuml;resel Bar\u0131\u015f ve Adalet Koalisyonu&#39;nun (K&uuml;resel BAK) davetlisi olarak T&uuml;rkiye&#39;ye gelen Capp, &quot;Pizza da\u011f\u0131t\u0131c\u0131s\u0131yd\u0131m. Ekonomik durumum iyi de\u011fildi. Para kazan\u0131p &uuml;niversite e\u011fitimi almak istedim. Ba\u015flang\u0131&ccedil;ta sava\u015f\u0131n ne anlama geldi\u011fini do\u011frusu bilmiyordum. Irak&#39;ta g&ouml;rd&uuml;klerim, ya\u015fad\u0131klar\u0131m kar\u015f\u0131s\u0131nda &ccedil;ok sars\u0131ld\u0131m. Bize Irakl\u0131lar, insanlar olarak de\u011fil, insan alt\u0131 yarat\u0131klar olarak tan\u0131t\u0131ld\u0131. \u015eimdi anl\u0131yorum ki, ancak b&ouml;yle bir psikolojik ortam yarat\u0131larak, Irakl\u0131lar\u0131n &uuml;lkesinin i\u015fgali ve &ouml;ld&uuml;r&uuml;lmeleri makul g&ouml;sterilebilirdi&quot; dedi. Sava\u015f &uuml;zerinde, sava\u015f\u0131n etik olmad\u0131\u011f\u0131 konusunda ilk kez Irak&#39;ta d&uuml;\u015f&uuml;nmeye, bilin&ccedil; sahibi olmaya ba\u015flad\u0131\u011f\u0131n\u0131 anlatan Capp, &quot;11 ayl\u0131k Irak g&ouml;revimin ard\u0131ndan bu kez Afganistan&#39;a g&ouml;ndermeye kalkt\u0131lar. Art\u0131k yeter dedim ve ordudan ayr\u0131lma karar\u0131 verdim&quot; dedi. Capp, \u015fimdi Almanya&#39;da &uuml;niversite tahsilini s&uuml;rd&uuml;r&uuml;yor ve d&uuml;nyay\u0131 dola\u015farak sava\u015f kar\u015f\u0131t\u0131 hareketin bayraktarlar\u0131ndan biri olarak g&ouml;rev yap\u0131yor.<br \/>&nbsp;<\/div>\n<div class=\"haber_metin\" style=\"font-size: 10pt\">\n<table border=\"0\" width=\"100%\">\n<tbody>\n<tr>\n<td class=\"haber_metin\" colspan=\"2\" style=\"font-size: 8pt\">\n<div class=\"haber_metin\" style=\"font-size: 10pt\">Yaz\u0131n\u0131n tamam\u0131 i&ccedil;in t\u0131klay\u0131n\u0131z.<\/div>\n<div class=\"haber_metin\" style=\"font-size: 10pt\"><a href=\"http:\/\/www.birgun.net\/bolum-56-haber-60040.html\" title=\"http:\/\/www.birgun.net\/bolum-56-haber-60040.html\"><u><font color=\"#0000ff\">http:\/\/www.birgun.net\/bolum-56-haber-60040.html<\/font><\/u><\/a><\/div>\n<\/td>\n<\/tr>\n<tr>\n<td align=\"left\"><span class=\"news_title\">IRAK GAZ\u0130S\u0130 ABD&#39;L\u0130 ASKER CHR\u0130SS CAPP, B\u0130RG&Uuml;N&#39;E KONU\u015eTU: Dev \u015firketler para kazans\u0131n diye y&uuml;z binlerce insan &ouml;l&uuml;yor. 01\/03\/2008<\/span><\/td>\n<\/tr>\n<\/tbody>\n<\/table>\n<\/div>\n<\/td>\n<\/tr>\n<\/tbody>\n<\/table>\n<\/div>\n","protected":false},"excerpt":{"rendered":"<p>Sava\u015f sadece silah &uuml;reten \u015firketlere de\u011fil, bir&ccedil;ok \u015firkete b&uuml;y&uuml;k karlar b\u0131rak\u0131yor. Sava\u015flar da &ouml;zelle\u015ftirildi diyebiliriz buna. Dev \u015firketler, onlar\u0131n ta\u015feronu&#46;&#46;&#46;<\/p>\n","protected":false},"author":1,"featured_media":0,"comment_status":"closed","ping_status":"closed","sticky":false,"template":"","format":"standard","meta":{"_jetpack_memberships_contains_paid_content":false,"footnotes":""},"categories":[1],"tags":[],"class_list":["post-3377","post","type-post","status-publish","format-standard","hentry","category-ced"],"aioseo_notices":[],"jetpack_featured_media_url":"","jetpack_sharing_enabled":true,"jetpack-related-posts":[],"_links":{"self":[{"href":"http:\/\/www.ced.org.tr\/index.php?rest_route=\/wp\/v2\/posts\/3377","targetHints":{"allow":["GET"]}}],"collection":[{"href":"http:\/\/www.ced.org.tr\/index.php?rest_route=\/wp\/v2\/posts"}],"about":[{"href":"http:\/\/www.ced.org.tr\/index.php?rest_route=\/wp\/v2\/types\/post"}],"author":[{"embeddable":true,"href":"http:\/\/www.ced.org.tr\/index.php?rest_route=\/wp\/v2\/users\/1"}],"replies":[{"embeddable":true,"href":"http:\/\/www.ced.org.tr\/index.php?rest_route=%2Fwp%2Fv2%2Fcomments&post=3377"}],"version-history":[{"count":0,"href":"http:\/\/www.ced.org.tr\/index.php?rest_route=\/wp\/v2\/posts\/3377\/revisions"}],"wp:attachment":[{"href":"http:\/\/www.ced.org.tr\/index.php?rest_route=%2Fwp%2Fv2%2Fmedia&parent=3377"}],"wp:term":[{"taxonomy":"category","embeddable":true,"href":"http:\/\/www.ced.org.tr\/index.php?rest_route=%2Fwp%2Fv2%2Fcategories&post=3377"},{"taxonomy":"post_tag","embeddable":true,"href":"http:\/\/www.ced.org.tr\/index.php?rest_route=%2Fwp%2Fv2%2Ftags&post=3377"}],"curies":[{"name":"wp","href":"https:\/\/api.w.org\/{rel}","templated":true}]}}