{"id":3378,"date":"2008-03-14T15:36:45","date_gmt":"2008-03-14T13:36:45","guid":{"rendered":"http:\/\/www.ced.org.tr\/?p=3378"},"modified":"2008-03-14T15:36:45","modified_gmt":"2008-03-14T13:36:45","slug":"5-yillik-isgale-son-mitingi","status":"publish","type":"post","link":"http:\/\/www.ced.org.tr\/?p=3378","title":{"rendered":"5 YILLIK \u0130\u015eGALE SON Mitingi"},"content":{"rendered":"<p><span><strong>11.00 &#8211; <\/strong>Tepe Nautilus &ouml;n&uuml;nde bulu\u015fma<\/span><br \/><span><strong>12.00 &#8211;<\/strong> Y&uuml;r&uuml;y&uuml;\u015f&uuml; ba\u015flang\u0131c\u0131<\/span><br \/><span><strong>13.00 &#8211;<\/strong> Miting (Kad\u0131k&ouml;y \u0130skele Meydan\u0131)<\/span><br \/><span>&nbsp;&nbsp;&nbsp;&nbsp;&nbsp;&nbsp;&nbsp;&nbsp;&nbsp;&nbsp;&nbsp; <strong>GRUP MARS\u0130S<\/strong> ve <strong>AYL\u0130N ASLIM<\/strong>&#39;dan \u015fark\u0131lar<\/span><br \/><span>&nbsp;&nbsp;&nbsp;&nbsp;&nbsp;&nbsp;&nbsp;&nbsp;&nbsp;&nbsp;&nbsp; Bar\u0131\u015f i\u015fareti (Humanist grubunun katk\u0131lar\u0131yla miting alan\u0131nda insan zincirinden dev bir <\/span><br \/><span>&nbsp;&nbsp;&nbsp;&nbsp;&nbsp;&nbsp;&nbsp;&nbsp;&nbsp;&nbsp;&nbsp; bar\u0131\u015f i\u015fareti olu\u015fturulmas\u0131<\/span>)<\/p>\n<p><span>T&uuml;m Sava\u015f Kar\u015f\u0131tlar\u0131n\u0131<\/span><br \/><strong><span style=\"color: red\">&nbsp; &quot;Irak&#39;ta i\u015fgale son&quot;,<\/span><\/strong><strong><span><br \/>&nbsp;&nbsp;&nbsp; <span style=\"color: #339966\">&quot;Evine d&ouml;n Bush&quot;,<\/span><br \/>&nbsp;&nbsp;&nbsp;&nbsp;&nbsp;&nbsp; <span style=\"color: #ff6600\">&quot;T&uuml;rkiye&#39;nin ABD ve \u0130srail&#39;le i\u015fbirli\u011fine son&quot;,<\/span><br \/><span style=\"color: #3366ff\">&nbsp;&nbsp; &nbsp;&nbsp;&nbsp; &nbsp;&nbsp;&nbsp; &quot;\u0130ncirlik &Uuml;ss&uuml; kapat\u0131ls\u0131n, i\u015fgalcilerin evi olmas\u0131n&quot;,<\/span><br \/><span>&nbsp; <\/span>&nbsp;&nbsp; &nbsp;&nbsp;&nbsp;&nbsp;&nbsp;&nbsp; &nbsp;&nbsp;&nbsp;<span style=\"color: fuchsia\"> &quot;ABD \u0130ran&#39;a dokunma&quot;<\/span><span style=\"color: purple\"><br \/><\/span><\/span><\/strong><span>&nbsp;&nbsp;&nbsp; &nbsp;&nbsp;&nbsp; &nbsp;&nbsp;&nbsp; &nbsp;&nbsp;&nbsp; &nbsp;&nbsp;&nbsp; &nbsp;&nbsp;&nbsp; &nbsp;&nbsp;&nbsp; &nbsp;&nbsp;&nbsp; &nbsp;&nbsp;&nbsp; &nbsp;&nbsp;&nbsp; &nbsp;&nbsp;&nbsp; &nbsp;&nbsp;&nbsp; &nbsp;&nbsp;&nbsp; &nbsp;&nbsp;&nbsp; &nbsp;&nbsp; demek i&ccedil;in<br \/>\u0130stanbul Meslek Odalar\u0131 Koordinasyonu&#39;nun d&uuml;zenledi\u011fi<br \/><\/span><strong><span style=\"font-size: 12pt; color: red; font-family: &#39;Times New Roman&#39;\">5 YILLIK \u0130\u015eGALE SON Mitingi<\/span><\/strong><span>&#39;ne bekliyoruz<\/span><\/p>\n","protected":false},"excerpt":{"rendered":"<p>11.00 &#8211; Tepe Nautilus &ouml;n&uuml;nde bulu\u015fma12.00 &#8211; Y&uuml;r&uuml;y&uuml;\u015f&uuml; ba\u015flang\u0131c\u013113.00 &#8211; Miting (Kad\u0131k&ouml;y \u0130skele Meydan\u0131)&nbsp;&nbsp;&nbsp;&nbsp;&nbsp;&nbsp;&nbsp;&nbsp;&nbsp;&nbsp;&nbsp; GRUP MARS\u0130S ve AYL\u0130N ASLIM&#39;dan \u015fark\u0131lar&nbsp;&nbsp;&nbsp;&nbsp;&nbsp;&nbsp;&nbsp;&nbsp;&nbsp;&nbsp;&nbsp;&#46;&#46;&#46;<\/p>\n","protected":false},"author":1,"featured_media":0,"comment_status":"closed","ping_status":"closed","sticky":false,"template":"","format":"standard","meta":{"_jetpack_memberships_contains_paid_content":false,"footnotes":""},"categories":[1],"tags":[],"class_list":["post-3378","post","type-post","status-publish","format-standard","hentry","category-ced"],"aioseo_notices":[],"jetpack_featured_media_url":"","jetpack_sharing_enabled":true,"jetpack-related-posts":[],"_links":{"self":[{"href":"http:\/\/www.ced.org.tr\/index.php?rest_route=\/wp\/v2\/posts\/3378","targetHints":{"allow":["GET"]}}],"collection":[{"href":"http:\/\/www.ced.org.tr\/index.php?rest_route=\/wp\/v2\/posts"}],"about":[{"href":"http:\/\/www.ced.org.tr\/index.php?rest_route=\/wp\/v2\/types\/post"}],"author":[{"embeddable":true,"href":"http:\/\/www.ced.org.tr\/index.php?rest_route=\/wp\/v2\/users\/1"}],"replies":[{"embeddable":true,"href":"http:\/\/www.ced.org.tr\/index.php?rest_route=%2Fwp%2Fv2%2Fcomments&post=3378"}],"version-history":[{"count":0,"href":"http:\/\/www.ced.org.tr\/index.php?rest_route=\/wp\/v2\/posts\/3378\/revisions"}],"wp:attachment":[{"href":"http:\/\/www.ced.org.tr\/index.php?rest_route=%2Fwp%2Fv2%2Fmedia&parent=3378"}],"wp:term":[{"taxonomy":"category","embeddable":true,"href":"http:\/\/www.ced.org.tr\/index.php?rest_route=%2Fwp%2Fv2%2Fcategories&post=3378"},{"taxonomy":"post_tag","embeddable":true,"href":"http:\/\/www.ced.org.tr\/index.php?rest_route=%2Fwp%2Fv2%2Ftags&post=3378"}],"curies":[{"name":"wp","href":"https:\/\/api.w.org\/{rel}","templated":true}]}}