{"id":3385,"date":"2008-04-01T11:09:42","date_gmt":"2008-04-01T08:09:42","guid":{"rendered":"http:\/\/www.ced.org.tr\/?p=3385"},"modified":"2008-04-01T11:09:42","modified_gmt":"2008-04-01T08:09:42","slug":"nisan-ayi-sgk-koli-teslimat-programi-hakkinda","status":"publish","type":"post","link":"http:\/\/www.ced.org.tr\/?p=3385","title":{"rendered":"N\u0130SAN AYI SGK KOL\u0130 TESL\u0130MAT PROGRAMI HAKKINDA"},"content":{"rendered":"<p>Nisan ay\u0131 koli teslimat program\u0131 hakk\u0131nda SGK \u0130stanbul Sa\u011fl\u0131k \u0130\u015fleri taraf\u0131ndan yap\u0131lan duyuru.<\/p>\n<table border=\"1\" cellspacing=\"0\" cellpadding=\"4\" width=\"100%\" style=\"border-collapse: separate; border-color: #999999\">\n<tbody>\n<tr>\n<td>\n<table border=\"0\" cellspacing=\"0\" cellpadding=\"0\">\n<tbody>\n<tr>\n<td>\n<div align=\"center\"><span class=\"NormalBaslik\">N\u0130SAN AYI SGK KOL\u0130 TESL\u0130MATI<\/span><\/div>\n<\/td>\n<\/tr>\n<tr>\n<td class=\"NormalYazi\" colspan=\"2\" width=\"70%\" align=\"left\" valign=\"top\"><strong>Yazan: <\/strong>&Uuml;sk&uuml;dar \u0130la&ccedil; ve Eczac\u0131l\u0131k Birimi &nbsp;&nbsp; <\/td>\n<\/tr>\n<tr>\n<td class=\"NormalYazi\" colspan=\"2\" valign=\"top\">Pazartesi, 31 Mart 2008 <\/td>\n<\/tr>\n<tr>\n<td class=\"NormalYazi\" colspan=\"2\" align=\"justify\" valign=\"top\">\n<div align=\"justify\">Nisan ay\u0131 koli teslimat\u0131 G&ouml;ztepe ar\u015fivinde a\u015fa\u011f\u0131daki programa g&ouml;re, t&uuml;m kurumlar i&ccedil;in birle\u015ftirilmi\u015f \u015fekilde yap\u0131lacakt\u0131r. Gereksiz y\u0131\u011f\u0131lman\u0131n olu\u015fmamas\u0131 i&ccedil;in eczac\u0131lar\u0131m\u0131z\u0131n programa uymalar\u0131n\u0131 rica ederiz.<\/div>\n<p><\/p>\n<div class=\"NormalYazi\" align=\"justify\">Koliler S&ouml;zle\u015fmeli Eczac\u0131 haricindeki ki\u015filerce de teslim edilebilir.<\/p>\n<p>Kargo ile teslimat yapacak eczac\u0131lar\u0131m\u0131z i&ccedil;in g&uuml;n s\u0131n\u0131rlamas\u0131 yap\u0131lmayacakt\u0131r.<\/p>\n<p>Koli teslimat\u0131ndan &ouml;nce yap\u0131lmas\u0131 gereken i\u015flemler hakk\u0131nda ve koli teslimat\u0131nda dikkat edilecek hususlarla ilgili ilanlar\u0131m\u0131z dikkatlice okunmal\u0131 ve gerekleri yerine getirilmelidir.<\/p>\n<p>Serbest g&uuml;nlerde koli al\u0131m\u0131 saat 09.00 &lsquo;da ba\u015flayacak 15.30&rsquo;a kadar gelenlerin kolileri al\u0131nacak, 16.00 itibari ile koli al\u0131m i\u015flemi sonland\u0131r\u0131lacakt\u0131r.<\/p>\n<p>Numaral\u0131 g&uuml;nlerde koli al\u0131m\u0131 saat 09.00 &lsquo;da ba\u015flayacak 16.00&rsquo;a kadar gelenlerin kolileri al\u0131nacak, 16.30 itibari ile koli al\u0131m i\u015flemi sonland\u0131r\u0131lacakt\u0131r.<\/p>\n<p>Bilindi\u011fi &uuml;zere son d&ouml;nem re&ccedil;ete koli teslimat\u0131 eczanelere g&ouml;re ayr\u0131lm\u0131\u015f belirli g&uuml;nler d&acirc;hilinde G&ouml;ztepe depomuz taraf\u0131ndan sorunsuz ve &ouml;nceki d&ouml;nemlere g&ouml;re daha az s\u0131k\u0131nt\u0131l\u0131 teslim al\u0131nmaktad\u0131r. <\/p>\n<p>T&uuml;m duyurular\u0131m\u0131za ra\u011fmen kolilerini taraf\u0131m\u0131zca duyurulan kriterlere uygun haz\u0131rlamayan S&ouml;zle\u015fmeli Eczanelerimiz nedeniyle istenmeyen gecikmeler olu\u015fabilmektedir. <\/p>\n<p>Bu nedenlerle ge&ccedil;mi\u015f d&ouml;nemlerde oldu\u011fu gibi bu d&ouml;nemde de teslim g&uuml;nlerine azami &ouml;zen g&ouml;stermeniz, kolilerinizi dikkatli ve eksiksiz haz\u0131rlaman\u0131z, G&ouml;ztepe Depomuzda sizlere hizmet veren personelimize yard\u0131mc\u0131 olman\u0131z\u0131 rica ederiz.<\/p>\n<p><u><strong>1-2-3-4 N\u0130SAN (SALI-&Ccedil;AR\u015eAMBA-PER\u015eEMBE-CUMA) <\/strong><\/u><\/p>\n<p>Bu tarihler aras\u0131nda sadece zorunlu durumlarda s&ouml;zle\u015fme numaras\u0131 d&uuml;zenine ba\u011fl\u0131 olmaks\u0131z\u0131n t&uuml;m s&ouml;zle\u015fmeli eczanelerimiz koli teslim edebileceklerdir.<br \/><u><strong><br \/>7-8-9-10-11 N\u0130SAN (PAZARTES\u0130-SALI-&Ccedil;AR\u015eAMBA-PER\u015eEMBE-CUMA)<\/strong><\/u><\/p>\n<p>\u0130STANBUL ili s&ouml;zle\u015fmeli eczanelerimiz, bu tarihler aras\u0131nda 1834. ile ba\u015flayan Emekli Sand\u0131\u011f\u0131 sicil numaras\u0131n\u0131n son rakam\u0131na g&ouml;re kolilerini teslim edeceklerdir.<\/p>\n<p>Herhangi bir nedenle bu tarihlere uyamayacak olan eczanelerimiz kolilerini <strong>1-2-3-4 N\u0130SAN<\/strong> tarihlerinden birinde teslim etmelidirler.<br \/><u><strong><br \/>14 N\u0130SAN (PAZARTES\u0130)<\/strong><\/u><\/p>\n<p>TRAKYA illeri s&ouml;zle\u015fme eczaneler teslim d&ouml;nemidir. Ancak ihtiya&ccedil; halinde k\u0131s\u0131tl\u0131 olarak \u0130stanbul ili s&ouml;zle\u015fmeli eczaneleri teslimat\u0131 da d&uuml;\u015f&uuml;n&uuml;lecektir.<\/p><\/div>\n<div align=\"left\">\n<table border=\"1\" cellspacing=\"0\" cellpadding=\"0\" width=\"100%\">\n<tbody>\n<tr>\n<td class=\"NormalYazi\" width=\"112\">\n<p align=\"center\">TESL\u0130MAT G&Uuml;N&Uuml;<\/p>\n<\/td>\n<td class=\"NormalYazi\" colspan=\"2\" width=\"159\">\n<p align=\"center\">TESL\u0130MAT D&Uuml;ZEN\u0130<\/p>\n<\/td>\n<\/tr>\n<tr>\n<td class=\"NormalYazi\" width=\"112\" valign=\"bottom\">\n<p align=\"center\">01.Nis.08<\/p>\n<\/td>\n<td class=\"NormalYazi\" colspan=\"2\" rowspan=\"4\" width=\"159\">\n<p align=\"center\"><strong>Sadece zorunlu durumlarda <\/strong>s&ouml;zle\u015fme numaras\u0131 d&uuml;zenine ba\u011fl\u0131 olmaks\u0131z\u0131n teslimat<\/p>\n<\/td>\n<\/tr>\n<tr>\n<td class=\"NormalYazi\" width=\"112\" valign=\"bottom\">\n<p align=\"center\">02.Nis.08<\/p>\n<\/td>\n<\/tr>\n<tr>\n<td class=\"NormalYazi\" width=\"112\" valign=\"bottom\">\n<p align=\"center\">03.Nis.08<\/p>\n<\/td>\n<\/tr>\n<tr>\n<td class=\"NormalYazi\" width=\"112\" valign=\"bottom\">\n<p align=\"center\">04.Nis.08<\/p>\n<\/td>\n<\/tr>\n<tr>\n<td class=\"NormalYazi\" width=\"112\" valign=\"bottom\">\n<p align=\"center\">07.Nis.08<\/p>\n<\/td>\n<td width=\"64\" valign=\"bottom\">\n<p align=\"center\">3-4<\/p>\n<\/td>\n<td class=\"NormalYazi\" rowspan=\"5\" width=\"95\">\n<p align=\"center\">\u0130stanbul \u0130li Emekli Sand\u0131\u011f\u0131 Sicil numaras\u0131n\u0131n son rakam\u0131na g&ouml;re<\/p>\n<\/td>\n<\/tr>\n<tr>\n<td class=\"NormalYazi\" width=\"112\" valign=\"bottom\">\n<p align=\"center\">08.Nis.08<\/p>\n<\/td>\n<td class=\"NormalYazi\" width=\"64\" valign=\"bottom\">\n<p align=\"center\">1-2<\/p>\n<\/td>\n<\/tr>\n<tr>\n<td class=\"NormalYazi\" width=\"112\" valign=\"bottom\">\n<p align=\"center\">09.Nis.08<\/p>\n<\/td>\n<td class=\"NormalYazi\" width=\"64\" valign=\"bottom\">\n<p align=\"center\">9-0<\/p>\n<\/td>\n<\/tr>\n<tr>\n<td class=\"NormalYazi\" width=\"112\" valign=\"bottom\">\n<p align=\"center\">10.Nis.08<\/p>\n<\/td>\n<td class=\"NormalYazi\" width=\"64\" valign=\"bottom\">\n<p align=\"center\">7-8<\/p>\n<\/td>\n<\/tr>\n<tr>\n<td class=\"NormalYazi\" width=\"112\" valign=\"bottom\">\n<p align=\"center\">11.Nis.08<\/p>\n<\/td>\n<td class=\"NormalYazi\" width=\"64\" valign=\"bottom\">\n<p align=\"center\">5-6<\/p>\n<\/td>\n<\/tr>\n<tr>\n<td class=\"NormalYazi\" width=\"112\" valign=\"bottom\">\n<p align=\"center\">14.Nis.08<\/p>\n<\/td>\n<td class=\"NormalYazi\" colspan=\"2\" width=\"159\" valign=\"bottom\">\n<p align=\"center\">TRAKYA \u0130LLER\u0130<\/p>\n<\/td>\n<\/tr>\n<\/tbody>\n<\/table>\n<\/div>\n<\/td>\n<\/tr>\n<tr>\n<td class=\"NormalYazi\" colspan=\"2\" align=\"left\">Son G&uuml;ncelleme ( Pazartesi, 31 Mart 2008 ) <\/td>\n<\/tr>\n<\/tbody>\n<\/table>\n<\/td>\n<\/tr>\n<\/tbody>\n<\/table>\n","protected":false},"excerpt":{"rendered":"<p>Nisan ay\u0131 koli teslimat program\u0131 hakk\u0131nda SGK \u0130stanbul Sa\u011fl\u0131k \u0130\u015fleri taraf\u0131ndan yap\u0131lan duyuru. N\u0130SAN AYI SGK KOL\u0130 TESL\u0130MATI Yazan: &Uuml;sk&uuml;dar&#46;&#46;&#46;<\/p>\n","protected":false},"author":1,"featured_media":0,"comment_status":"closed","ping_status":"closed","sticky":false,"template":"","format":"standard","meta":{"_jetpack_memberships_contains_paid_content":false,"footnotes":""},"categories":[1],"tags":[],"class_list":["post-3385","post","type-post","status-publish","format-standard","hentry","category-ced"],"aioseo_notices":[],"jetpack_featured_media_url":"","jetpack_sharing_enabled":true,"jetpack-related-posts":[],"_links":{"self":[{"href":"http:\/\/www.ced.org.tr\/index.php?rest_route=\/wp\/v2\/posts\/3385","targetHints":{"allow":["GET"]}}],"collection":[{"href":"http:\/\/www.ced.org.tr\/index.php?rest_route=\/wp\/v2\/posts"}],"about":[{"href":"http:\/\/www.ced.org.tr\/index.php?rest_route=\/wp\/v2\/types\/post"}],"author":[{"embeddable":true,"href":"http:\/\/www.ced.org.tr\/index.php?rest_route=\/wp\/v2\/users\/1"}],"replies":[{"embeddable":true,"href":"http:\/\/www.ced.org.tr\/index.php?rest_route=%2Fwp%2Fv2%2Fcomments&post=3385"}],"version-history":[{"count":0,"href":"http:\/\/www.ced.org.tr\/index.php?rest_route=\/wp\/v2\/posts\/3385\/revisions"}],"wp:attachment":[{"href":"http:\/\/www.ced.org.tr\/index.php?rest_route=%2Fwp%2Fv2%2Fmedia&parent=3385"}],"wp:term":[{"taxonomy":"category","embeddable":true,"href":"http:\/\/www.ced.org.tr\/index.php?rest_route=%2Fwp%2Fv2%2Fcategories&post=3385"},{"taxonomy":"post_tag","embeddable":true,"href":"http:\/\/www.ced.org.tr\/index.php?rest_route=%2Fwp%2Fv2%2Ftags&post=3385"}],"curies":[{"name":"wp","href":"https:\/\/api.w.org\/{rel}","templated":true}]}}