{"id":3389,"date":"2008-04-22T10:33:03","date_gmt":"2008-04-22T07:33:03","guid":{"rendered":"http:\/\/www.ced.org.tr\/?p=3389"},"modified":"2008-04-22T10:33:03","modified_gmt":"2008-04-22T07:33:03","slug":"eczane-calisanlarinin-egitim-basvurulari-hakkinda","status":"publish","type":"post","link":"http:\/\/www.ced.org.tr\/?p=3389","title":{"rendered":"ECZANE \u00c7ALI\u015eANLARININ E\u011e\u0130T\u0130M BA\u015eVURULARI HAKKINDA"},"content":{"rendered":"<p><span style=\"font-size: 9pt; font-family: Verdana\"><font color=\"#000000\">T&uuml;rk Eczac\u0131lar\u0131 Birli\u011fi, 10.12.2007 tarihinde T.C. Sa\u011fl\u0131k Bakanl\u0131\u011f\u0131 ve T.C. Milli E\u011fitim Bakanl\u0131\u011f\u0131 ile Eczane &Ccedil;al\u0131\u015fanlar\u0131n\u0131n E\u011fitimi ile ilgili protokol imzalam\u0131\u015ft\u0131r.<\/font><\/span><\/p>\n<p><span style=\"font-size: 9pt; font-family: Verdana\"><\/span><\/p>\n<p><span style=\"font-size: 9pt; font-family: Verdana\"><font color=\"#000000\">Protokol&rsquo;e g&ouml;re bir y\u0131l eczanede &ccedil;al\u0131\u015fm\u0131\u015f oldu\u011funu sigorta kay\u0131tlar\u0131 ile belgeleyen eczane &ccedil;al\u0131\u015fanlar\u0131n\u0131n bir kereye mahsus olmak &uuml;zere e\u011fitimlerinin sa\u011flanmas\u0131, T.C. Sa\u011fl\u0131k Bakanl\u0131\u011f\u0131, T.C. Milli E\u011fitim Bakanl\u0131\u011f\u0131, T&uuml;rk Eczac\u0131lar\u0131 Birli\u011fi ve B&ouml;lge Eczac\u0131 Odalar\u0131 taraf\u0131ndan yap\u0131lacakt\u0131r. Program 256 saat teorik, 1200 saat pratik olmak &uuml;zere toplam 1456 saattir. \u0130ki y\u0131l sonunda t&uuml;m eczane &ccedil;al\u0131\u015fanlar\u0131n\u0131n sertifikaland\u0131r\u0131lm\u0131\u015f olmas\u0131 \u015fart\u0131 bak\u0131m\u0131ndan, programa kat\u0131l\u0131m zorunludur.<\/font><\/span><\/p>\n<p>&nbsp;<\/p>\n<p><span style=\"font-size: 9pt; font-family: Verdana\"><font color=\"#000000\">&nbsp;&nbsp;&nbsp;&nbsp;<strong>Ba\u015fvurular 21.04.2008 tarihinde ba\u015flayacak olup 23.05.2008 tarihinde sona erecektir.<\/strong> E\u011fitim tarihleri ayr\u0131ca ilan edilecektir.<\/font><\/span><font color=\"#000000\"><strong><u><span style=\"font-size: 9pt; font-family: Verdana\">E\u011fitime kat\u0131lma ko\u015fullar\u0131 ve istenen belgeler<\/span><\/u><\/strong><\/font> <\/p>\n<ul>\n<li class=\"MsoNormal\" style=\"margin: 0cm 0cm 0pt; line-height: 15pt; tab-stops: list 36.0pt\"><span style=\"font-size: 9pt; font-family: Verdana\"><font color=\"#000000\">En az ilkokul veya ilk&ouml;\u011fretim okulu mezunu olmak <u>(Diploma sureti ve n&uuml;fus c&uuml;zdan fotokopisi)<\/u> <\/font><\/span><\/li>\n<li class=\"MsoNormal\" style=\"margin: 0cm 0cm 0pt; line-height: 15pt; tab-stops: list 36.0pt\"><span style=\"font-size: 9pt; font-family: Verdana\"><font color=\"#000000\">Sa\u011fl\u0131k durumu mesle\u011fini icra etmesine uygun olmak <u>(Tek doktor raporu yeterlidir.)<\/u> <\/font><\/span><\/li>\n<li class=\"MsoNormal\" style=\"margin: 0cm 0cm 0pt; line-height: 15pt; tab-stops: list 36.0pt\"><span style=\"font-size: 9pt; font-family: Verdana\"><font color=\"#000000\">Protokol&rsquo;&uuml;n y&uuml;r&uuml;rl&uuml;\u011fe girdi\u011fi tarihte eczanelerde, eczac\u0131ya destek personeli olarak asgari 1 y\u0131l &ccedil;al\u0131\u015fm\u0131\u015f oldu\u011funu belgeleyen <u>sigorta prim makbuzlar\u0131<\/u> (Kesintili olabilir, toplamda 1 y\u0131l\u0131n tamamlanm\u0131\u015f olmas\u0131 gerekir) <\/font><\/span><\/li>\n<li class=\"MsoNormal\" style=\"margin: 0cm 0cm 0pt; line-height: 15pt; tab-stops: list 36.0pt\"><span style=\"font-size: 9pt; font-family: Verdana\"><font color=\"#000000\">Ekte yer alan <u>FORM<\/u> doldurularak a\u015fa\u011f\u0131da belirtilen ba\u015fvuru merkezlerinden birine istenen belgelerle birlikte teslim edilmelidir.<\/font><\/span><\/li>\n<\/ul>\n<p style=\"margin: 0cm 0cm 0pt; line-height: 15pt; tab-stops: list 36.0pt\" class=\"MsoNormal\"><span style=\"font-size: 9pt; font-family: Verdana\"><\/span><\/p>\n<p style=\"margin: 0cm 0cm 0pt; line-height: 15pt; tab-stops: list 36.0pt\" class=\"MsoNormal\">&nbsp;<\/p>\n<p><font color=\"#000000\"><strong><u><span style=\"font-size: 9pt; font-family: Verdana\">Ba\u015fvuru Merkezleri<\/span><\/u><\/strong><\/font> <\/p>\n<ul>\n<li class=\"MsoNormal\" style=\"margin: 0cm 0cm 0pt; line-height: 15pt; tab-stops: list 36.0pt\"><span style=\"font-size: 9pt; font-family: Verdana\"><font color=\"#000000\">\u0130stanbul Eczac\u0131 Odas\u0131 B&ouml;lge Temsilcileri <\/font><\/span><\/li>\n<li class=\"MsoNormal\" style=\"margin: 0cm 0cm 0pt; line-height: 15pt; tab-stops: list 36.0pt\"><span style=\"font-size: 9pt; font-family: Verdana\"><font color=\"#000000\">\u0130l&ccedil;e Sa\u011fl\u0131k Grup Ba\u015fkanl\u0131klar\u0131 <\/font><\/span><\/li>\n<li class=\"MsoNormal\" style=\"margin: 0cm 0cm 0pt; line-height: 15pt; tab-stops: list 36.0pt\"><span style=\"font-size: 9pt; font-family: Verdana\"><font color=\"#000000\">\u0130l&ccedil;e Halk E\u011fitim Merkezleri <\/font><\/span><\/li>\n<\/ul>\n<p style=\"margin: 0cm 0cm 0pt\" class=\"MsoNormal\">&nbsp;<\/p>\n<p style=\"margin: 0cm 0cm 0pt\" class=\"MsoNormal\"><strong><span style=\"font-size: 9pt; font-family: Verdana\"><a href=\"http:\/\/www.istanbuleczaciodasi.org.tr\/_docs\/2008\/04\/halkegitim.doc\" target=\"_blank\"><u><font color=\"#284775\">BA\u015eVURU FORMU \u0130&Ccedil;\u0130N TIKLAYINIZ<\/font><\/u><\/a><\/span><\/strong><\/p>\n","protected":false},"excerpt":{"rendered":"<p>T&uuml;rk Eczac\u0131lar\u0131 Birli\u011fi, 10.12.2007 tarihinde T.C. Sa\u011fl\u0131k Bakanl\u0131\u011f\u0131 ve T.C. Milli E\u011fitim Bakanl\u0131\u011f\u0131 ile Eczane &Ccedil;al\u0131\u015fanlar\u0131n\u0131n E\u011fitimi ile ilgili protokol&#46;&#46;&#46;<\/p>\n","protected":false},"author":1,"featured_media":0,"comment_status":"closed","ping_status":"closed","sticky":false,"template":"","format":"standard","meta":{"_jetpack_memberships_contains_paid_content":false,"footnotes":""},"categories":[1],"tags":[],"class_list":["post-3389","post","type-post","status-publish","format-standard","hentry","category-ced"],"aioseo_notices":[],"jetpack_featured_media_url":"","jetpack_sharing_enabled":true,"jetpack-related-posts":[],"_links":{"self":[{"href":"http:\/\/www.ced.org.tr\/index.php?rest_route=\/wp\/v2\/posts\/3389","targetHints":{"allow":["GET"]}}],"collection":[{"href":"http:\/\/www.ced.org.tr\/index.php?rest_route=\/wp\/v2\/posts"}],"about":[{"href":"http:\/\/www.ced.org.tr\/index.php?rest_route=\/wp\/v2\/types\/post"}],"author":[{"embeddable":true,"href":"http:\/\/www.ced.org.tr\/index.php?rest_route=\/wp\/v2\/users\/1"}],"replies":[{"embeddable":true,"href":"http:\/\/www.ced.org.tr\/index.php?rest_route=%2Fwp%2Fv2%2Fcomments&post=3389"}],"version-history":[{"count":0,"href":"http:\/\/www.ced.org.tr\/index.php?rest_route=\/wp\/v2\/posts\/3389\/revisions"}],"wp:attachment":[{"href":"http:\/\/www.ced.org.tr\/index.php?rest_route=%2Fwp%2Fv2%2Fmedia&parent=3389"}],"wp:term":[{"taxonomy":"category","embeddable":true,"href":"http:\/\/www.ced.org.tr\/index.php?rest_route=%2Fwp%2Fv2%2Fcategories&post=3389"},{"taxonomy":"post_tag","embeddable":true,"href":"http:\/\/www.ced.org.tr\/index.php?rest_route=%2Fwp%2Fv2%2Ftags&post=3389"}],"curies":[{"name":"wp","href":"https:\/\/api.w.org\/{rel}","templated":true}]}}