{"id":3393,"date":"2008-04-25T12:59:38","date_gmt":"2008-04-25T09:59:38","guid":{"rendered":"http:\/\/www.ced.org.tr\/?p=3393"},"modified":"2008-04-25T12:59:38","modified_gmt":"2008-04-25T09:59:38","slug":"nukleer-santrala-hayir","status":"publish","type":"post","link":"http:\/\/www.ced.org.tr\/?p=3393","title":{"rendered":"N\u00dcKLEER SANTRALA HAYIR!"},"content":{"rendered":"<p><span style=\"font-size: 10pt; color: #cc0000; font-family: &#39;Century Gothic&#39;\"><strong><u><img loading=\"lazy\" decoding=\"async\" style=\"width: 448px; height: 60px\" src=\"images\/stories\/belgeler\/26nisan.gif\" border=\"0\" alt=\"26 nisan kad\u0131k&ouml;y\" title=\"26 nisan kad\u0131k&ouml;y\" vspace=\"4\" width=\"448\" height=\"60\" align=\"textTop\" \/>&nbsp;<\/u><\/strong><\/span><\/p>\n<p><span style=\"font-size: 10pt; color: #cc0000; font-family: &#39;Century Gothic&#39;\"><\/p>\n<p class=\"MsoNormal\"><span style=\"font-size: 36pt; color: purple; font-family: &#39;Century Gothic&#39;\">N&uuml;kleer Santrala<\/span><\/p>\n<p class=\"MsoNormal\"><span style=\"font-size: 36pt; color: purple; font-family: &#39;Century Gothic&#39;\">Hay\u0131r!<\/span><\/p>\n<p><\/span><\/p>\n<p><span style=\"font-size: 10pt; color: #cc0000; font-family: &#39;Century Gothic&#39;\"><strong><u>26 Nisan&#39;da Kad\u0131k&ouml;y&#39;deyiz<\/u><\/strong>&nbsp;<strong>&nbsp;<\/strong><\/span><\/p>\n<p><span style=\"font-size: 10pt; color: #cc0000; font-family: &#39;Century Gothic&#39;\"><\/span><\/p>\n<p><span style=\"font-size: 10pt; font-family: &#39;Century Gothic&#39;\"><strong><img loading=\"lazy\" decoding=\"async\" src=\"images\/stories\/belgeler\/nukleer.jpg\" border=\"0\" alt=\"n&uuml;kleer\" title=\"n&uuml;kleer\" hspace=\"4\" width=\"223\" height=\"346\" align=\"left\" \/><span style=\"font-size: 10pt; font-family: &#39;Century Gothic&#39;\">Ge&ccedil;en Kas\u0131m ay\u0131nda y&uuml;r&uuml;rl&uuml;\u011fe giren N&uuml;kleer Yasas\u0131 ile beraber n&uuml;kleer santrallar konusunda tart\u0131\u015fmalar h\u0131z kazand\u0131. Bu bir ilk de\u011fil. N&uuml;kleer santral kurulmas\u0131 on y\u0131llard\u0131r &ccedil;e\u015fitli h&uuml;k&uuml;metler taraf\u0131ndan dayat\u0131l\u0131yor. Santral\u0131n kurulmas\u0131 planlanan Sinop ve Akkuyu gibi yerellerde ba\u015fta olmak &uuml;zere t&uuml;m T&uuml;rkiye&rsquo;deki n&uuml;kleer kar\u015f\u0131tlar\u0131n\u0131n verdi\u011fi m&uuml;cadele sayesinde, santral kurmak i&ccedil;in at\u0131lan her ad\u0131m geri &ccedil;ekildi.&nbsp;<\/span><\/strong><\/span><span style=\"font-size: 10pt; font-family: &#39;Century Gothic&#39;\"><strong> <\/p>\n<p class=\"MsoNormal\"><strong><span style=\"font-size: 10pt; font-family: &#39;Century Gothic&#39;\">N&uuml;kleer santral kurma meselesini inatla &ouml;n&uuml;m&uuml;ze getirenler halk\u0131 ger&ccedil;eklikten uzak verilerle, yalanlarla, vaatlerle ikna etmeye &ccedil;al\u0131\u015f\u0131yorlar. <\/span><\/strong><\/p>\n<p class=\"MsoNormal\"><strong><span style=\"font-size: 10pt; font-family: &#39;Century Gothic&#39;\">Enerji Bakan\u0131 Hilmi G&uuml;ler&rsquo;in dedi\u011finin aksine n&uuml;kleer santrallara mecbur de\u011filiz. &Ccedil;&uuml;nk&uuml; n&uuml;kleer santraller ucuz de\u011fildir, tehlikelidir. Hen&uuml;z n&uuml;kleer at\u0131klar\u0131n ne yap\u0131laca\u011f\u0131 hakk\u0131nda bir cevap bulunamam\u0131\u015fken, n&uuml;kleer kazalar\u0131n ger&ccedil;ekle\u015fmeyece\u011fine dair herhangi bir g&uuml;vence de yoktur. N&uuml;kleer santrallar insan sa\u011fl\u0131\u011f\u0131 &uuml;zerindeki olumsuz etkilerinin yan\u0131 s\u0131ra t&uuml;m ekolojik dengeyi de alt &uuml;st etmektedir.&nbsp;<\/span><\/strong><\/p>\n<p><\/strong><\/span><\/p>\n<p class=\"MsoNormal\"><strong><span style=\"font-size: 10pt; font-family: &#39;Century Gothic&#39;\">Kurulmas\u0131 planlanan santral\u0131n yap\u0131m\u0131n\u0131n 6-7 y\u0131l i&ccedil;erisinde tamamlanaca\u011f\u0131n\u0131 iddia edenler 20-25 senedir santral in\u015faas\u0131n\u0131 tamamlayamayan Arjantin ve Brezilya gibi &ouml;rnekleri g&ouml;rmezden geliyorlar. <\/span><\/strong><\/p>\n<p class=\"MsoNormal\"><strong><span style=\"font-size: 10pt; font-family: &#39;Century Gothic&#39;\">D&uuml;nyadaki n&uuml;kleer santrallar\u0131n kap\u0131s\u0131na bir bir kilit vuruluyor. Bir&ccedil;ok santral g&uuml;venlik gerek&ccedil;esiyle kapat\u0131l\u0131rken bir&ccedil;o\u011fu da &ouml;mr&uuml;n&uuml; dolduruyor. Bir n&uuml;kleer santral\u0131n &ouml;mr&uuml; en fazla 30 y\u0131l iken h&uuml;k&uuml;met n&uuml;kleerin gelece\u011fin enerjisi oldu\u011fu r&uuml;yas\u0131na inanmam\u0131z\u0131 bekliyor.&nbsp;<\/span><\/strong><\/p>\n<p class=\"MsoNormal\"><strong><span style=\"font-size: 10pt; font-family: &#39;Century Gothic&#39;\">Bu r&uuml;yan\u0131n kimlere yarayaca\u011f\u0131 &ccedil;ok a&ccedil;\u0131k. N&uuml;kleer tart\u0131\u015fmalar\u0131 ba\u015flad\u0131\u011f\u0131 andan itibaren Bakan G&uuml;ler&rsquo;in a&ccedil;\u0131klamalar\u0131n\u0131n hemen ard\u0131ndan holding ba\u015fkanlar\u0131n\u0131n, \u015firket s&ouml;zc&uuml;lerinin a&ccedil;\u0131klamalar\u0131yla kar\u015f\u0131la\u015f\u0131yoruz. N&uuml;kleer Enerji konusunda konferanslara kat\u0131l\u0131p halk\u0131n bu konuda fikir birli\u011fine sahip oldu\u011funu s&ouml;yleyen Enerji Bakan\u0131, kapal\u0131 kap\u0131lar ard\u0131nda holding temsilcileriyle n&uuml;kleer ihalesinin pazarl\u0131\u011f\u0131n\u0131 yap\u0131yor.&nbsp;<\/span><\/strong><\/p>\n<p class=\"MsoNormal\"><strong><span style=\"font-size: 10pt; font-family: &#39;Century Gothic&#39;\">N&uuml;kleer santral kurma konusundaki bu \u0131srar\u0131n ard\u0131nda n&uuml;kleer silah yapmak oldu\u011funu g&ouml;r&uuml;yoruz. N&uuml;kleer santrallar bar\u0131\u015f&ccedil;\u0131l bir teknoloji de\u011fildir.<\/span><\/strong><\/p>\n<p class=\"MsoNormal\"><strong><span style=\"font-size: 10pt; font-family: &#39;Century Gothic&#39;\">N&uuml;kleer Yasas\u0131&rsquo;n\u0131 h\u0131zla ger&ccedil;irenler \u015eubat ay\u0131nda ihale i&ccedil;in bir araya gelecekler. Son g&uuml;nlerde yap\u0131lan bir a&ccedil;\u0131klamada ise y\u0131l sonunda n&uuml;kleer i&ccedil;in ilk kazmalar\u0131n vurulaca\u011f\u0131 iddia edildi. Yasay\u0131 ge&ccedil;irmi\u015f olabilirler ancak n&uuml;kleer santral kurmak o kadar kolay olmayacak. &Ccedil;&uuml;nk&uuml; biz n&uuml;kleer kar\u015f\u0131tlar\u0131 yine sokakta olaca\u011f\u0131z.<\/span><\/strong><\/p>\n<p class=\"MsoNormal\"><strong><span style=\"font-size: 10pt; font-family: &#39;Century Gothic&#39;\">Enerji Bakanl\u0131\u011f\u0131 n&uuml;kleer santral yap\u0131m\u0131 i&ccedil;in 9 kriter belirledi. Bizim ise kriterimiz yok. Hangi ko\u015fullarda olursa olsun n&uuml;kleer santral yap\u0131m\u0131na kar\u015f\u0131y\u0131z. Hangi gerek&ccedil;elerle olursa olsun n&uuml;kleere kar\u015f\u0131 olan herkesle 26 Nisan 2008&rsquo;de, &Ccedil;ernobil felaketinin 22. y\u0131ld&ouml;n&uuml;m&uuml;nde Kad\u0131k&ouml;y Meydan\u0131&rsquo;nda<span>&nbsp; <\/span>bulu\u015faca\u011f\u0131z.<\/span><\/strong><\/p>\n<p class=\"MsoNormal\"><strong><span style=\"font-size: 10pt; font-family: &#39;Century Gothic&#39;\">Ba\u015fka bir enerji m&uuml;mk&uuml;n!<\/span><\/strong><\/p>\n<p class=\"MsoNormal\"><strong><span style=\"font-size: 10pt; color: purple; font-family: &#39;Century Gothic&#39;\">K&Uuml;RESEL EYLEM GRUBU<\/span><\/strong><\/p>\n","protected":false},"excerpt":{"rendered":"<p>&nbsp; N&uuml;kleer Santrala Hay\u0131r! 26 Nisan&#39;da Kad\u0131k&ouml;y&#39;deyiz&nbsp;&nbsp; Ge&ccedil;en Kas\u0131m ay\u0131nda y&uuml;r&uuml;rl&uuml;\u011fe giren N&uuml;kleer Yasas\u0131 ile beraber n&uuml;kleer santrallar konusunda tart\u0131\u015fmalar&#46;&#46;&#46;<\/p>\n","protected":false},"author":1,"featured_media":0,"comment_status":"closed","ping_status":"closed","sticky":false,"template":"","format":"standard","meta":{"_jetpack_memberships_contains_paid_content":false,"footnotes":""},"categories":[1],"tags":[],"class_list":["post-3393","post","type-post","status-publish","format-standard","hentry","category-ced"],"aioseo_notices":[],"jetpack_featured_media_url":"","jetpack_sharing_enabled":true,"jetpack-related-posts":[],"_links":{"self":[{"href":"http:\/\/www.ced.org.tr\/index.php?rest_route=\/wp\/v2\/posts\/3393","targetHints":{"allow":["GET"]}}],"collection":[{"href":"http:\/\/www.ced.org.tr\/index.php?rest_route=\/wp\/v2\/posts"}],"about":[{"href":"http:\/\/www.ced.org.tr\/index.php?rest_route=\/wp\/v2\/types\/post"}],"author":[{"embeddable":true,"href":"http:\/\/www.ced.org.tr\/index.php?rest_route=\/wp\/v2\/users\/1"}],"replies":[{"embeddable":true,"href":"http:\/\/www.ced.org.tr\/index.php?rest_route=%2Fwp%2Fv2%2Fcomments&post=3393"}],"version-history":[{"count":0,"href":"http:\/\/www.ced.org.tr\/index.php?rest_route=\/wp\/v2\/posts\/3393\/revisions"}],"wp:attachment":[{"href":"http:\/\/www.ced.org.tr\/index.php?rest_route=%2Fwp%2Fv2%2Fmedia&parent=3393"}],"wp:term":[{"taxonomy":"category","embeddable":true,"href":"http:\/\/www.ced.org.tr\/index.php?rest_route=%2Fwp%2Fv2%2Fcategories&post=3393"},{"taxonomy":"post_tag","embeddable":true,"href":"http:\/\/www.ced.org.tr\/index.php?rest_route=%2Fwp%2Fv2%2Ftags&post=3393"}],"curies":[{"name":"wp","href":"https:\/\/api.w.org\/{rel}","templated":true}]}}