{"id":3394,"date":"2008-04-30T09:42:56","date_gmt":"2008-04-30T06:42:56","guid":{"rendered":"http:\/\/www.ced.org.tr\/?p=3394"},"modified":"2008-04-30T09:42:56","modified_gmt":"2008-04-30T06:42:56","slug":"1-mayista-taksimdeyiz","status":"publish","type":"post","link":"http:\/\/www.ced.org.tr\/?p=3394","title":{"rendered":"1 MAYIS&#8217;TA TAKS\u0130MDEY\u0130Z"},"content":{"rendered":"<p>1 May\u0131s&#39;\u0131n i\u015f&ccedil;i s\u0131n\u0131f\u0131n\u0131n, ezilenlerin, emek&ccedil;ilerin bask\u0131ya, zulme, s&ouml;m&uuml;reye, yoksullu\u011fa, k&ouml;lelik \u015fartlar\u0131nda a\u011f\u0131r &ccedil;al\u0131\u015fma ko\u015fullar\u0131na kar\u015f\u0131 insanca bir ya\u015fam i&ccedil;in s&uuml;rd&uuml;rd&uuml;kleri 122 y\u0131ll\u0131k bir m&uuml;cadele tarihi yat\u0131yor.<\/p>\n<p>&nbsp;<\/p>\n<p>1886 y\u0131l\u0131nda Amerika&#39;da Chicago(\u015fikago) kentinde 8 saatlik i\u015f g&uuml;n&uuml; i&ccedil;in ba\u015flat\u0131lan ve bedeli dar a\u011fa&ccedil;lar\u0131 olan bu m&uuml;cadele 100 y\u0131l\u0131 a\u015fan bir s&uuml;redir devam ediyor. Bug&uuml;n D&uuml;nya emek&ccedil;ileri k&uuml;resel kapitalizmin genel sald\u0131r\u0131s\u0131 kar\u015f\u0131s\u0131nda var olma yok olma m&uuml;cadelesi veriyorlar. Pek &ccedil;ok kapitalist &uuml;lkede toplu s&ouml;zle\u015fme ve grev hakk\u0131 hala yasak, sosyal haklar olduk&ccedil;a s\u0131n\u0131rl\u0131, &ccedil;al\u0131\u015fanlar i\u015f g&uuml;vencesinden yoksun durumdalar. \u0130\u015fsizlik ve yoksulluk k&uuml;resel bir soruna d&ouml;n&uuml;\u015fm&uuml;\u015f. 1 May\u0131s t&uuml;m d&uuml;nyada bu ko\u015fullarda kutlan\u0131yor vede 1 May\u0131s sadece i\u015fci s\u0131n\u0131f\u0131 i&ccedil;in de\u011fil k&uuml;resel kapitalizmin sald\u0131r\u0131lar\u0131ndan nasibini alan t&uuml;m toplum kesimleri i&ccedil;in anlaml\u0131 bir g&uuml;n, birlik, m&uuml;cadele ve&nbsp;dayan\u0131\u015fma g&uuml;n&uuml;d&uuml;r.<\/p>\n<p>&nbsp;<\/p>\n<p>&Uuml;lkemizde de i\u015fcilerden, emek&ccedil;ilerden, eme\u011fi ile ge&ccedil;inen serbest meslek erbab\u0131ndan yana ya\u015fam &ccedil;ok daha a\u011f\u0131r ko\u015fullarda s&uuml;r&uuml;yor.<\/p>\n<p>1 may\u0131s sosyal hak kay\u0131plar\u0131na u\u011frayan t&uuml;m toplum kesimlerinin birlik ve dayan\u0131\u015fman\u0131n &ccedil;ok &ouml;tesinde&nbsp;bir anlam\u0131 var.<\/p>\n<p>&nbsp;<\/p>\n<p>Bunun i&ccedil;in 1 May\u0131s&#39;ta Taksimdeyiz.<\/p>\n<p>&nbsp;<\/p>\n<h3 style=\"color: #ff0000\">Ya\u015fas\u0131n 1 May\u0131s<\/h3>\n<h3 style=\"color: #ff0000\">Ya\u015fas\u0131n Birlik, Dayan\u0131\u015fma, M&uuml;cadele<\/h3>\n","protected":false},"excerpt":{"rendered":"<p>1 May\u0131s&#39;\u0131n i\u015f&ccedil;i s\u0131n\u0131f\u0131n\u0131n, ezilenlerin, emek&ccedil;ilerin bask\u0131ya, zulme, s&ouml;m&uuml;reye, yoksullu\u011fa, k&ouml;lelik \u015fartlar\u0131nda a\u011f\u0131r &ccedil;al\u0131\u015fma ko\u015fullar\u0131na kar\u015f\u0131 insanca bir ya\u015fam i&ccedil;in&#46;&#46;&#46;<\/p>\n","protected":false},"author":1,"featured_media":0,"comment_status":"closed","ping_status":"closed","sticky":false,"template":"","format":"standard","meta":{"_jetpack_memberships_contains_paid_content":false,"footnotes":""},"categories":[1],"tags":[],"class_list":["post-3394","post","type-post","status-publish","format-standard","hentry","category-ced"],"aioseo_notices":[],"jetpack_featured_media_url":"","jetpack_sharing_enabled":true,"jetpack-related-posts":[],"_links":{"self":[{"href":"http:\/\/www.ced.org.tr\/index.php?rest_route=\/wp\/v2\/posts\/3394","targetHints":{"allow":["GET"]}}],"collection":[{"href":"http:\/\/www.ced.org.tr\/index.php?rest_route=\/wp\/v2\/posts"}],"about":[{"href":"http:\/\/www.ced.org.tr\/index.php?rest_route=\/wp\/v2\/types\/post"}],"author":[{"embeddable":true,"href":"http:\/\/www.ced.org.tr\/index.php?rest_route=\/wp\/v2\/users\/1"}],"replies":[{"embeddable":true,"href":"http:\/\/www.ced.org.tr\/index.php?rest_route=%2Fwp%2Fv2%2Fcomments&post=3394"}],"version-history":[{"count":0,"href":"http:\/\/www.ced.org.tr\/index.php?rest_route=\/wp\/v2\/posts\/3394\/revisions"}],"wp:attachment":[{"href":"http:\/\/www.ced.org.tr\/index.php?rest_route=%2Fwp%2Fv2%2Fmedia&parent=3394"}],"wp:term":[{"taxonomy":"category","embeddable":true,"href":"http:\/\/www.ced.org.tr\/index.php?rest_route=%2Fwp%2Fv2%2Fcategories&post=3394"},{"taxonomy":"post_tag","embeddable":true,"href":"http:\/\/www.ced.org.tr\/index.php?rest_route=%2Fwp%2Fv2%2Ftags&post=3394"}],"curies":[{"name":"wp","href":"https:\/\/api.w.org\/{rel}","templated":true}]}}