{"id":3395,"date":"2008-05-01T15:08:02","date_gmt":"2008-05-01T12:08:02","guid":{"rendered":"http:\/\/www.ced.org.tr\/?p=3395"},"modified":"2008-05-01T15:08:02","modified_gmt":"2008-05-01T12:08:02","slug":"bugun-1-mayis-istanbul-kusatma-altinda","status":"publish","type":"post","link":"http:\/\/www.ced.org.tr\/?p=3395","title":{"rendered":"BUG\u00dcN 1 MAYIS, \u0130STANBUL KU\u015eATMA ALTINDA!"},"content":{"rendered":"<p><strong><font face=\"Times New Roman\" size=\"3\"><span style=\"font-weight: bold; font-size: 12pt; color: #ff0000\"><img loading=\"lazy\" decoding=\"async\" src=\"images\/stories\/belgeler\/1mayis2008.jpg\" border=\"0\" alt=\"1 may\u0131s 2008\" title=\"1 may\u0131s 2008\" hspace=\"4\" width=\"146\" height=\"226\" align=\"left\" \/>BUG&Uuml;N 1 MAYIS, \u0130STANBUL KU\u015eATMA ALTINDA!<\/span><\/font><\/strong><\/p>\n<p><strong><\/strong><\/p>\n<p><font face=\"Times New Roman\" size=\"3\"><span style=\"font-weight: bold; font-size: 12pt; color: #000000\"><\/p>\n<p class=\"MsoNormal\"><font face=\"Times New Roman\" size=\"3\"><span style=\"font-size: 12pt\">\u0130\u015f&ccedil;ilerin, emek&ccedil;ilerin, ezilenlerin Birlik M&uuml;cadele ve Dayan\u0131\u015fma G&uuml;n&uuml; olan ve t&uuml;m d&uuml;nyada Emek Bayram\u0131 olarak kutlanan, resmi tatil g&uuml;n&uuml; ilan edilen 1 May\u0131s&rsquo;ta \u0130stanbul&rsquo;a bir kez daha bask\u0131 ve \u015fiddet hakim oldu.<\/span><\/font><\/p>\n<p>&nbsp;<font face=\"Times New Roman\" size=\"3\"><span style=\"font-size: 12pt\">&nbsp;<\/span><\/font> <\/p>\n<p class=\"MsoNormal\"><font face=\"Times New Roman\" size=\"3\"><span style=\"font-size: 12pt\">AKP iktidar\u0131n\u0131n anti-demokratik uygulamalar\u0131 sonucu \u0130stanbul tam bir sava\u015f alan\u0131na d&ouml;n&uuml;\u015ft&uuml;r&uuml;ld&uuml;. Taksim&rsquo;e &ccedil;\u0131kan her yol, her sokak bug&uuml;n ku\u015fatma alt\u0131ndayd\u0131. \u0130nsanlar\u0131n &uuml;zerine gaz bombalar\u0131 at\u0131ld\u0131. Hastaneler bile bu f&uuml;tursuz sald\u0131r\u0131lar\u0131n <\/span><\/font><font face=\"Times New Roman\" size=\"3\"><span style=\"font-size: 12pt\">hedefiydi.<\/span><\/font><\/p>\n<p>&nbsp;<font face=\"Times New Roman\" size=\"3\"><span style=\"font-size: 12pt\">&nbsp;<\/span><\/font> <\/p>\n<p class=\"MsoNormal\"><font face=\"Times New Roman\" size=\"3\"><span style=\"font-size: 12pt\">T&uuml;rk Tabipleri Birli\u011fi, T&uuml;rk Eczac\u0131lar\u0131 Birli\u011fi, \u0130stanbul Eczac\u0131 Odas\u0131, Trabzon Eczac\u0131 Odas\u0131, \u0130stanbul Tabip Odas\u0131, Sa\u011fl\u0131k ve Sosyal Hizmet Emek&ccedil;ileri Sendikas\u0131, &Ccedil;a\u011fda\u015f Eczac\u0131lar Derne\u011fi &uuml;yeleri \u015ei\u015fli Etfal Hastanesi &ouml;n&uuml;nde polis sald\u0131r\u0131s\u0131na u\u011frad\u0131, at\u0131lan gaz bombalar\u0131ndan etkilendiler. Hastanenin acil servisi &ouml;n&uuml;ne at\u0131lan gaz bombas\u0131ndan i&ccedil;eride tedavi g&ouml;ren ba\u015fta l&ouml;semili &ccedil;ocuklar olmak &uuml;zere hasta ve hasta yak\u0131nlar\u0131, hastane &ccedil;al\u0131\u015fanlar\u0131 ciddi bir \u015fekilde etkilendi.<\/span><\/font><\/p>\n<p>&nbsp;<font face=\"Times New Roman\" size=\"3\"><span style=\"font-size: 12pt\">&nbsp;<\/span><\/font> <\/p>\n<p class=\"MsoNormal\"><font face=\"Times New Roman\" size=\"3\"><span style=\"font-size: 12pt\">Soruyoruz! Polis g&uuml;n&uuml; kutlamalar\u0131na, ma&ccedil; sonras\u0131 etkinliklere, y\u0131lba\u015f\u0131 kutlamalar\u0131na a&ccedil;\u0131k olan Taksim meydan\u0131 i\u015f&ccedil;ilere, emek&ccedil;ilere, bizlere neden kapal\u0131? AKP iktidar\u0131 uygulanan bu \u015fiddetin hesab\u0131n\u0131 vermek durumundad\u0131r. Bu tutumu \u015fiddetle protesto ediyoruz.<\/span><\/font><\/p>\n<p class=\"MsoNormal\">&nbsp;<\/p>\n<p>&nbsp;<font face=\"Times New Roman\" size=\"3\"><span style=\"font-size: 12pt\">&nbsp;<\/span><\/font><font face=\"Times New Roman\" size=\"3\"><span style=\"font-size: 12pt; color: #ff0000\">T&uuml;rkiye i\u015f&ccedil;i s\u0131n\u0131f\u0131n\u0131n 1 May\u0131s&rsquo;\u0131 kutlu olsun!<\/span><\/font><\/span><\/font><\/p>\n","protected":false},"excerpt":{"rendered":"<p>BUG&Uuml;N 1 MAYIS, \u0130STANBUL KU\u015eATMA ALTINDA! \u0130\u015f&ccedil;ilerin, emek&ccedil;ilerin, ezilenlerin Birlik M&uuml;cadele ve Dayan\u0131\u015fma G&uuml;n&uuml; olan ve t&uuml;m d&uuml;nyada Emek Bayram\u0131&#46;&#46;&#46;<\/p>\n","protected":false},"author":1,"featured_media":0,"comment_status":"closed","ping_status":"closed","sticky":false,"template":"","format":"standard","meta":{"_jetpack_memberships_contains_paid_content":false,"footnotes":""},"categories":[1],"tags":[],"class_list":["post-3395","post","type-post","status-publish","format-standard","hentry","category-ced"],"aioseo_notices":[],"jetpack_featured_media_url":"","jetpack_sharing_enabled":true,"jetpack-related-posts":[],"_links":{"self":[{"href":"http:\/\/www.ced.org.tr\/index.php?rest_route=\/wp\/v2\/posts\/3395","targetHints":{"allow":["GET"]}}],"collection":[{"href":"http:\/\/www.ced.org.tr\/index.php?rest_route=\/wp\/v2\/posts"}],"about":[{"href":"http:\/\/www.ced.org.tr\/index.php?rest_route=\/wp\/v2\/types\/post"}],"author":[{"embeddable":true,"href":"http:\/\/www.ced.org.tr\/index.php?rest_route=\/wp\/v2\/users\/1"}],"replies":[{"embeddable":true,"href":"http:\/\/www.ced.org.tr\/index.php?rest_route=%2Fwp%2Fv2%2Fcomments&post=3395"}],"version-history":[{"count":0,"href":"http:\/\/www.ced.org.tr\/index.php?rest_route=\/wp\/v2\/posts\/3395\/revisions"}],"wp:attachment":[{"href":"http:\/\/www.ced.org.tr\/index.php?rest_route=%2Fwp%2Fv2%2Fmedia&parent=3395"}],"wp:term":[{"taxonomy":"category","embeddable":true,"href":"http:\/\/www.ced.org.tr\/index.php?rest_route=%2Fwp%2Fv2%2Fcategories&post=3395"},{"taxonomy":"post_tag","embeddable":true,"href":"http:\/\/www.ced.org.tr\/index.php?rest_route=%2Fwp%2Fv2%2Ftags&post=3395"}],"curies":[{"name":"wp","href":"https:\/\/api.w.org\/{rel}","templated":true}]}}