{"id":3397,"date":"2008-05-08T14:00:57","date_gmt":"2008-05-08T11:00:57","guid":{"rendered":"http:\/\/www.ced.org.tr\/?p=3397"},"modified":"2008-05-08T14:00:57","modified_gmt":"2008-05-08T11:00:57","slug":"14-mayis-eczacilik-gunu","status":"publish","type":"post","link":"http:\/\/www.ced.org.tr\/?p=3397","title":{"rendered":"14 MAYIS ECZACILIK G\u00dcN\u00dc"},"content":{"rendered":"<p><font face=\"Times New Roman\" size=\"3\" color=\"#000000\"><span style=\"color: red\"><span style=\"color: red\">14 MAYIS ECZACILIK G&Uuml;N&Uuml;<\/span><\/span><\/font><font face=\"Times New Roman\" size=\"3\" color=\"#000000\"><span style=\"color: red\"><font color=\"#000000\">&nbsp;<\/font> <\/span><\/font><font face=\"Times New Roman\" size=\"3\" color=\"#000000\"><span style=\"color: red\"><\/p>\n<p style=\"margin: 0cm 0cm 0pt\" class=\"MsoNormal\"><font color=\"#000000\">ECZANE V\u0130TR\u0130NLER\u0130M\u0130Z\u0130 KARARTIYORUZ<\/font><\/p>\n<p><font color=\"#000000\">&nbsp;<\/font> <\/p>\n<p style=\"margin: 0cm 0cm 0pt\" class=\"MsoNormal\"><font color=\"#000000\">NEDEN?<\/font><\/p>\n<p><font color=\"#000000\">&nbsp;<\/font> <\/p>\n<p style=\"margin: 0cm 0cm 0pt\" class=\"MsoNormal\"><font color=\"#000000\">AKP iktidar\u0131 eli ile g&uuml;ndeme getirilen, ila&ccedil; ve eczac\u0131l\u0131k alan\u0131nda k&ouml;kl&uuml; de\u011fi\u015fikliklere yol a&ccedil;acak olan iki temel yasa tasar\u0131s\u0131 meclisin g&uuml;ndemine indi, inecek&hellip;<\/font><\/p>\n<p><font color=\"#000000\">&nbsp;<\/font> <\/p>\n<p style=\"margin: 0cm 0cm 0pt\" class=\"MsoNormal\"><font color=\"#000000\">Bu tasar\u0131lar\u0131ndan biri meslek alan\u0131m\u0131z\u0131 do\u011frudan ilgilendirenin de&nbsp;6197 say\u0131l\u0131 Eczac\u0131lar ve Eczaneler Hakk\u0131ndaki Yasa Tasar\u0131s\u0131d\u0131r. Bu tasar\u0131 sadece biz eczac\u0131lar\u0131n ilgi alan\u0131 i&ccedil;ersinde de\u011fil farkl\u0131 sermaye gruplar\u0131n\u0131n ilgisinin de bu tasar\u0131 &uuml;zerinde oldu\u011funu biliyoruz.<\/font><\/p>\n<p><\/span><\/font><font face=\"Times New Roman\" size=\"3\" color=\"#000000\"><\/p>\n<p style=\"margin: 0cm 0cm 0pt\" class=\"MsoNormal\">&nbsp;<\/p>\n<p style=\"margin: 0cm 0cm 0pt\" class=\"MsoNormal\">Sahipli\u011fi ve sorumlulu\u011fu biz eczac\u0131lara ait olan eczanelerimizi sermaye gruplar\u0131n\u0131n sahiplendi\u011fi, serbest piyasa d&uuml;zenine t&uuml;m&uuml; ile entegre edilmi\u015f ve her biri birer ticarethaneye d&ouml;n&uuml;\u015ft&uuml;r&uuml;lecek olan &ldquo;yeni&rdquo; bir eczane d&uuml;zenini yerle\u015ftirme &ccedil;abalar\u0131 var. Zapsu&rsquo;dan, sabanc\u0131lara pek &ccedil;ok sermaye gruplar\u0131 6197 say\u0131l\u0131 yasada bu de\u011fi\u015fikliklerin yap\u0131lmas\u0131 y&ouml;n&uuml;nde siyasi iktidar &uuml;zerinde bask\u0131 olu\u015fturduklar\u0131 da bilinen bir ger&ccedil;ektir. <\/p>\n<p>&nbsp; <\/p>\n<p style=\"margin: 0cm 0cm 0pt\" class=\"MsoNormal\">Eczac\u0131lar\u0131n ortak iradesine ra\u011fmen bu de\u011fi\u015fiklikler yap\u0131labilir mi?<\/p>\n<p style=\"margin: 0cm 0cm 0pt\" class=\"MsoNormal\">Bu, hep birlikte g&ouml;sterece\u011fimiz tepkiye ve ortak bir iradenin ortaya &ccedil;\u0131kmas\u0131na ba\u011fl\u0131d\u0131r. Bug&uuml;n b&ouml;yle bir ortak iradeye d&uuml;nden daha &ccedil;ok ihtiyac\u0131m\u0131z var. \u0130\u015fte karartma eylemi ile bu tarihi sorumlulu\u011fu &uuml;stlenece\u011fiz ve eczaneleri serbest piyasa d&uuml;zeninin bir di\u015flisi haline getirecek d&uuml;zenlemelere olanca g&uuml;c&uuml;m&uuml;zle kar\u015f\u0131 koyaca\u011f\u0131z.<\/p>\n<p>&nbsp; <\/p>\n<p style=\"margin: 0cm 0cm 0pt\" class=\"MsoNormal\">TBMM&rsquo;nin g&uuml;ndemine gelecek olan ikinci &ouml;nemli tasar\u0131 ise \u0130la&ccedil; ve T\u0131bbi Cihaz Kurumu Yasa Tasar\u0131s\u0131d\u0131r. Bu tasar\u0131 ile ila&ccedil; ve eczac\u0131l\u0131k alan\u0131n\u0131n kontrol&uuml; Sa\u011fl\u0131k Bakanl\u0131\u011f\u0131&rsquo;ndan al\u0131n\u0131p ila&ccedil; kurumu gibi toplumsal sorumlulu\u011fu olmayan s&ouml;zde &ldquo;&ouml;zerk&rdquo; bir kuruma devredilecek. \u0130la&ccedil; kurumu ila&ccedil; alan\u0131n\u0131n tek yetkili kurumu haline getirilecek. Tasar\u0131 ile birlikte OTC listesine girecek olan ila&ccedil;lar yada banko &uuml;st&uuml; sat\u0131lan ila&ccedil;lar eczane vitrinlerini s&uuml;sleyecek. OTC birlikte g&uuml;ndeme getirilecek bir di\u011fer &ouml;nemli ad\u0131m ise ila&ccedil;ta reklamd\u0131r.<\/p>\n<p>&nbsp; <\/p>\n<p style=\"margin: 0cm 0cm 0pt\" class=\"MsoNormal\">\u0130la&ccedil; ve T\u0131bbi Cihaz Kurumu Yasa Tasar\u0131s\u0131 ile OTC ve ila&ccedil;ta reklam yasal hale getirilecek. Bu ad\u0131mlar\u0131n bir hamle &ouml;tesinde ise OTC listesine giren ila&ccedil;lar\u0131n eczane d\u0131\u015f\u0131na &ccedil;\u0131kar\u0131lmas\u0131 var. Bu niyetler \u015fimdilik sakl\u0131 tutuluyor!<\/p>\n<p>&nbsp; <\/p>\n<p style=\"margin: 0cm 0cm 0pt\" class=\"MsoNormal\">\u0130la&ccedil;, eczanede ve eczac\u0131 dan\u0131\u015fmanl\u0131\u011f\u0131nda t&uuml;ketime sunulan sosyal bir &uuml;r&uuml;nd&uuml;r. \u0130lac\u0131n ticari bir meta gibi ve ehil olamayan ellerde t&uuml;ketime sunulmas\u0131 ve pazarlanmas\u0131 toplum sa\u011fl\u0131\u011f\u0131 bak\u0131m\u0131ndan olduk&ccedil;a tehlikeli bir ad\u0131md\u0131r. Reklama &ccedil;\u0131kt\u0131ktan birka&ccedil; y\u0131l sonra ciddi &ouml;l&uuml;m riskleri ta\u015f\u0131d\u0131klar\u0131 i&ccedil;in toplat\u0131lan y&uuml;zlerce ilac\u0131n varl\u0131\u011f\u0131 bu ger&ccedil;e\u011fi a&ccedil;\u0131k&ccedil;a ortaya koyuyor.<\/p>\n<p style=\"margin: 0cm 0cm 0pt\" class=\"MsoNormal\">\u0130la&ccedil;lar reklamla ve eczane d\u0131\u015f\u0131nda sat\u0131lamaz.<\/p>\n<p>&nbsp; <\/p>\n<p style=\"margin: 0cm 0cm 0pt\" class=\"MsoNormal\">Eczaneleri serbest piyasa d&uuml;zeninin di\u015flisi haline getirecek ve sermaye gruplar\u0131na pe\u015fke\u015f &ccedil;ekecek hi&ccedil;bir d&uuml;zenleme kabul edilemez.<\/p>\n<p>&nbsp; <\/p>\n<p style=\"margin: 0cm 0cm 0pt\" class=\"MsoNormal\">\u0130stanbul Eczac\u0131 Odas\u0131n\u0131n &ldquo;Gelece\u011fimizin Kararmamas\u0131 \u0130&ccedil;in Vitrinlerimizi Karart\u0131yoruz&rdquo; eylem karar\u0131 bu olumsuz geli\u015fmeleri kamu oyunun g&uuml;ndemine ta\u015f\u0131maya d&ouml;n&uuml;k&nbsp;zamanlamas\u0131 bak\u0131m\u0131ndan do\u011fru ve yerinde bir karard\u0131r.<\/p>\n<p>&nbsp; <\/p>\n<p style=\"margin: 0cm 0cm 0pt\" class=\"MsoNormal\">14 May\u0131s Eczac\u0131l\u0131k g&uuml;n&uuml;n&uuml;n eylem g&uuml;n&uuml; olarak ilan edilmesi ve 13-14 May\u0131s g&uuml;nlerini kapsayan iki g&uuml;nl&uuml;k karartma eyleminin hayata ge&ccedil;irilmesi t&uuml;m eczac\u0131lar a&ccedil;\u0131s\u0131ndan ise&nbsp;tarihi bir sorumluluktur.<\/p>\n<p>&nbsp; <\/p>\n<p style=\"margin: 0cm 0cm 0pt\" class=\"MsoNormal\">AKP iktidar\u0131 eliyle g&uuml;ndeme getirilen;<\/p>\n<p style=\"margin: 0cm 0cm 0pt\" class=\"MsoNormal\">\u0130lac\u0131n eczane d\u0131\u015f\u0131nda ve reklam ile sat\u0131lmas\u0131na,<\/p>\n<p style=\"margin: 0cm 0cm 0pt\" class=\"MsoNormal\">Eczanelerimizin sermaye gruplar\u0131na teslim edilmesine d&ouml;n&uuml;k neo liberal politikalara ge&ccedil;it vermeyece\u011fiz.<\/p>\n<p style=\"margin: 0cm 0cm 0pt\" class=\"MsoNormal\">&nbsp;<\/p>\n<address><span style=\"color: red\">Haydi karatma eylemi i&ccedil;in g&ouml;rev ba\u015f\u0131na,<\/span><\/address>\n<address><span style=\"color: red\">Haydi hep birlikte ayd\u0131nl\u0131k bir gelecek i&ccedil;in dayan\u0131\u015fmaya.<\/span><\/address>\n<p><\/font><\/p>\n","protected":false},"excerpt":{"rendered":"<p>14 MAYIS ECZACILIK G&Uuml;N&Uuml;&nbsp; ECZANE V\u0130TR\u0130NLER\u0130M\u0130Z\u0130 KARARTIYORUZ &nbsp; NEDEN? &nbsp; AKP iktidar\u0131 eli ile g&uuml;ndeme getirilen, ila&ccedil; ve eczac\u0131l\u0131k alan\u0131nda&#46;&#46;&#46;<\/p>\n","protected":false},"author":1,"featured_media":0,"comment_status":"closed","ping_status":"closed","sticky":false,"template":"","format":"standard","meta":{"_jetpack_memberships_contains_paid_content":false,"footnotes":""},"categories":[1],"tags":[],"class_list":["post-3397","post","type-post","status-publish","format-standard","hentry","category-ced"],"aioseo_notices":[],"jetpack_featured_media_url":"","jetpack_sharing_enabled":true,"jetpack-related-posts":[],"_links":{"self":[{"href":"http:\/\/www.ced.org.tr\/index.php?rest_route=\/wp\/v2\/posts\/3397","targetHints":{"allow":["GET"]}}],"collection":[{"href":"http:\/\/www.ced.org.tr\/index.php?rest_route=\/wp\/v2\/posts"}],"about":[{"href":"http:\/\/www.ced.org.tr\/index.php?rest_route=\/wp\/v2\/types\/post"}],"author":[{"embeddable":true,"href":"http:\/\/www.ced.org.tr\/index.php?rest_route=\/wp\/v2\/users\/1"}],"replies":[{"embeddable":true,"href":"http:\/\/www.ced.org.tr\/index.php?rest_route=%2Fwp%2Fv2%2Fcomments&post=3397"}],"version-history":[{"count":0,"href":"http:\/\/www.ced.org.tr\/index.php?rest_route=\/wp\/v2\/posts\/3397\/revisions"}],"wp:attachment":[{"href":"http:\/\/www.ced.org.tr\/index.php?rest_route=%2Fwp%2Fv2%2Fmedia&parent=3397"}],"wp:term":[{"taxonomy":"category","embeddable":true,"href":"http:\/\/www.ced.org.tr\/index.php?rest_route=%2Fwp%2Fv2%2Fcategories&post=3397"},{"taxonomy":"post_tag","embeddable":true,"href":"http:\/\/www.ced.org.tr\/index.php?rest_route=%2Fwp%2Fv2%2Ftags&post=3397"}],"curies":[{"name":"wp","href":"https:\/\/api.w.org\/{rel}","templated":true}]}}