{"id":3398,"date":"2008-05-15T12:53:58","date_gmt":"2008-05-15T09:53:58","guid":{"rendered":"http:\/\/www.ced.org.tr\/?p=3398"},"modified":"2008-05-15T12:53:58","modified_gmt":"2008-05-15T09:53:58","slug":"aydinlik-bir-gelecek-icin-yuruduk","status":"publish","type":"post","link":"http:\/\/www.ced.org.tr\/?p=3398","title":{"rendered":"AYDINLIK B\u0130R GELECEK \u0130\u00c7\u0130N Y\u00dcR\u00dcD\u00dcK"},"content":{"rendered":"<p><img loading=\"lazy\" decoding=\"async\" src=\"images\/stories\/belgeler\/14_mayis.jpg\" border=\"0\" alt=\"14 may\u0131s\" title=\"14 may\u0131s\" hspace=\"4\" width=\"124\" height=\"93\" align=\"left\" \/>Bu y\u0131l 14 May\u0131s Eczac\u0131l\u0131k g&uuml;n&uuml;n&uuml; m&uuml;cadele g&uuml;n&uuml; ilan eden \u0130EO bir dizi etkinlikler d&uuml;zenledi.<\/p>\n<p>TBMM&#39;nin&nbsp;g&uuml;ndeminde olan \u0130la&ccedil; ve Eczac\u0131l\u0131k alan\u0131na ili\u015fkin iki temel tasar\u0131ya ve bu tasar\u0131lar ile g&uuml;ndeme gelecek olan olas\u0131 olumsuz geli\u015fmelere kar\u015f\u0131 dikkat &ccedil;ekmek, h&uuml;k&uuml;meti ve ilgili &ccedil;evreleri uyarmak amac\u0131yla d&uuml;zenlenen eylemler &quot;Gelece\u011fimizin Kararmamas\u0131 \u0130&ccedil;in Vitrinlerimizi Karart\u0131yoruz&quot; ba\u015fl\u0131\u011f\u0131 ile kamuoyunun g&uuml;ndemine ta\u015f\u0131nd\u0131.<\/p>\n<p>&nbsp;<\/p>\n<p>Eylemlilik s&uuml;reci &uuml;&ccedil; ana eksen &uuml;zerinde y&uuml;r&uuml;t&uuml;ld&uuml;. 13-14 May\u0131s g&uuml;nlerinde eczane vitrinlerinin kararmas\u0131 ile ba\u015flayan bu s&uuml;re&ccedil; &ouml;nceden tespit edilen dokuz hastanede olan biten geli\u015fmeleri halka anlatmak amac\u0131 ile bildirilerin da\u011f\u0131t\u0131lmas\u0131 ile devam etti. Eylemlilik s&uuml;recinin finali ise 14 May\u0131s&#39;ta T&uuml;nelden Taksime yap\u0131lan y&uuml;r&uuml;y&uuml;\u015f ile noktaland\u0131. Sabah 10:30&#39;da ba\u015flayan y&uuml;r&uuml;y&uuml;\u015fe eczac\u0131 meslekta\u015flar\u0131m\u0131z yo\u011fun bir ilgi g&ouml;sterdi. Kitlesel bir kat\u0131l\u0131m\u0131n ger&ccedil;ekle\u015fti\u011fi y&uuml;r&uuml;y&uuml;\u015fe, TTB ba\u015fkan\u0131 Prof.Dr. Gen&ccedil;ay G&Uuml;RSOY , \u0130stanbul Tabip Odas\u0131, \u0130stanbul Di\u015f Hekimleri Odas\u0131, Veterinerler Odas\u0131 ve SES y&ouml;neticileride destek verdiler. &Ccedil;ED y&ouml;netimi ve &uuml;yeleride bu eylemlilik s&uuml;recine ba\u015f\u0131ndan itibaren aktif destek oldular.<\/p>\n<p>&nbsp;<\/p>\n<p>Yakla\u015f\u0131k 700 civar\u0131nda kat\u0131l\u0131m oldu\u011fu y&uuml;r&uuml;y&uuml;\u015fte s\u0131k s\u0131k &quot;Eczaneler halk\u0131nd\u0131r halk\u0131n kalacak, Eczaneler sermayenin olmayacak, \u0130la&ccedil;ta reklama hay\u0131r, Sa\u011fl\u0131k hakt\u0131r sat\u0131lamaz, AKP sa\u011fl\u0131\u011fa zararl\u0131d\u0131r&quot; sloganlar\u0131 kat\u0131l\u0131mc\u0131lar taraf\u0131ndan dile getirildi. Y&uuml;r&uuml;y&uuml;\u015f yaz\u0131l\u0131 ve g&ouml;rsel bas\u0131n\u0131n yo\u011fun ilgisi yan\u0131nda, halk\u0131nda yo\u011fun ilgi ve deste\u011fini g&ouml;rd&uuml;.<\/p>\n<p>&nbsp;<\/p>\n<p>Y&uuml;r&uuml;y&uuml;\u015f eylemimiz Taks\u0131m Sular \u0130daresi &ouml;n&uuml;nde \u0130EO ba\u015fkan\u0131 Semih G&Uuml;NG&Ouml;R&#39;&uuml;n bas\u0131n a&ccedil;\u0131klamas\u0131 ile son buldu.<\/p>\n<p>&nbsp;<\/p>\n<p>Bas\u0131n a&ccedil;\u0131klama metni i&ccedil;in <a href=\"images\/stories\/belgeler\/basina_14_mayis_2008.doc\" target=\"_blank\" title=\"bas\u0131n a&ccedil;\u0131klamas\u0131\">t\u0131klay\u0131n\u0131z<\/a>.<\/p>\n<p>Y&uuml;r&uuml;y&uuml;\u015ften g&ouml;r&uuml;nt&uuml;ler i&ccedil;in <a href=\"galeri\/index.php?level=collection&amp;id=3\" target=\"_blank\" title=\"14 may\u0131s\">t\u0131klay\u0131n\u0131z<\/a>.<\/p>\n","protected":false},"excerpt":{"rendered":"<p>Bu y\u0131l 14 May\u0131s Eczac\u0131l\u0131k g&uuml;n&uuml;n&uuml; m&uuml;cadele g&uuml;n&uuml; ilan eden \u0130EO bir dizi etkinlikler d&uuml;zenledi. TBMM&#39;nin&nbsp;g&uuml;ndeminde olan \u0130la&ccedil; ve Eczac\u0131l\u0131k&#46;&#46;&#46;<\/p>\n","protected":false},"author":1,"featured_media":0,"comment_status":"closed","ping_status":"closed","sticky":false,"template":"","format":"standard","meta":{"_jetpack_memberships_contains_paid_content":false,"footnotes":""},"categories":[1],"tags":[],"class_list":["post-3398","post","type-post","status-publish","format-standard","hentry","category-ced"],"aioseo_notices":[],"jetpack_featured_media_url":"","jetpack_sharing_enabled":true,"jetpack-related-posts":[],"_links":{"self":[{"href":"http:\/\/www.ced.org.tr\/index.php?rest_route=\/wp\/v2\/posts\/3398","targetHints":{"allow":["GET"]}}],"collection":[{"href":"http:\/\/www.ced.org.tr\/index.php?rest_route=\/wp\/v2\/posts"}],"about":[{"href":"http:\/\/www.ced.org.tr\/index.php?rest_route=\/wp\/v2\/types\/post"}],"author":[{"embeddable":true,"href":"http:\/\/www.ced.org.tr\/index.php?rest_route=\/wp\/v2\/users\/1"}],"replies":[{"embeddable":true,"href":"http:\/\/www.ced.org.tr\/index.php?rest_route=%2Fwp%2Fv2%2Fcomments&post=3398"}],"version-history":[{"count":0,"href":"http:\/\/www.ced.org.tr\/index.php?rest_route=\/wp\/v2\/posts\/3398\/revisions"}],"wp:attachment":[{"href":"http:\/\/www.ced.org.tr\/index.php?rest_route=%2Fwp%2Fv2%2Fmedia&parent=3398"}],"wp:term":[{"taxonomy":"category","embeddable":true,"href":"http:\/\/www.ced.org.tr\/index.php?rest_route=%2Fwp%2Fv2%2Fcategories&post=3398"},{"taxonomy":"post_tag","embeddable":true,"href":"http:\/\/www.ced.org.tr\/index.php?rest_route=%2Fwp%2Fv2%2Ftags&post=3398"}],"curies":[{"name":"wp","href":"https:\/\/api.w.org\/{rel}","templated":true}]}}