{"id":3400,"date":"2008-06-05T14:32:50","date_gmt":"2008-06-05T11:32:50","guid":{"rendered":"http:\/\/www.ced.org.tr\/?p=3400"},"modified":"2008-06-05T14:32:50","modified_gmt":"2008-06-05T11:32:50","slug":"ciplak-ayaklarla-protesto-yuruyusu","status":"publish","type":"post","link":"http:\/\/www.ced.org.tr\/?p=3400","title":{"rendered":"\u00c7IPLAK AYAKLARLA PROTESTO Y\u00dcR\u00dcY\u00dc\u015e\u00dc"},"content":{"rendered":"<p><span><font face=\"Times\">HALKEVLER\u0130 \u0130stanbul \u015fubesi &uuml;yeleri, elektrik, su, do\u011falgaz ve ula\u015f\u0131ma yap\u0131lan zamlar\u0131 B&uuml;y&uuml;k\u015fehir Belediyesi&quot;ne &ccedil;\u0131plak ayaklarla y&uuml;r&uuml;yerek protesto etti. AKP h&uuml;k&uuml;metinin elektrik, su ve do\u011falgaza, \u0130stanbul B&uuml;y&uuml;k\u015fehir Belediyesi&quot;nin de ula\u015f\u0131ma yapt\u0131\u011f\u0131 zamlar\u0131 protesto eden Halkevi &uuml;yeleri, Taksim Gezi Park\u0131&quot;ndan B&uuml;y&uuml;k\u015fehir Belediyesi&quot;nin &ouml;n&uuml;ne &ccedil;\u0131plak ayaklarla y&uuml;r&uuml;yerek tepkilerini dile getirdi. Ellerinde ayakkab\u0131lar\u0131 ve kartondan yapt\u0131klar\u0131 otob&uuml;s fig&uuml;r&uuml; ile y&uuml;r&uuml;yen &uuml;yeler, AKP&quot;nin zamma doymad\u0131\u011f\u0131n\u0131 ifade etti. \u0130stiklal Caddesi, \u015ei\u015fhane, Unkapan\u0131 istikametini takip ederek B&uuml;y&uuml;k\u015fehir Belediyesi &ouml;n&uuml;ne gelen &uuml;yeler, burada bir a&ccedil;\u0131klama yaparak, gelir d&uuml;zeyi y&uuml;kselmeyen toplumun zamma neden maruz kald\u0131\u011f\u0131n\u0131 sordular.<\/font><\/span><\/p>\n<p style=\"margin: 0cm 0cm 0pt\" class=\"MsoNormal\"><span><font face=\"Times\">&quot;ZAMLAR GER\u0130 ALINSIN!&quot;<\/font><\/span><\/p>\n<p style=\"margin: 0cm 0cm 0pt\" class=\"MsoNormal\"><span><font face=\"Times\">Halkevleri 1. B&ouml;lge Temsilcisi Nuri G&uuml;nay&quot;\u0131n yapt\u0131\u011f\u0131 a&ccedil;\u0131klamada, Ekme\u011fe, suya, ula\u015f\u0131ma, elektri\u011fe, t&uuml;m temel ihtiya&ccedil;lara zam geldi\u011fini s&ouml;yledi. Ula\u015f\u0131ma yap\u0131lan zamda, tam akbilin fiyat\u0131n\u0131n 1.25 YTL&quot;den 1.3 YTL&quot;ye y&uuml;kseldi\u011fini, inidirmli akbilin ise 80 YKr&quot;den 85 YKr&quot;ye &ccedil;\u0131kt\u0131\u011f\u0131n\u0131, ayl\u0131k akbillerde ise y&uuml;kselmeler oldu\u011funu ifade eden G&uuml;nay, &quot;Peki gelirimizde hi&ccedil;bir art\u0131\u015f olmazken bu kadar zam niye? Belli ki; AKP se&ccedil;im d&ouml;neminde kendisine destek veren IMF&quot;ye, D&uuml;nya Bankas\u0131&quot;na diyetini halka &ouml;detiyor. Ba\u015fbakan g&ouml;z&uuml;m&uuml;z&uuml;n i&ccedil;ine baka baka zam yapacaklar\u0131n\u0131, yapmak zorunda olduklar\u0131n\u0131 rahat rahat s&ouml;yleyebilme c&uuml;retini kendisinde g&ouml;r&uuml;yor. Bunlar halk\u0131n nas\u0131l ge&ccedil;indi\u011fini bilmiyorlar. &Ccedil;&uuml;nk&uuml; halk de\u011filler.<span>&nbsp; <\/span>Onlar otob&uuml;se binmiyorlar. &Ccedil;&uuml;nk&uuml; onlar\u0131n ya l&uuml;ks makam arabalar\u0131, ya da l&uuml;ks otomobilleri var. Art\u0131k yeter. &Ouml;\u011fretmen maa\u015f\u0131yla, emekli maa\u015f\u0131yla, asgari &uuml;cretle, &ouml;\u011frenci har&ccedil;l\u0131\u011f\u0131yla ya\u015fayamaz olduk. Evini kolaysa bu gelirle Tayyip Erdo\u011fan, Kadir Topba\u015f ge&ccedil;indirsin de g&ouml;relim. Zamlar geri al\u0131ns\u0131n. Biz m&uuml;cadelemize insanca ya\u015fam ko\u015fullar\u0131 sa\u011flan\u0131ncaya kadar devam edece\u011fiz&quot; dedi.<\/font><\/span><\/p>\n","protected":false},"excerpt":{"rendered":"<p>HALKEVLER\u0130 \u0130stanbul \u015fubesi &uuml;yeleri, elektrik, su, do\u011falgaz ve ula\u015f\u0131ma yap\u0131lan zamlar\u0131 B&uuml;y&uuml;k\u015fehir Belediyesi&quot;ne &ccedil;\u0131plak ayaklarla y&uuml;r&uuml;yerek protesto etti. AKP h&uuml;k&uuml;metinin&#46;&#46;&#46;<\/p>\n","protected":false},"author":1,"featured_media":0,"comment_status":"closed","ping_status":"closed","sticky":false,"template":"","format":"standard","meta":{"_jetpack_memberships_contains_paid_content":false,"footnotes":""},"categories":[1],"tags":[],"class_list":["post-3400","post","type-post","status-publish","format-standard","hentry","category-ced"],"aioseo_notices":[],"jetpack_featured_media_url":"","jetpack_sharing_enabled":true,"jetpack-related-posts":[],"_links":{"self":[{"href":"http:\/\/www.ced.org.tr\/index.php?rest_route=\/wp\/v2\/posts\/3400","targetHints":{"allow":["GET"]}}],"collection":[{"href":"http:\/\/www.ced.org.tr\/index.php?rest_route=\/wp\/v2\/posts"}],"about":[{"href":"http:\/\/www.ced.org.tr\/index.php?rest_route=\/wp\/v2\/types\/post"}],"author":[{"embeddable":true,"href":"http:\/\/www.ced.org.tr\/index.php?rest_route=\/wp\/v2\/users\/1"}],"replies":[{"embeddable":true,"href":"http:\/\/www.ced.org.tr\/index.php?rest_route=%2Fwp%2Fv2%2Fcomments&post=3400"}],"version-history":[{"count":0,"href":"http:\/\/www.ced.org.tr\/index.php?rest_route=\/wp\/v2\/posts\/3400\/revisions"}],"wp:attachment":[{"href":"http:\/\/www.ced.org.tr\/index.php?rest_route=%2Fwp%2Fv2%2Fmedia&parent=3400"}],"wp:term":[{"taxonomy":"category","embeddable":true,"href":"http:\/\/www.ced.org.tr\/index.php?rest_route=%2Fwp%2Fv2%2Fcategories&post=3400"},{"taxonomy":"post_tag","embeddable":true,"href":"http:\/\/www.ced.org.tr\/index.php?rest_route=%2Fwp%2Fv2%2Ftags&post=3400"}],"curies":[{"name":"wp","href":"https:\/\/api.w.org\/{rel}","templated":true}]}}