{"id":3401,"date":"2008-06-05T14:34:17","date_gmt":"2008-06-05T11:34:17","guid":{"rendered":"http:\/\/www.ced.org.tr\/?p=3401"},"modified":"2008-06-05T14:34:17","modified_gmt":"2008-06-05T11:34:17","slug":"yasa-cikarsa-binlerce-saglik-calisani-kanser-olacak","status":"publish","type":"post","link":"http:\/\/www.ced.org.tr\/?p=3401","title":{"rendered":"YASA \u00c7IKARSA B\u0130NLERCE SA\u011eLIK \u00c7ALI\u015eANI KANSER OLACAK"},"content":{"rendered":"<p><span><font face=\"Times\">T&uuml;rk Tabipleri Birli\u011fi Merkez Konseyi, Tam G&uuml;n Yasa Tasla\u011f\u0131n\u0131n kabul edilmesi halinde sa\u011fl\u0131k kurulu\u015flar\u0131nda radyasyonlu cihazlarda &ccedil;al\u0131\u015fan binlerce doktor, hem\u015fire ve teknisyenin kanser olma riski ile kar\u015f\u0131 kar\u015f\u0131ya kalaca\u011f\u0131n\u0131 bildirdi.<\/font><\/span><\/p>\n<p style=\"margin: 0cm 0cm 0pt\" class=\"MsoNormal\"><span><font face=\"Times\">Konseyden yap\u0131lan a&ccedil;\u0131klamada, &ldquo;Taslak, radyasyonlu i\u015flerde &ccedil;al\u0131\u015fanlar\u0131n g&uuml;nl&uuml;k mesai s&uuml;resini 5 saatten 8 saate &ccedil;\u0131karmaktad\u0131r.<span>&nbsp; <\/span>Bu durum &ccedil;al\u0131\u015fanlar ad\u0131na son derece tehlikeli sa\u011fl\u0131k sorunlar\u0131n\u0131n ortaya &ccedil;\u0131kmas\u0131na neden olacakt\u0131r&rdquo; denildi. A&ccedil;\u0131klamada, tasla\u011f\u0131n kar\u015f\u0131 &ccedil;\u0131k\u0131lan di\u011fer h&uuml;k&uuml;mleri \u015f&ouml;yle s\u0131raland\u0131:<\/font><\/span><\/p>\n<p style=\"margin: 0cm 0cm 0pt\" class=\"MsoNormal\">&nbsp;<\/p>\n<p style=\"margin: 0cm 0cm 0pt\" class=\"MsoNormal\"><span><font face=\"Times\">&raquo; Yabanc\u0131 doktorlar\u0131n &uuml;lkemizde &ccedil;al\u0131\u015fmalar\u0131 neredeyse kurals\u0131z hale getiriliyor. <\/font><\/span><\/p>\n<p style=\"margin: 0cm 0cm 0pt\" class=\"MsoNormal\">&nbsp;<\/p>\n<p style=\"margin: 0cm 0cm 0pt\" class=\"MsoNormal\"><span><font face=\"Times\">&raquo; Sa\u011fl\u0131k Bakanl\u0131\u011f\u0131, &uuml;niversiteler ile di\u011fer kamu sa\u011fl\u0131k kurulu\u015flar\u0131nda &ccedil;al\u0131\u015fan doktorlar\u0131n ba\u015fka yerlerde &ccedil;al\u0131\u015fmalar\u0131 yasakl\u0131yor.<\/font><\/span><\/p>\n<p style=\"margin: 0cm 0cm 0pt\" class=\"MsoNormal\">&nbsp;<\/p>\n<p style=\"margin: 0cm 0cm 0pt\" class=\"MsoNormal\"><span><font face=\"Times\">&raquo; &Ouml;zel sa\u011fl\u0131k kurulu\u015funda &ccedil;al\u0131\u015fan doktorlar\u0131n k\u0131smi zamanl\u0131 olarak birden fazla sa\u011fl\u0131k kurulu\u015funda &ccedil;al\u0131\u015fmalar\u0131 &ouml;nleniyor.<\/font><\/span><\/p>\n<p style=\"margin: 0cm 0cm 0pt\" class=\"MsoNormal\">&nbsp;<\/p>\n<p style=\"margin: 0cm 0cm 0pt\" class=\"MsoNormal\"><span><font face=\"Times\">&raquo; Doktorlar\u0131n &uuml;cretlerinin iyile\u015ftirilmesinde sadece d&ouml;ner sermaye gelirleri kaynak olarak g&ouml;steriliyor, emeklili\u011fe yans\u0131yan bir d&uuml;zenlemeye gidilmiyor.<\/font><\/span><\/p>\n<p style=\"margin: 0cm 0cm 0pt\" class=\"MsoNormal\">&nbsp;<\/p>\n<p style=\"margin: 0cm 0cm 0pt\" class=\"MsoNormal\"><span><font face=\"Times\">&raquo; Atama ve tayinler konusunda Bakanl\u0131\u011fa s\u0131n\u0131rs\u0131z yetki veriliyor, kadrola\u015fmaya olanak tan\u0131n\u0131yor. <\/font><\/span><\/p>\n<p style=\"margin: 0cm 0cm 0pt\" class=\"MsoNormal\">&nbsp;<\/p>\n<p style=\"margin: 0cm 0cm 0pt\" class=\"MsoNormal\"><span><font face=\"Times\">T&uuml;rk Tabipleri Birli\u011fi Merkez Konseyi a&ccedil;\u0131klamas\u0131nda, &ldquo;Taslak bu haliyle doktor eme\u011finin ucuzlat\u0131lmas\u0131 ve halk sa\u011fl\u0131\u011f\u0131n\u0131n zarar g&ouml;rmesi sonucuna yol<span>&nbsp; <\/span>a&ccedil;acak olup tam s&uuml;re &ccedil;al\u0131\u015fman\u0131n beklenen olumluluklar\u0131n\u0131 getirmekten uzakt\u0131r&rdquo;denildi.<\/font><\/span><\/p>\n","protected":false},"excerpt":{"rendered":"<p>T&uuml;rk Tabipleri Birli\u011fi Merkez Konseyi, Tam G&uuml;n Yasa Tasla\u011f\u0131n\u0131n kabul edilmesi halinde sa\u011fl\u0131k kurulu\u015flar\u0131nda radyasyonlu cihazlarda &ccedil;al\u0131\u015fan binlerce doktor, hem\u015fire&#46;&#46;&#46;<\/p>\n","protected":false},"author":1,"featured_media":0,"comment_status":"closed","ping_status":"closed","sticky":false,"template":"","format":"standard","meta":{"_jetpack_memberships_contains_paid_content":false,"footnotes":""},"categories":[1],"tags":[],"class_list":["post-3401","post","type-post","status-publish","format-standard","hentry","category-ced"],"aioseo_notices":[],"jetpack_featured_media_url":"","jetpack_sharing_enabled":true,"jetpack-related-posts":[],"_links":{"self":[{"href":"http:\/\/www.ced.org.tr\/index.php?rest_route=\/wp\/v2\/posts\/3401","targetHints":{"allow":["GET"]}}],"collection":[{"href":"http:\/\/www.ced.org.tr\/index.php?rest_route=\/wp\/v2\/posts"}],"about":[{"href":"http:\/\/www.ced.org.tr\/index.php?rest_route=\/wp\/v2\/types\/post"}],"author":[{"embeddable":true,"href":"http:\/\/www.ced.org.tr\/index.php?rest_route=\/wp\/v2\/users\/1"}],"replies":[{"embeddable":true,"href":"http:\/\/www.ced.org.tr\/index.php?rest_route=%2Fwp%2Fv2%2Fcomments&post=3401"}],"version-history":[{"count":0,"href":"http:\/\/www.ced.org.tr\/index.php?rest_route=\/wp\/v2\/posts\/3401\/revisions"}],"wp:attachment":[{"href":"http:\/\/www.ced.org.tr\/index.php?rest_route=%2Fwp%2Fv2%2Fmedia&parent=3401"}],"wp:term":[{"taxonomy":"category","embeddable":true,"href":"http:\/\/www.ced.org.tr\/index.php?rest_route=%2Fwp%2Fv2%2Fcategories&post=3401"},{"taxonomy":"post_tag","embeddable":true,"href":"http:\/\/www.ced.org.tr\/index.php?rest_route=%2Fwp%2Fv2%2Ftags&post=3401"}],"curies":[{"name":"wp","href":"https:\/\/api.w.org\/{rel}","templated":true}]}}