{"id":3404,"date":"2008-06-12T13:38:11","date_gmt":"2008-06-12T10:38:11","guid":{"rendered":"http:\/\/www.ced.org.tr\/?p=3404"},"modified":"2008-06-12T13:38:11","modified_gmt":"2008-06-12T10:38:11","slug":"ilac-fiyatlarina-yuzde-5-zam","status":"publish","type":"post","link":"http:\/\/www.ced.org.tr\/?p=3404","title":{"rendered":"\u0130LA\u00c7 F\u0130YATLARINA Y\u00dcZDE 5 ZAM"},"content":{"rendered":"<p><span style=\"font-size: 7.5pt; font-family: Verdana\"><font color=\"#000000\">Be\u015feri T\u0131bbi &Uuml;r&uuml;nlerin Fiyatland\u0131r\u0131lmas\u0131na dair Tebli\u011fin 10&#39;uncu maddesi gere\u011fince Sa\u011fl\u0131k Bakanl\u0131\u011f\u0131 koordinat&ouml;rl&uuml;\u011f&uuml;nde kurulmu\u015f olan fiyatland\u0131rma komisyonunun 10 Haziran 2008 tarihinde d&ouml;viz fiyatlar\u0131nda ki de\u011fi\u015fiklik nedeni ile yapt\u0131\u011f\u0131 ola\u011fan &uuml;st&uuml; toplant\u0131da ila&ccedil; fiyatlar\u0131na y&uuml;zde 5 oran\u0131nda zam karar\u0131 &ccedil;\u0131kt\u0131. Yap\u0131lan ila&ccedil; zamm\u0131 28 Temmuz 2008 tarihinden itibaren ge&ccedil;erli olacak.<\/font><\/span> <\/p>\n<p><font style=\"background-color: #e3e3e3\">10 Haziran 2008 tarihinde fiyatland\u0131rma komisyonunun toplant\u0131 karar\u0131 i&ccedil;in <a href=\"http:\/\/www.recete.org\/images\/upld2\/haberler\/Xy620080612095129FiyatKarari.pdf\" target=\"_blank\" title=\"fiyat\">t\u0131klay\u0131n\u0131z.<\/a><\/font><\/p>\n","protected":false},"excerpt":{"rendered":"<p>Be\u015feri T\u0131bbi &Uuml;r&uuml;nlerin Fiyatland\u0131r\u0131lmas\u0131na dair Tebli\u011fin 10&#39;uncu maddesi gere\u011fince Sa\u011fl\u0131k Bakanl\u0131\u011f\u0131 koordinat&ouml;rl&uuml;\u011f&uuml;nde kurulmu\u015f olan fiyatland\u0131rma komisyonunun 10 Haziran 2008 tarihinde&#46;&#46;&#46;<\/p>\n","protected":false},"author":1,"featured_media":0,"comment_status":"closed","ping_status":"closed","sticky":false,"template":"","format":"standard","meta":{"_jetpack_memberships_contains_paid_content":false,"footnotes":""},"categories":[1],"tags":[],"class_list":["post-3404","post","type-post","status-publish","format-standard","hentry","category-ced"],"aioseo_notices":[],"jetpack_featured_media_url":"","jetpack_sharing_enabled":true,"jetpack-related-posts":[],"_links":{"self":[{"href":"http:\/\/www.ced.org.tr\/index.php?rest_route=\/wp\/v2\/posts\/3404","targetHints":{"allow":["GET"]}}],"collection":[{"href":"http:\/\/www.ced.org.tr\/index.php?rest_route=\/wp\/v2\/posts"}],"about":[{"href":"http:\/\/www.ced.org.tr\/index.php?rest_route=\/wp\/v2\/types\/post"}],"author":[{"embeddable":true,"href":"http:\/\/www.ced.org.tr\/index.php?rest_route=\/wp\/v2\/users\/1"}],"replies":[{"embeddable":true,"href":"http:\/\/www.ced.org.tr\/index.php?rest_route=%2Fwp%2Fv2%2Fcomments&post=3404"}],"version-history":[{"count":0,"href":"http:\/\/www.ced.org.tr\/index.php?rest_route=\/wp\/v2\/posts\/3404\/revisions"}],"wp:attachment":[{"href":"http:\/\/www.ced.org.tr\/index.php?rest_route=%2Fwp%2Fv2%2Fmedia&parent=3404"}],"wp:term":[{"taxonomy":"category","embeddable":true,"href":"http:\/\/www.ced.org.tr\/index.php?rest_route=%2Fwp%2Fv2%2Fcategories&post=3404"},{"taxonomy":"post_tag","embeddable":true,"href":"http:\/\/www.ced.org.tr\/index.php?rest_route=%2Fwp%2Fv2%2Ftags&post=3404"}],"curies":[{"name":"wp","href":"https:\/\/api.w.org\/{rel}","templated":true}]}}