{"id":3405,"date":"2008-06-17T10:03:29","date_gmt":"2008-06-17T07:03:29","guid":{"rendered":"http:\/\/www.ced.org.tr\/?p=3405"},"modified":"2008-06-17T10:03:29","modified_gmt":"2008-06-17T07:03:29","slug":"ced-olagan-kongresi-yapildi","status":"publish","type":"post","link":"http:\/\/www.ced.org.tr\/?p=3405","title":{"rendered":"\u00c7ED OLA\u011eAN KONGRES\u0130 YAPILDI"},"content":{"rendered":"<p>&Ccedil;a\u011fda\u015f Eczac\u0131lar Derne\u011fi Genel Merkez Se&ccedil;imli Ola\u011fan Kongresi 31.05.2008 tarihinde Galatasaray K&uuml;lt&uuml;r Merkezinde yap\u0131ld\u0131.<\/p>\n<p>Kongre sonucunda Genel Y&ouml;netim Kurulu &uuml;yeliklerine <\/p>\n<table border=\"0\" cellspacing=\"0\" cellpadding=\"0\">\n<tbody>\n<tr>\n<td><font style=\"font-size: 12px; font-family: Arial\">Ecz. Rafet \u015eAH\u0130N<\/font><\/td>\n<\/tr>\n<tr>\n<td><font style=\"font-size: 12px; font-family: Arial\">Ecz. Mustafa TURUN&Ccedil;<\/font><\/td>\n<\/tr>\n<tr>\n<td align=\"left\" valign=\"top\"><font style=\"font-size: 12px; font-family: Arial\">Ecz. &Ouml;z&uuml;n BAYER<\/font><\/td>\n<\/tr>\n<tr>\n<td align=\"left\" valign=\"top\">\n<p><font style=\"font-size: 12px; font-family: Arial\">Ecz. Nurdan DEM\u0130RKAN<br \/>Ecz. Nurg&uuml;l AKTAY<\/font><br \/><font style=\"font-size: 12px; font-family: Arial\">Ecz. Ay\u015fin TOSUN<br \/>Ecz. Erkal ALPHAN<br \/>Ecz.&nbsp;\u015eeref SERDAR<br \/>Ecz. Nabi ALTUNAY<br \/>Ecz. Sedat G&Uuml;&Ccedil;L&Uuml;<\/font><br \/><font style=\"font-size: 12px; font-family: Arial\">Ecz. Zafer KAPLAN<br \/>Ecz. H&uuml;seyin &Ccedil;EL\u0130K<br \/>Ecz. &Uuml;zeyir KORKMAZ<\/font><\/p>\n<p><font face=\"Arial\">Denetleme kurulu &uuml;yeliklerine<\/font><\/p>\n<p><font face=\"Arial\"><font size=\"2\">1. Ecz. Sevgi KAVAK<\/font><\/font><br \/><font face=\"Arial\"><font size=\"2\">2. Ecz. Cem Erdal &Uuml;NAL<\/font><\/font><br \/><font face=\"Arial\"><font size=\"2\">3. Ecz. G&ouml;n&uuml;l &Ouml;Z&Ccedil;EL\u0130K<\/font> se&ccedil;ildiler<\/font><\/p>\n<p><font face=\"Arial\" class=\"clr\">Y&ouml;netim Kurulu ilk toplant\u0131s\u0131nda yap\u0131lan g&ouml;rev da\u011f\u0131l\u0131m\u0131 sonucunda Ecz. Rafet \u015eAH\u0130N yeniden &Ccedil;ED Genel Ba\u015fkan\u0131 olarak se&ccedil;ildi. Merkez Y&ouml;netim Kurulu ise \u015fu &uuml;yelerden olu\u015ftu.<\/font><\/p>\n<address>\n<table border=\"0\" cellspacing=\"0\" cellpadding=\"0\">\n<tbody>\n<tr>\n<td><font style=\"font-weight: bold; font-size: 12px\">GENEL BA\u015eKAN<\/font><font style=\"font-size: 12px; font-family: Arial\"> Ecz. Rafet \u015eAH\u0130N<\/font><\/td>\n<\/tr>\n<tr>\n<td><font style=\"font-weight: bold; font-size: 12px\">GENEL SEKRETER<\/font><font style=\"font-size: 12px; font-family: Arial\"> Ecz. Mustafa TURUN&Ccedil;<\/font><\/td>\n<\/tr>\n<tr>\n<td align=\"left\" valign=\"top\"><font style=\"font-weight: bold; font-size: 12px\">SAYMAN <\/font><font style=\"font-size: 12px; font-family: Arial\">Ecz. &Ouml;z&uuml;n BAYER<\/font><\/td>\n<\/tr>\n<tr>\n<td align=\"left\" valign=\"top\">\n<p><font style=\"font-weight: bold; font-size: 12px\">&Uuml;YE <\/font><font style=\"font-size: 12px; font-family: Arial\">Ecz. Nurdan DEM\u0130RKAN<br \/><strong>&Uuml;YE <\/strong>Ecz. Nurg&uuml;l AKTAY<\/font><\/p>\n<\/td>\n<\/tr>\n<\/tbody>\n<\/table>\n<p>&nbsp;<\/p><\/address>\n<\/td>\n<\/tr>\n<\/tbody>\n<\/table>\n","protected":false},"excerpt":{"rendered":"<p>&Ccedil;a\u011fda\u015f Eczac\u0131lar Derne\u011fi Genel Merkez Se&ccedil;imli Ola\u011fan Kongresi 31.05.2008 tarihinde Galatasaray K&uuml;lt&uuml;r Merkezinde yap\u0131ld\u0131. Kongre sonucunda Genel Y&ouml;netim Kurulu &uuml;yeliklerine&#46;&#46;&#46;<\/p>\n","protected":false},"author":1,"featured_media":0,"comment_status":"closed","ping_status":"closed","sticky":false,"template":"","format":"standard","meta":{"_jetpack_memberships_contains_paid_content":false,"footnotes":""},"categories":[1],"tags":[],"class_list":["post-3405","post","type-post","status-publish","format-standard","hentry","category-ced"],"aioseo_notices":[],"jetpack_featured_media_url":"","jetpack_sharing_enabled":true,"jetpack-related-posts":[],"_links":{"self":[{"href":"http:\/\/www.ced.org.tr\/index.php?rest_route=\/wp\/v2\/posts\/3405","targetHints":{"allow":["GET"]}}],"collection":[{"href":"http:\/\/www.ced.org.tr\/index.php?rest_route=\/wp\/v2\/posts"}],"about":[{"href":"http:\/\/www.ced.org.tr\/index.php?rest_route=\/wp\/v2\/types\/post"}],"author":[{"embeddable":true,"href":"http:\/\/www.ced.org.tr\/index.php?rest_route=\/wp\/v2\/users\/1"}],"replies":[{"embeddable":true,"href":"http:\/\/www.ced.org.tr\/index.php?rest_route=%2Fwp%2Fv2%2Fcomments&post=3405"}],"version-history":[{"count":0,"href":"http:\/\/www.ced.org.tr\/index.php?rest_route=\/wp\/v2\/posts\/3405\/revisions"}],"wp:attachment":[{"href":"http:\/\/www.ced.org.tr\/index.php?rest_route=%2Fwp%2Fv2%2Fmedia&parent=3405"}],"wp:term":[{"taxonomy":"category","embeddable":true,"href":"http:\/\/www.ced.org.tr\/index.php?rest_route=%2Fwp%2Fv2%2Fcategories&post=3405"},{"taxonomy":"post_tag","embeddable":true,"href":"http:\/\/www.ced.org.tr\/index.php?rest_route=%2Fwp%2Fv2%2Ftags&post=3405"}],"curies":[{"name":"wp","href":"https:\/\/api.w.org\/{rel}","templated":true}]}}