{"id":3406,"date":"2008-06-17T14:47:51","date_gmt":"2008-06-17T11:47:51","guid":{"rendered":"http:\/\/www.ced.org.tr\/?p=3406"},"modified":"2008-06-17T14:47:51","modified_gmt":"2008-06-17T11:47:51","slug":"tersane-iscileri-yasam-hakki-icin-grevde","status":"publish","type":"post","link":"http:\/\/www.ced.org.tr\/?p=3406","title":{"rendered":"TERSANE \u0130\u015e\u00c7\u0130LER\u0130 YA\u015eAM HAKKI \u0130\u00c7\u0130N GREVDE"},"content":{"rendered":"<p><font face=\"Verdana\" size=\"2\" color=\"#295d8c\"><img loading=\"lazy\" decoding=\"async\" src=\"http:\/\/www.evrensel.net\/fotolar\/20080617\/manset.jpg\" border=\"0\" alt=\"tuzla\" title=\"tuzla\" hspace=\"4\" width=\"232\" height=\"174\" align=\"left\" \/>Bask\u0131lar, i\u015ften atma tehditleri, oyalama taktikleri i\u015fe yaramad\u0131. Tersane i\u015f&ccedil;isi ya\u015fam hakk\u0131n\u0131 savunmak i&ccedil;in greve &ccedil;\u0131kt\u0131<\/font><font><br \/>Tuzla Tersaneler B&ouml;lgesi&rsquo;nde ya\u015fanan &ouml;l&uuml;mler kar\u015f\u0131s\u0131nda h&uuml;k&uuml;met ve patronlar\u0131n gerekli &ouml;nlemleri almamas\u0131 nedeniyle greve &ccedil;\u0131kan binlerce tersane i\u015f&ccedil;isi, &ldquo;Art\u0131k yeter. \u0130nsanca &ccedil;al\u0131\u015fmak istiyoruz&rdquo; dedi. Patronlar\u0131n ve ta\u015feronlar\u0131n i\u015ften atma tehditlerine ve polis y\u0131\u011f\u0131na\u011f\u0131na ra\u011fmen greve &ccedil;\u0131kan i\u015f&ccedil;ilere sendikalar, siyasi partiler, kitle &ouml;rg&uuml;tleri ve &ccedil;e\u015fitli yabanc\u0131 &uuml;lkelerden gelen sendikac\u0131lar destek verdi. Bir &ccedil;ok tersanede &uuml;retimin durdu\u011fu, bir &ccedil;o\u011funda da durma noktas\u0131na geldi\u011fi tersanelerde, i\u015f&ccedil;iler patronlar\u0131 ve h&uuml;k&uuml;meti i\u015f cinayetlerine kar\u015f\u0131 somut &ouml;nlemler almaya &ccedil;a\u011f\u0131rd\u0131lar.<\/font><\/p>\n<p>&nbsp;<\/p>\n<p><strong>Tehditlere ra\u011fmen grev <br \/><\/strong>Tersane i\u015f&ccedil;ilerinin grevini engellemek isteyen tersane patronlar\u0131 ve ta\u015feronlar, ilk olarak i\u015f&ccedil;ileri i\u015ften atmakla tehdit ettiler. Bununla da yetinmeyen baz\u0131 patronlar sabah saat 08.00&rsquo;de ba\u015flayan mesai saatlerini sabah 06.00 ve 07.00&rsquo;ye &ccedil;ektiler. Patronlar sabah erken saatlerde mahallelerden servis kald\u0131rsalar da servisleri doldurmay\u0131 ba\u015faramad\u0131lar. &Ouml;te yandan &ouml;nceki g&uuml;n ak\u015fam saatlerinden itibaren &ccedil;evik kuvvet ve sivil polisler tersane &ccedil;evresinde bulunan mahallelerde devriye gezdi, Limter-\u0130\u015f Sendikas\u0131 &ouml;n&uuml;nde sabaha kadar bekledi. Sabah saat 06.00&rsquo;dan itibaren ise onlarca &ccedil;evik kuvvet otob&uuml;s&uuml; ve panzer tersaneler b&ouml;lgesinde y\u0131\u011f\u0131nak yapt\u0131. <\/p>\n<p><strong>Yolu trafi\u011fe kapatt\u0131lar<\/strong><br \/>T&uuml;m bask\u0131lara ra\u011fmen saat 07.00&rsquo;den itibaren Limter-\u0130\u015f Sendikas\u0131 &ouml;n&uuml;nde toplanan y&uuml;zlerce i\u015f&ccedil;i yolu trafi\u011fe kapatarak tersanelere do\u011fru y&uuml;r&uuml;y&uuml;\u015fe ge&ccedil;ti. &ldquo;Grevdeyiz, kurals\u0131z yasad\u0131\u015f\u0131 &ccedil;al\u0131\u015ft\u0131rmaya son, insanca &ccedil;al\u0131\u015fmak ve ya\u015famak istiyoruz&rdquo; pankart\u0131 arkas\u0131nda y&uuml;r&uuml;yen tersane i\u015f&ccedil;ileri, yol boyunca &ldquo;Ya\u015famak i&ccedil;in grevdeyiz&rdquo;, &ldquo;Art\u0131k &ouml;lmek istemiyoruz&rdquo;, &ldquo;&Ouml;l&uuml;m de\u011fil &ccedil;&ouml;z&uuml;m istiyoruz&rdquo; sloganlar\u0131n\u0131 att\u0131lar. Kat\u0131l\u0131mlarla birlikte say\u0131lar\u0131 daha da artan tersane i\u015f&ccedil;ileri Tuzla Gemi Tersanesi &ouml;n&uuml;nde topland\u0131lar. Ayd\u0131ntepe ve \u0130&ccedil;meler tren istasyonlar\u0131nda da &ccedil;a\u011fr\u0131ya uyarak greve kat\u0131lan i\u015f&ccedil;iler sloganlarla Tuzla Gemi &ouml;n&uuml;ne geldiler. Bu arada i\u015f ba\u015f\u0131 yapan baz\u0131 i\u015f&ccedil;iler de i\u015fi b\u0131rakarak greve kat\u0131ld\u0131lar. Destek i&ccedil;in gelenlerle birlikte Tuzla Gemi &ouml;n&uuml;nde toplananlar\u0131n say\u0131s\u0131 5 bini buldu. <\/p>\n<p><strong>&Uuml;retim durdu <\/strong><br \/>Greve kat\u0131l\u0131m\u0131n yo\u011funlu\u011fu nedeniyle bir&ccedil;ok tersanede &uuml;retim dururken, &ccedil;al\u0131\u015fma olan tersanelerde de i\u015fler b&uuml;y&uuml;k oranda aksad\u0131, durma noktas\u0131na geldi. Selahattin Aslan, Gisan, Selahattin Ayk\u0131n, Gemak, Tuzla Gemi tersanelerinde &uuml;retim tamamen dururken, 500 i\u015f&ccedil;inin &ccedil;al\u0131\u015ft\u0131\u011f\u0131 Y\u0131ld\u0131r\u0131m Tersanesi&rsquo;nde 400 i\u015f&ccedil;i, 450 i\u015f&ccedil;inin &ccedil;al\u0131\u015ft\u0131\u011f\u0131 \u0130stanbul Tersanesi&rsquo;nde 300 i\u015f&ccedil;i, 1000 i\u015f&ccedil;inin &ccedil;al\u0131\u015ft\u0131\u011f\u0131 RMK Tersanesi&rsquo;nde 900 i\u015f&ccedil;i, 800 i\u015f&ccedil;inin &ccedil;al\u0131\u015ft\u0131\u011f\u0131 T&uuml;rkter Tersanesi&rsquo;nde 600 i\u015f&ccedil;i, 600 i\u015f&ccedil;inin &ccedil;al\u0131\u015ft\u0131\u011f\u0131 Selah Tersanesi&rsquo;nde 550 i\u015f&ccedil;i, 1300 i\u015f&ccedil;inin &ccedil;al\u0131\u015ft\u0131\u011f\u0131 Sedef Tersanesi&rsquo;nde 700 i\u015f&ccedil;i greve kat\u0131ld\u0131. Di\u011fer teranelerde de &uuml;retimin en az yar\u0131 yar\u0131ya d&uuml;\u015ft&uuml;\u011f&uuml; &ouml;\u011frenildi. <\/p>\n<p><strong>&Ouml;rnek s\u0131n\u0131f dayan\u0131\u015fmas\u0131 <\/strong><br \/>Sabah\u0131n erken saatlerinden itibaren tersane i\u015f&ccedil;ilerine destek i&ccedil;in binlerce ki\u015fi tersanelere geldi. Tersanelerde &ouml;len i\u015f&ccedil;ilerin aileleri, D\u0130SK y&ouml;neticileri ve D\u0130SK&rsquo;e ba\u011fl\u0131 sendikalar, T&uuml;rk-\u0130\u015f&rsquo;e ba\u011fl\u0131 sendikalar, milletvekilleri, siyasi partiler, demokratik kitle &ouml;rg&uuml;tleri, y&ouml;re dernekleri, ayd\u0131n ve sanat&ccedil;\u0131lar, &uuml;niversite &ouml;\u011frencileri, akademisyenler, foto\u011fraf sanat&ccedil;\u0131lar\u0131, Deri-\u0130\u015e &uuml;yesi i\u015f&ccedil;iler tersanelere gelerek grevcilere destek verdi. \u015eili, Bolivya, Arjantin, gibi &uuml;lkelerden gelen sendikac\u0131lar da i\u015f&ccedil;ilerle bir araya geldiler. <\/p>\n<p><strong>&lsquo;\u0130\u015f&ccedil;isiz &ccedil;&ouml;z&uuml;m olmaz&rsquo;<\/strong><br \/>Grev yerinde i\u015f&ccedil;ilere seslenen Limter-\u0130\u015f Genel Ba\u015fkan\u0131 Cem Din&ccedil;, t&uuml;m bask\u0131 ve tehditlere ra\u011fmen tersane i\u015f&ccedil;ilerinin ya\u015fam hakk\u0131 i&ccedil;in &ccedil;a\u011fr\u0131lar\u0131na yan\u0131t verdi\u011fini dile getirdi. \u0130\u015f cinayetlerine kar\u015f\u0131 patronlar ve h&uuml;k&uuml;metin a&ccedil;\u0131klama yapmaktan &ouml;teye ge&ccedil;memesi &uuml;zerine grev karar\u0131 ald\u0131klar\u0131n\u0131 hat\u0131rlatan Din&ccedil;, i\u015f&ccedil;ilerin gerekli &ouml;nlemler al\u0131nana kadar m&uuml;cadele etmekte kararl\u0131 oldu\u011funu ifade etti. Son olarak TOBB&rsquo;un arabuluculu\u011funda yap\u0131lmas\u0131 beklenen toplant\u0131n\u0131n yap\u0131lmad\u0131\u011f\u0131n\u0131, sendikalar\u0131n\u0131n s&uuml;rece dahil edilmek istenmedi\u011fini belirten Din&ccedil;, &ldquo;Bizsiz ve i\u015f&ccedil;isiz &ccedil;&ouml;z&uuml;m olmaz. Buna izin vermeyece\u011fiz&rdquo; diye konu\u015ftu. Patronlar\u0131n greve kat\u0131lacak i\u015f&ccedil;ileri i\u015ften atmakla tehdit etti\u011fini belirten Din&ccedil;, &ldquo;E\u011fer bir arkada\u015f\u0131m\u0131z i\u015ften at\u0131l\u0131rsa, yar\u0131n onlar\u0131n kap\u0131s\u0131nda olaca\u011f\u0131z&rdquo; diye konu\u015ftu. <\/p>\n<p><strong>&lsquo;Rahat b\u0131rakmayaca\u011f\u0131z&rsquo;<\/strong><br \/>Daha sonra s&ouml;z alan D\u0130SK Genel Ba\u015fkan\u0131 S&uuml;leyman &Ccedil;elebi, 15-16 Haziran&rsquo;\u0131n 38. y\u0131ld&ouml;n&uuml;m&uuml;nde tersane i\u015f&ccedil;ilerinin ya\u015fam hakk\u0131 i&ccedil;in greve &ccedil;\u0131kt\u0131\u011f\u0131n\u0131 ifade etti. &ldquo;O zaman da i\u015f&ccedil;iler, kurals\u0131zl\u0131\u011fa kar\u015f\u0131 sokaklara &ccedil;\u0131km\u0131\u015ft\u0131&rdquo; diyen &Ccedil;elebi, o g&uuml;nden bu yana patronlar\u0131n zihniyetinde bir de\u011fi\u015fiklik olmad\u0131\u011f\u0131n\u0131 s&ouml;yledi. Daha &ouml;nce yapt\u0131klar\u0131 grevin ard\u0131ndan i\u015f cinayetlerinin ya\u015fand\u0131\u011f\u0131n\u0131 hat\u0131rlatan &Ccedil;elebi, patronlar\u0131n g&ouml;stermelik &ouml;nlemlerle kamuoyunu yan\u0131ltmaya &ccedil;al\u0131\u015ft\u0131\u011f\u0131n\u0131 dile getirdi. &ldquo;&Ouml;l&uuml;mlerin sona ermesi i&ccedil;in ilk ad\u0131m\u0131 atmas\u0131 gereken h&uuml;k&uuml;mettir&rdquo; diye konu\u015fan &Ccedil;elebi, h&uuml;k&uuml;metin bug&uuml;ne kadar patronlardan yana hareket etti\u011fini dile getirdi. Tersane i\u015f&ccedil;ilerinin taleplerinin yasalar\u0131n uygulanmas\u0131 oldu\u011funu belirten &Ccedil;elebi, bunun i&ccedil;in acilen harekete ge&ccedil;ilmesini istedi. \u0130&ccedil;inde sendikalar\u0131n, meslek odalar\u0131n\u0131n, h&uuml;k&uuml;met ve patron temsilcilerinin oldu\u011fu bir komisyon kurulmas\u0131n\u0131 istediklerini belirten &Ccedil;elebi, bu yap\u0131lmad\u0131\u011f\u0131 taktirde ne h&uuml;k&uuml;meti ne de patronlar\u0131 rahat b\u0131rakmayacaklar\u0131n\u0131 dile getirdi. Konu\u015fmalar\u0131n ard\u0131ndan halaylarla devam eden grev saat 15.00&rsquo;de sona erdi.<\/p>\n","protected":false},"excerpt":{"rendered":"<p>Bask\u0131lar, i\u015ften atma tehditleri, oyalama taktikleri i\u015fe yaramad\u0131. Tersane i\u015f&ccedil;isi ya\u015fam hakk\u0131n\u0131 savunmak i&ccedil;in greve &ccedil;\u0131kt\u0131Tuzla Tersaneler B&ouml;lgesi&rsquo;nde ya\u015fanan &ouml;l&uuml;mler&#46;&#46;&#46;<\/p>\n","protected":false},"author":1,"featured_media":0,"comment_status":"closed","ping_status":"closed","sticky":false,"template":"","format":"standard","meta":{"_jetpack_memberships_contains_paid_content":false,"footnotes":""},"categories":[1],"tags":[],"class_list":["post-3406","post","type-post","status-publish","format-standard","hentry","category-ced"],"aioseo_notices":[],"jetpack_featured_media_url":"","jetpack_sharing_enabled":true,"jetpack-related-posts":[],"_links":{"self":[{"href":"http:\/\/www.ced.org.tr\/index.php?rest_route=\/wp\/v2\/posts\/3406","targetHints":{"allow":["GET"]}}],"collection":[{"href":"http:\/\/www.ced.org.tr\/index.php?rest_route=\/wp\/v2\/posts"}],"about":[{"href":"http:\/\/www.ced.org.tr\/index.php?rest_route=\/wp\/v2\/types\/post"}],"author":[{"embeddable":true,"href":"http:\/\/www.ced.org.tr\/index.php?rest_route=\/wp\/v2\/users\/1"}],"replies":[{"embeddable":true,"href":"http:\/\/www.ced.org.tr\/index.php?rest_route=%2Fwp%2Fv2%2Fcomments&post=3406"}],"version-history":[{"count":0,"href":"http:\/\/www.ced.org.tr\/index.php?rest_route=\/wp\/v2\/posts\/3406\/revisions"}],"wp:attachment":[{"href":"http:\/\/www.ced.org.tr\/index.php?rest_route=%2Fwp%2Fv2%2Fmedia&parent=3406"}],"wp:term":[{"taxonomy":"category","embeddable":true,"href":"http:\/\/www.ced.org.tr\/index.php?rest_route=%2Fwp%2Fv2%2Fcategories&post=3406"},{"taxonomy":"post_tag","embeddable":true,"href":"http:\/\/www.ced.org.tr\/index.php?rest_route=%2Fwp%2Fv2%2Ftags&post=3406"}],"curies":[{"name":"wp","href":"https:\/\/api.w.org\/{rel}","templated":true}]}}