{"id":3407,"date":"2008-06-24T11:27:30","date_gmt":"2008-06-24T08:27:30","guid":{"rendered":"http:\/\/www.ced.org.tr\/?p=3407"},"modified":"2008-06-24T11:27:30","modified_gmt":"2008-06-24T08:27:30","slug":"sosyal-guvenlik-sisteminin-faturasi-yine-eczaciya","status":"publish","type":"post","link":"http:\/\/www.ced.org.tr\/?p=3407","title":{"rendered":"SOSYAL G\u00dcVENL\u0130K S\u0130STEM\u0130N\u0130N FATURASI Y\u0130NE ECZACIYA!"},"content":{"rendered":"<p style=\"margin: 0cm 0cm 0pt\" class=\"MsoNormal\"><font face=\"Times New Roman\" size=\"3\" color=\"#000000\">08.05.2008 tarih ve 26870 say\u0131l\u0131 Resmi Gazete&rsquo;de yay\u0131nlanan 5754 say\u0131l\u0131 kanun gere\u011fi, 01.01.2007 tarihinden &ouml;nce Sosyal G&uuml;venlik Kurumu&rsquo;na teslim edilmi\u015f olup kontrol&uuml; tamamlanmam\u0131\u015f olan re&ccedil;etelerin &ouml;rnekleme y&ouml;ntemiyle incelenerek muhasebele\u015ftirilmesi i\u015flemlerinin, 15.07.2008 tarihine kadar tamamlanmas\u0131 konusunda \u0130stanbul SGK \u0130l M&uuml;d&uuml;rl&uuml;\u011f&uuml;&rsquo;n&uuml;n 18.06.2008 tarihinde \u0130stanbul Eczac\u0131 Odas\u0131&rsquo;na g&ouml;nderdi\u011fi yaz\u0131 biz eczac\u0131lar\u0131 yeni bir emrivaki ile kar\u015f\u0131 kar\u015f\u0131ya b\u0131rakm\u0131\u015ft\u0131r.<\/font><\/p>\n<p><font face=\"Times New Roman\" size=\"3\" color=\"#000000\">&nbsp;<\/font><font face=\"Times New Roman\" size=\"3\" color=\"#000000\">&nbsp;<\/font> <\/p>\n<p style=\"margin: 0cm 0cm 0pt\" class=\"MsoNormal\"><font face=\"Times New Roman\" size=\"3\" color=\"#000000\">SGK&rsquo;n\u0131n re&ccedil;ete kontrol sisteminin &ouml;zellikle \u0130stanbul gibi metropol kentlerde i\u015flemedi\u011fi bilinen bir ger&ccedil;ektir. Re&ccedil;ete kontrol birimlerinin yeterli donan\u0131ma sahip olmamas\u0131 nedeniyle kontroller zaman\u0131nda yap\u0131lamamakta ve 3 y\u0131l gecikmeli olarak ger&ccedil;ekle\u015fmektedir. \u0130\u015fte bu kurumsal eksikli\u011fin faturas\u0131 SGK&rsquo;n\u0131n yeni uygulamas\u0131yla biz eczac\u0131lara &ouml;dettirilmek istenmektedir. 01.01.2007 tarihinden &ouml;nce kuruma teslim edilmi\u015f olan re&ccedil;etelerin kontrollerinin &ouml;rnekleme y&ouml;ntemiyle yap\u0131lmas\u0131 eczac\u0131lar\u0131 telafisi olanaks\u0131z bir bedel &ouml;demek zorunda b\u0131rakacakt\u0131r. Kald\u0131 ki &ouml;ng&ouml;r&uuml;len bu sistem hem eczac\u0131lar taraf\u0131ndan imzalanan protokole hem de hukuka ayk\u0131r\u0131 bir nitelik ta\u015f\u0131maktad\u0131r. <\/font><font face=\"Times New Roman\" size=\"3\" color=\"#000000\">SGK&rsquo;n\u0131n bu antidemokratik ve yasalara ayk\u0131r\u0131 tutumunu protesto etmek amac\u0131yla \u0130stanbul, Tekirda\u011f, Edirne ve K\u0131rklareli Eczac\u0131 Odalar\u0131n\u0131n ortakla\u015fa d&uuml;zenlendikleri eylemi destekliyoruz. T&uuml;m meslekta\u015flar\u0131m\u0131z\u0131 25.06.2008 &Ccedil;ar\u015famba g&uuml;n&uuml; saat 13.00&rsquo;te &Uuml;sk&uuml;dar \u0130la&ccedil; ve Eczac\u0131l\u0131k Birimi &ouml;n&uuml;nde yap\u0131lacak olan eyleme kat\u0131lmaya &ccedil;a\u011f\u0131r\u0131yoruz.<\/font><\/p>\n","protected":false},"excerpt":{"rendered":"<p>08.05.2008 tarih ve 26870 say\u0131l\u0131 Resmi Gazete&rsquo;de yay\u0131nlanan 5754 say\u0131l\u0131 kanun gere\u011fi, 01.01.2007 tarihinden &ouml;nce Sosyal G&uuml;venlik Kurumu&rsquo;na teslim edilmi\u015f&#46;&#46;&#46;<\/p>\n","protected":false},"author":1,"featured_media":0,"comment_status":"closed","ping_status":"closed","sticky":false,"template":"","format":"standard","meta":{"_jetpack_memberships_contains_paid_content":false,"footnotes":""},"categories":[1],"tags":[],"class_list":["post-3407","post","type-post","status-publish","format-standard","hentry","category-ced"],"aioseo_notices":[],"jetpack_featured_media_url":"","jetpack_sharing_enabled":true,"jetpack-related-posts":[],"_links":{"self":[{"href":"http:\/\/www.ced.org.tr\/index.php?rest_route=\/wp\/v2\/posts\/3407","targetHints":{"allow":["GET"]}}],"collection":[{"href":"http:\/\/www.ced.org.tr\/index.php?rest_route=\/wp\/v2\/posts"}],"about":[{"href":"http:\/\/www.ced.org.tr\/index.php?rest_route=\/wp\/v2\/types\/post"}],"author":[{"embeddable":true,"href":"http:\/\/www.ced.org.tr\/index.php?rest_route=\/wp\/v2\/users\/1"}],"replies":[{"embeddable":true,"href":"http:\/\/www.ced.org.tr\/index.php?rest_route=%2Fwp%2Fv2%2Fcomments&post=3407"}],"version-history":[{"count":0,"href":"http:\/\/www.ced.org.tr\/index.php?rest_route=\/wp\/v2\/posts\/3407\/revisions"}],"wp:attachment":[{"href":"http:\/\/www.ced.org.tr\/index.php?rest_route=%2Fwp%2Fv2%2Fmedia&parent=3407"}],"wp:term":[{"taxonomy":"category","embeddable":true,"href":"http:\/\/www.ced.org.tr\/index.php?rest_route=%2Fwp%2Fv2%2Fcategories&post=3407"},{"taxonomy":"post_tag","embeddable":true,"href":"http:\/\/www.ced.org.tr\/index.php?rest_route=%2Fwp%2Fv2%2Ftags&post=3407"}],"curies":[{"name":"wp","href":"https:\/\/api.w.org\/{rel}","templated":true}]}}