{"id":3409,"date":"2008-06-25T16:04:43","date_gmt":"2008-06-25T13:04:43","guid":{"rendered":"http:\/\/www.ced.org.tr\/?p=3409"},"modified":"2008-06-25T16:04:43","modified_gmt":"2008-06-25T13:04:43","slug":"yuzlerce-eczaci-sgkyi-protesto-etti","status":"publish","type":"post","link":"http:\/\/www.ced.org.tr\/?p=3409","title":{"rendered":"Y\u00dcZLERCE ECZACI SGK&#8217;YI PROTESTO ETT\u0130"},"content":{"rendered":"<p style=\"margin: 0cm 0cm 0pt\" class=\"MsoNormal\"><font face=\"Times New Roman\" size=\"3\" color=\"#000000\"><\/p>\n<div style=\"text-align: center\"><img loading=\"lazy\" decoding=\"async\" src=\"images\/stories\/belgeler\/sgk1.jpg\" border=\"0\" alt=\"sgk\" title=\"sgk\" vspace=\"4\" width=\"450\" height=\"300\" \/><\/div>\n<p>&nbsp;<\/font><\/p>\n<p style=\"margin: 0cm 0cm 0pt\" class=\"MsoNormal\"><font face=\"Times New Roman\" size=\"3\" color=\"#000000\">Sosyal G&uuml;venlik Kurumu&rsquo;nun re&ccedil;ete kontrol sisteminde i&ccedil;ine d&uuml;\u015ft&uuml;\u011f&uuml; a&ccedil;mazdan kurtulmak ad\u0131na yasay\u0131 ve &ouml;rnekleme y&ouml;ntemiyle ilgili &ccedil;\u0131kar\u0131lan genelgeyi a&ccedil;\u0131k&ccedil;a ihlal ederek kendi kurumsal eksikli\u011finin faturas\u0131n\u0131 eczac\u0131ya &ouml;dettirmek amac\u0131na d&ouml;n&uuml;k yeni re&ccedil;ete kontrol uygulamas\u0131 eczac\u0131lar aras\u0131nda b&uuml;y&uuml;k tepkiye yol a&ccedil;t\u0131.<\/font><\/p>\n<p style=\"margin: 0cm 0cm 0pt\" class=\"MsoNormal\">&nbsp;<\/p>\n<p style=\"margin: 0cm 0cm 0pt\" class=\"MsoNormal\"><font face=\"Times New Roman\" size=\"3\" color=\"#000000\">\u0130stanbul Eczac\u0131 Odas\u0131&rsquo;na &uuml;ye 500&rsquo;e yak\u0131n eczac\u0131 haks\u0131z ve hukuksuz kesintilere yol a&ccedil;acak, eczac\u0131lar\u0131 ciddi bir \u015fekilde ma\u011fdur edecek bu uygulamay\u0131 protesto etmek amac\u0131yla 51 eczac\u0131 odas\u0131n\u0131n ortak bas\u0131n a&ccedil;\u0131klamas\u0131yla e\u015fzamanl\u0131 olarak bug&uuml;n saat 13.00&rsquo;te SGK &Uuml;sk&uuml;dar \u0130la&ccedil; ve Eczac\u0131l\u0131k Birimi &ouml;n&uuml;nde topland\u0131lar. &ldquo;Gecikmeli kesinti istemiyoruz&rdquo;, &ldquo;Kademeli iskontoya hay\u0131r&rdquo;, &ldquo;Hukuksuz yasa istemiyoruz&rdquo;, &ldquo;Se&ccedil;mece kontrole hay\u0131r&rdquo;, &ldquo;Zaman\u0131nda ve tam inceleme istiyoruz&rdquo; sloganlar\u0131 e\u015fli\u011finde ba\u015flayan protesto eylemi \u0130stanbul Eczac\u0131 Odas\u0131 Genel Sekreteri Ecz. Cenap Sar\u0131alio\u011flu&rsquo;nun \u0130stanbul, Tekirda\u011f, Edirne, K\u0131rklareli Eczac\u0131 Odalar\u0131 ad\u0131na haz\u0131rlanan ortak bas\u0131n a&ccedil;\u0131klamas\u0131yla sona erdi.<\/font><\/p>\n<p style=\"margin: 0cm 0cm 0pt\" class=\"MsoNormal\">&nbsp;<\/p>\n<p style=\"margin: 0cm 0cm 0pt\" class=\"MsoNormal\"><font face=\"Times New Roman\" size=\"3\" color=\"#000000\">Bas\u0131n a&ccedil;\u0131klamalar\u0131 i&ccedil;in devam\u0131n\u0131 oku t\u0131klay\u0131n\u0131z.<\/font><\/p>\n<p><font size=\"3\"><\/font><\/p>\n<p><font size=\"3\"><font color=\"#000000\"><\/font><\/font><\/p>\n<p><font size=\"3\"><font color=\"#000000\"><\/font><\/font><\/p>\n<p><font size=\"3\"><font color=\"#000000\"><font face=\"Times New Roman\"><em>51 Eczac\u0131 Odas\u0131 taraf\u0131ndan 25 Haziran &Ccedil;ar\u015famba g&uuml;n&uuml; saat 13.00&rsquo;te yap\u0131lan ortak bas\u0131n a&ccedil;\u0131klamas\u0131n\u0131n metni a\u015fa\u011f\u0131dad\u0131r:<\/em><\/font><\/font><\/font><\/p>\n<p>&nbsp;<\/p>\n<p>&nbsp;<\/p>\n<p><font size=\"3\"><font color=\"#000000\"><font face=\"Times New Roman\"><strong>BASINA VE KAMUOYUNA<\/strong>&nbsp; <\/font><\/font><\/font><font size=\"3\"><font color=\"#000000\"><font face=\"Times New Roman\"><\/p>\n<p style=\"margin: 0cm 0cm 0pt\" class=\"MsoNormal\">Sosyal G&uuml;venlik Kurumu ve T&uuml;rk Eczac\u0131lar\u0131 Birli\u011fi aras\u0131nda 01.07.2008 tarihinde y&uuml;r&uuml;rl&uuml;\u011fe girmesi gereken ve vatanda\u015flar\u0131m\u0131z\u0131n y&uuml;zde 90&rsquo;\u0131n\u0131n eczanelerden ila&ccedil; alma ko\u015fullar\u0131n\u0131 belirleyen 2008 Y\u0131l\u0131 \u0130la&ccedil; Al\u0131m Protokol&uuml; g&ouml;r&uuml;\u015fmeleri s&uuml;rmektedir. 2005 y\u0131l\u0131ndan itibaren yap\u0131lan protokollerle ila&ccedil; eczac\u0131l\u0131k hizmetinin serbest eczaneler taraf\u0131ndan t&uuml;m vatanda\u015flar\u0131m\u0131z\u0131 kapsayacak \u015fekilde verilmesi i&ccedil;in her t&uuml;rl&uuml; fedakarl\u0131\u011f\u0131 g&ouml;stermi\u015f bir meslek grubu olarak 24.000 eczac\u0131 ad\u0131na, 8.500 eczanenin kapanma noktas\u0131na geldi\u011fi ve bu say\u0131n\u0131n giderek artt\u0131\u011f\u0131 bir ortamda, bundan b&ouml;yle verece\u011fimiz herhangi bir &ouml;d&uuml;n&uuml;n kalmad\u0131\u011f\u0131n\u0131, baz\u0131 konular\u0131n bu protokolde yer almas\u0131n\u0131n bizler a&ccedil;\u0131s\u0131ndan kabul edilemez olaca\u011f\u0131n\u0131 ilan ediyoruz.<\/p>\n<p>&nbsp; <\/p>\n<p style=\"margin: 0cm 0cm 0pt\" class=\"MsoNormal\">Her \u015feyden &ouml;nce, k&acirc;rl\u0131l\u0131\u011f\u0131 b&ouml;ylesine d&uuml;\u015fm&uuml;\u015f, adeta her g&uuml;n zarar\u0131 b&uuml;y&uuml;yen bir meslek grubunun iskonto veriyor olmas\u0131n\u0131n, hele ki iflas noktas\u0131na gelmi\u015f meslekta\u015flar\u0131m\u0131z\u0131n say\u0131s\u0131n\u0131n t&uuml;m eczac\u0131lar\u0131n &uuml;&ccedil;te birine yakla\u015ft\u0131\u011f\u0131 bir durumda herhangi bir s&uuml;rd&uuml;r&uuml;lebilirli\u011fi yoktur. Kurum iskontosu kesinlikle protokolde yer almamal\u0131d\u0131r. Ayr\u0131ca, bilinmelidir ki bizler eczac\u0131y\u0131 potansiyel su&ccedil;lu olarak g&ouml;steren cezai h&uuml;k&uuml;mlerin a\u011f\u0131rl\u0131kl\u0131 olarak bulundu\u011fu bir protokol&uuml; meslek sayg\u0131nl\u0131\u011f\u0131m\u0131z\u0131 zedeleyici bir unsur olarak de\u011ferlendiriyor ve eczac\u0131ya y&ouml;nelik b&ouml;ylesi bir yakla\u015f\u0131m\u0131 kabul edilemez buluyoruz. Di\u011fer yandan, ila&ccedil; firmas\u0131 ve Sosyal G&uuml;venlik Kurumu aras\u0131ndaki maddi ili\u015fkinin bedelini eczac\u0131lar &ouml;demekte, son &uuml;&ccedil; y\u0131ld\u0131r kamu kurum iskontolar\u0131n\u0131n perakende sat\u0131\u015f fiyat\u0131 &uuml;zerinden yap\u0131lmas\u0131 nedeniyle, eczac\u0131lar y&uuml;zde 3&rsquo;lere varan bir haks\u0131z ekonomik kayba u\u011framaktad\u0131r. \u0130la&ccedil; \u015firketlerinin kamu kurum iskontosunun eczane &uuml;zerinden yap\u0131lmas\u0131 uygulamas\u0131 derhal sonland\u0131r\u0131lmal\u0131d\u0131r. Buna ek olarak, hem kamuyu koruyan, hem de eczaneler aras\u0131nda adil da\u011f\u0131t\u0131m ger&ccedil;ekle\u015ftirerek d&uuml;\u015f&uuml;k sermayeli eczanelerin hayatta kalmas\u0131n\u0131 ve sa\u011fl\u0131k hizmeti vermeye devam etmesini sa\u011flayan mevcut re&ccedil;ete da\u011f\u0131t\u0131m sistemlerinin korunmas\u0131 ve geli\u015ftirilmesi, olmazsa olmazlar\u0131m\u0131zdand\u0131r. T&uuml;m bas\u0131na ve kamuoyuna ilan ediyoruz ki, biz eczac\u0131lar\u0131n bu ko\u015fullarda dayanacak g&uuml;c&uuml; ve sabr\u0131 kalmam\u0131\u015ft\u0131r. Bizler 24.000 eczac\u0131 ve 51 eczac\u0131 odas\u0131 olarak, bu taleplerle g&ouml;r&uuml;\u015fme masas\u0131nda olan meslek &ouml;rg&uuml;t&uuml;m&uuml;z&uuml;n arkas\u0131nda oldu\u011fumuzu, mesle\u011fimizi s&uuml;rd&uuml;rebilmek i&ccedil;in kendilerine gereken deste\u011fi verece\u011fimizi kararl\u0131l\u0131kla beyan ediyoruz. Bizler, finans&ouml;rl&uuml;k, mutemetlik, memurluk yapmak de\u011fil, &ccedil;a\u011fda\u015f eczac\u0131l\u0131k hizmeti vermek istiyoruz.<\/p>\n<p style=\"margin: 0cm 0cm 0pt\" class=\"MsoNormal\">&nbsp;<\/p>\n<p style=\"margin: 0cm 0cm 0pt\" class=\"MsoNormal\">&nbsp;<\/p>\n<p align=\"right\">&nbsp;<strong>&nbsp;<\/strong><strong>\u0130STANBUL ECZACI ODASI<\/strong><strong>Y&Ouml;NET\u0130M KURULU<\/strong><\/p>\n<p align=\"right\">&nbsp;<\/p>\n<p style=\"margin: 0cm 0cm 0pt; text-align: right\" class=\"MsoNormal\" align=\"left\">&nbsp;<\/p>\n<p><\/font><\/font><\/font><\/p>\n<p style=\"margin: 0cm 0cm 0pt; text-align: right\" class=\"MsoNormal\" align=\"right\">&nbsp;<\/p>\n<p align=\"right\"><strong><font size=\"3\"><font color=\"#000000\"><font face=\"Times New Roman\">25.06.2008<\/font><\/font><\/font><\/strong><\/p>\n<p>&nbsp;<\/p>\n<p align=\"center\"><strong><font size=\"3\"><font color=\"#000000\"><font face=\"Times New Roman\">BASINA VE KAMUOYUNA<\/p>\n<p><\/font><\/font><\/font><\/strong><strong><font size=\"3\"><font color=\"#000000\"><font face=\"Times New Roman\">SGK, SORUMLULU\u011eUNU YER\u0130NE GET\u0130RMEMES\u0130N\u0130N BEDEL\u0130N\u0130 ECZACIYA &Ouml;DETMEK \u0130ST\u0130YOR!<\/font><\/font><\/font><\/strong><font face=\"Times New Roman\" size=\"3\" color=\"#000000\">&nbsp;<\/font> <\/p>\n<p style=\"margin: 0cm 0cm 0pt; text-indent: 35.45pt\" class=\"MsoNormal\"><font face=\"Times New Roman\" size=\"3\" color=\"#000000\">Biz eczac\u0131lar her y\u0131l Sosyal G&uuml;venlik Kurumuna ila&ccedil; verme ko\u015fullar\u0131n\u0131 belirleyen ve Sosyal G&uuml;venlik Kurumu ile T&uuml;rk Eczac\u0131lar\u0131 Birli\u011fi aras\u0131nda yap\u0131lan Protokol g&ouml;r&uuml;\u015fmeleri &ouml;ncesinde bir dayatmayla kar\u015f\u0131la\u015fmaktay\u0131z. Bu y\u0131l da g&ouml;r&uuml;\u015fmelerin ba\u015flamas\u0131ndan k\u0131sa bir s&uuml;re &ouml;nce ak\u0131l almaz yeni bir d&uuml;zenlemeyle kar\u015f\u0131la\u015ft\u0131k. 8 May\u0131s 2008&rsquo;de Sosyal Sigortalar ve Genel Sa\u011fl\u0131k Sigortas\u0131 yasas\u0131nda yap\u0131lan bir de\u011fi\u015fikle 2007 y\u0131l\u0131 ba\u015f\u0131ndan itibaren uygulanmas\u0131 &ouml;ng&ouml;r&uuml;len ve \u0130stanbul Eczac\u0131 Odas\u0131 olarak yarg\u0131ya ta\u015f\u0131d\u0131\u011f\u0131m\u0131z &Ouml;rnekleme Y&ouml;nteminin geriye d&ouml;n&uuml;k olarak da uygulanmas\u0131 g&uuml;ndeme getirildi. Bu d&uuml;zenlemeyle 01.01.2007 &ouml;ncesi Sosyal G&uuml;venlik Kurumu re&ccedil;etelerinin kontrol&uuml;nde de &ouml;rnekleme y&ouml;ntemi uygulanmak istenmektedir. Geriye d&ouml;n&uuml;k bu uygulama Anayasaya ayk\u0131r\u0131d\u0131r. Anayasa&rsquo;n\u0131n 2. maddesinde &ldquo;Hukuk devletinde g&uuml;ven ve istikrar\u0131n korunabilmesi i&ccedil;in kural olarak yasalar, y&uuml;r&uuml;rl&uuml;\u011fe girdikleri tarihten sonraki olaylara uygulan\u0131r, yasalar &lsquo;ge&ccedil;mi\u015fe y&uuml;r&uuml;mezlik prensibi&rsquo; uyar\u0131nca y&uuml;r&uuml;rl&uuml;\u011fe girdi\u011fi tarihten sonraki hukuki olaylara y&ouml;nelik h&uuml;k&uuml;m ve sonu&ccedil; do\u011furmaktad\u0131r&rdquo; denmektedir.<\/font><\/p>\n<p style=\"margin: 0cm 0cm 0pt; text-indent: 35.45pt\" class=\"MsoNormal\">&nbsp;<\/p>\n<p style=\"margin: 0cm 0cm 0pt; text-indent: 35.45pt\" class=\"MsoNormal\"><font face=\"Times New Roman\" size=\"3\" color=\"#000000\">8 May\u0131s 2008 tarihinde Resmi Gazete&rsquo;de yay\u0131nlanan bu yasa de\u011fi\u015fikli\u011fi Anayasaya ayk\u0131r\u0131 oldu\u011fu gibi 2007\/46 say\u0131l\u0131 &Ouml;rnekleme Genelgesine de ayk\u0131r\u0131d\u0131r. Genelge &ouml;rnekleme y&ouml;nteminin uygulanaca\u011f\u0131 re&ccedil;eteleri tan\u0131mlarken, yatan hasta re&ccedil;etelerinin, raporlu re&ccedil;etelerin ve kan &uuml;r&uuml;n&uuml;-hemofili re&ccedil;etelerinin &ouml;rneklenemeyece\u011fini belirtir. Bu re&ccedil;etelerin tamam\u0131n\u0131n kontrol&uuml;n&uuml;n yap\u0131lmas\u0131n\u0131 &ouml;ng&ouml;ren Genelgeyle ancak bu tan\u0131mlar\u0131n d\u0131\u015f\u0131nda kalan re&ccedil;etelerin &ouml;rnekleme y&ouml;ntemiyle kontrol&uuml;n&uuml;n yap\u0131laca\u011f\u0131 belirlenmi\u015ftir. Yasada yap\u0131lan de\u011fi\u015fiklikle geriye d&ouml;n&uuml;k i\u015fletilece\u011fi a&ccedil;\u0131klanan &ouml;rnekleme y&ouml;ntemi t&uuml;m re&ccedil;etelere uygulanmak istenmektedir. Ancak bu m&uuml;mk&uuml;n de\u011fildir. &Ccedil;&uuml;nk&uuml; 01.01.2007 tarihinden &ouml;nce SGK&rsquo;ya teslim edilen re&ccedil;etelerde yukar\u0131daki tan\u0131mlara uygun bir tasnif yap\u0131lmam\u0131\u015ft\u0131r. Dolay\u0131s\u0131yla belirtilen tarihten &ouml;nceki &ldquo;t&uuml;m re&ccedil;etelerde&rdquo; &ouml;rnekleme y&ouml;ntemiyle yap\u0131lmak istenen kontrollerin meslekta\u015flar\u0131m\u0131z\u0131 hak kay\u0131plar\u0131na u\u011fratmas\u0131 ka&ccedil;\u0131n\u0131lmaz olacakt\u0131r.<\/font><\/p>\n<p style=\"margin: 0cm 0cm 0pt; text-indent: 35.45pt\" class=\"MsoNormal\">&nbsp;<\/p>\n<p style=\"margin: 0cm 0cm 0pt; text-indent: 35.45pt\" class=\"MsoNormal\"><font face=\"Times New Roman\" size=\"3\" color=\"#000000\">2005 y\u0131l\u0131ndan bu yana re&ccedil;ete kontrollerinin sa\u011fl\u0131kl\u0131 ve d&uuml;zenli yap\u0131lamam\u0131\u015f olmas\u0131, Sosyal G&uuml;venlik Kurumu&rsquo;nun eksikli\u011fidir. Meslekta\u015flar\u0131m\u0131z t&uuml;m g&uuml;&ccedil; ko\u015fullara kar\u015f\u0131n halk\u0131n ilaca ula\u015fmas\u0131 i&ccedil;in her t&uuml;rl&uuml; &ouml;zveriyi g&ouml;stermektedir. Ancak SGK&rsquo;n\u0131n re&ccedil;ete kontrollerindeki sorumlulu\u011funu yerine getirememi\u015f olmas\u0131n\u0131n y&uuml;k&uuml;n&uuml; eczac\u0131lara y&uuml;klemesi kabul edilemeyecek bir durumdur. SGK \u0130stanbul \u0130l M&uuml;d&uuml;rl&uuml;\u011f&uuml;&rsquo;ne re&ccedil;ete teslim eden \u0130stanbul, Tekirda\u011f, Edirne, K\u0131rklareli eczac\u0131lar\u0131na ait kontrol&uuml; yap\u0131lamam\u0131\u015f 25 milyonu a\u015fk\u0131n re&ccedil;ete bulundu\u011fu belirtilmektedir. 14 ayl\u0131k hi&ccedil; kontrol&uuml; yap\u0131lmam\u0131\u015f 25 milyon re&ccedil;etenin &ouml;rnekleme y&ouml;ntemiyle sa\u011fl\u0131kl\u0131 ve adil bir \u015fekilde kontrol edilmesi m&uuml;mk&uuml;n de\u011fildir. B&ouml;yle yap\u0131lacak kontrollerin bilimsel ve g&uuml;venilir olmayaca\u011f\u0131 da ortadad\u0131r. Bu d&uuml;zenleme yine eczac\u0131lar\u0131n ma\u011fduriyetine ve yeni haks\u0131z kay\u0131plara yol a&ccedil;acakt\u0131r. <\/font><\/p>\n<p style=\"margin: 0cm 0cm 0pt; text-indent: 35.45pt\" class=\"MsoNormal\">&nbsp;<\/p>\n<p style=\"margin: 0cm 0cm 0pt; text-indent: 35.45pt\" class=\"MsoNormal\"><font face=\"Times New Roman\" size=\"3\" color=\"#000000\">Sosyal G&uuml;venlik Kurumu her protokol g&ouml;r&uuml;\u015fmesi &ouml;ncesinde eczac\u0131lar\u0131 ma\u011fdur eden, adeta aba alt\u0131ndan sopa g&ouml;stermeyi ama&ccedil;layan bu t&uuml;r uygulamalar\u0131 g&uuml;ndeme getirmekten vazge&ccedil;melidir. Hukuka ayk\u0131r\u0131 bu d&uuml;zenleme derhal durdurulmal\u0131d\u0131r.<\/font><\/p>\n<p style=\"margin: 0cm 0cm 0pt; text-indent: 35.45pt\" class=\"MsoNormal\">&nbsp;<\/p>\n<p style=\"margin: 0cm 0cm 0pt; text-indent: 35.45pt\" class=\"MsoNormal\">&nbsp;<\/p>\n<p><strong><font size=\"3\"><font color=\"#000000\"><font face=\"Times New Roman\">\u0130STANBUL ECZACI ODASI Y&Ouml;NET\u0130M KURULU<\/font><\/font><\/font><\/strong><\/p>\n<p>&nbsp;<\/p>\n<p><strong><font size=\"3\"><font color=\"#000000\"><font face=\"Times New Roman\">TEK\u0130RDA\u011e ECZACI ODASI Y&Ouml;NET\u0130M KURULU<\/font><\/font><\/font><\/strong><\/p>\n<p>&nbsp;<\/p>\n<p><strong><font size=\"3\"><font color=\"#000000\"><font face=\"Times New Roman\">ED\u0130RNE ECZACI ODASI Y&Ouml;NET\u0130M KURULU<\/font><\/font><\/font><\/strong><\/p>\n<p>&nbsp;<\/p>\n<p><strong><font size=\"3\"><font color=\"#000000\"><font face=\"Times New Roman\">KIRKLAREL\u0130 ECZACI ODASI Y&Ouml;NET\u0130M KURULU<\/font><\/font><\/font><\/strong><\/p>\n<p><strong><\/strong><\/p>\n<p>&nbsp;<\/p>\n<p><font face=\"Times New Roman\" size=\"3\" color=\"#000000\"><strong>Miting resimleri i&ccedil;in <\/strong><a href=\"galeri\/index.php?level=album&amp;id=3\" target=\"_blank\" title=\"resimler\"><u>t\u0131klay\u0131n\u0131z<\/u><\/a><strong>.<\/strong><\/font><\/p>\n","protected":false},"excerpt":{"rendered":"<p>&nbsp; Sosyal G&uuml;venlik Kurumu&rsquo;nun re&ccedil;ete kontrol sisteminde i&ccedil;ine d&uuml;\u015ft&uuml;\u011f&uuml; a&ccedil;mazdan kurtulmak ad\u0131na yasay\u0131 ve &ouml;rnekleme y&ouml;ntemiyle ilgili &ccedil;\u0131kar\u0131lan genelgeyi a&ccedil;\u0131k&ccedil;a&#46;&#46;&#46;<\/p>\n","protected":false},"author":1,"featured_media":0,"comment_status":"closed","ping_status":"closed","sticky":false,"template":"","format":"standard","meta":{"_jetpack_memberships_contains_paid_content":false,"footnotes":""},"categories":[1],"tags":[],"class_list":["post-3409","post","type-post","status-publish","format-standard","hentry","category-ced"],"aioseo_notices":[],"jetpack_featured_media_url":"","jetpack_sharing_enabled":true,"jetpack-related-posts":[],"_links":{"self":[{"href":"http:\/\/www.ced.org.tr\/index.php?rest_route=\/wp\/v2\/posts\/3409","targetHints":{"allow":["GET"]}}],"collection":[{"href":"http:\/\/www.ced.org.tr\/index.php?rest_route=\/wp\/v2\/posts"}],"about":[{"href":"http:\/\/www.ced.org.tr\/index.php?rest_route=\/wp\/v2\/types\/post"}],"author":[{"embeddable":true,"href":"http:\/\/www.ced.org.tr\/index.php?rest_route=\/wp\/v2\/users\/1"}],"replies":[{"embeddable":true,"href":"http:\/\/www.ced.org.tr\/index.php?rest_route=%2Fwp%2Fv2%2Fcomments&post=3409"}],"version-history":[{"count":0,"href":"http:\/\/www.ced.org.tr\/index.php?rest_route=\/wp\/v2\/posts\/3409\/revisions"}],"wp:attachment":[{"href":"http:\/\/www.ced.org.tr\/index.php?rest_route=%2Fwp%2Fv2%2Fmedia&parent=3409"}],"wp:term":[{"taxonomy":"category","embeddable":true,"href":"http:\/\/www.ced.org.tr\/index.php?rest_route=%2Fwp%2Fv2%2Fcategories&post=3409"},{"taxonomy":"post_tag","embeddable":true,"href":"http:\/\/www.ced.org.tr\/index.php?rest_route=%2Fwp%2Fv2%2Ftags&post=3409"}],"curies":[{"name":"wp","href":"https:\/\/api.w.org\/{rel}","templated":true}]}}