{"id":3410,"date":"2008-06-30T09:23:14","date_gmt":"2008-06-30T06:23:14","guid":{"rendered":"http:\/\/www.ced.org.tr\/?p=3410"},"modified":"2008-06-30T09:23:14","modified_gmt":"2008-06-30T06:23:14","slug":"tebden-yapilan-basin-aciklamasi","status":"publish","type":"post","link":"http:\/\/www.ced.org.tr\/?p=3410","title":{"rendered":"TEB&#8217;DEN YAPILAN BASIN A\u00c7IKLAMASI"},"content":{"rendered":"<p><span><span><strong>Bas\u0131n A&ccedil;\u0131klamas\u0131<\/strong> <\/p>\n<p><strong>De\u011ferli Bas\u0131n Mensuplar\u0131,<br \/><\/strong><br \/>Bilindi\u011fi gibi, Birli\u011fimiz ve SGK aras\u0131nda sigortal\u0131lar\u0131n ila&ccedil; al\u0131m\u0131n\u0131 d&uuml;zenleyen 2008 y\u0131l\u0131na ait protokol g&ouml;r&uuml;\u015fmeleri, 26.06.2008 tarihi itibariyle kurumun uzla\u015fmaz tavr\u0131 nedeniyle t\u0131kanm\u0131\u015ft\u0131. 2007 Protokol&uuml;&rsquo;n&uuml;n s&uuml;resi ise 1 Temmuz itibariyle bitmi\u015f olaca\u011f\u0131ndan, bu tarihten sonra yeni protokol imzalanmam\u0131\u015f olursa, eczanelerden sosyal g&uuml;vence ile ila&ccedil; alma olas\u0131l\u0131\u011f\u0131 ortadan kalkacakt\u0131r.<\/span><\/span><\/p>\n<h5 style=\"font-weight: bolder; font-size: medium; color: #333333; line-height: 28px; font-family: Arial, Helvetica, sans-serif; text-align: center; padding: 5px\" align=\"left\"><\/h5>\n<p>Birli\u011fimiz ve eczac\u0131 meslekta\u015flar\u0131m\u0131z, Protokol g&ouml;r&uuml;\u015fmelerinin ba\u015flamas\u0131 ve hem eczac\u0131lar hem de hastalar\u0131m\u0131z a&ccedil;\u0131s\u0131ndan olumlu bir noktada sonu&ccedil;land\u0131r\u0131lmas\u0131 i&ccedil;in bug&uuml;ne kadar elinden gelen gayreti g&ouml;stermi\u015ftir. Fakat, 2005 y\u0131l\u0131ndan itibaren eczanelerimizde ya\u015fanan deprem ve yeni dayatmalar bizim i&ccedil;in hizmeti s&uuml;rd&uuml;r&uuml;lemez k\u0131lm\u0131\u015ft\u0131r. Eczanelerin &uuml;&ccedil;te birini kapanma noktas\u0131na getirecek, dolay\u0131s\u0131yla sa\u011fl\u0131k hizmetlerinin yayg\u0131nl\u0131\u011f\u0131n\u0131 azaltacak, hastalar\u0131m\u0131z\u0131n ilaca eri\u015fimini engelleyecek uygulama &ouml;nerilerini asla kabul etmeyece\u011fimizin alt\u0131n\u0131 &ccedil;iziyoruz. Eczanelerin ticarethane de\u011fil, sa\u011fl\u0131k dan\u0131\u015fma merkezleri, eczac\u0131lar\u0131n t&uuml;ccar ya da finans&ouml;r de\u011fil, sa\u011fl\u0131k &ccedil;al\u0131\u015fan\u0131 oldu\u011funun unutulmamas\u0131n\u0131 istiyoruz. <\/p>\n<p><strong>De\u011ferli Bas\u0131n Mensuplar\u0131,<br \/><\/strong><br \/>\u0130ki g&uuml;nd&uuml;r say\u0131n &Ccedil;al\u0131\u015fma ve Sosyal G&uuml;venlik ve Sa\u011fl\u0131k Bakanlar\u0131 ile yap\u0131lan g&ouml;r&uuml;\u015fme trafi\u011finden sonra, bu sabah SGK Heyeti ile T&uuml;rk Eczac\u0131lar\u0131 Birli\u011fi Heyeti g&ouml;r&uuml;\u015fmelere devam edip etmeyeceklerine karar vermek &uuml;zere toplanm\u0131\u015f, fakat g&ouml;r&uuml;\u015fmeler tekrar t\u0131kanm\u0131\u015ft\u0131r. Bizler bu noktadan sonra verilen s&ouml;zlerden &ccedil;ok, pratik ad\u0131mlara bakaca\u011f\u0131z. Eme\u011fi ile ge&ccedil;inen bir sa\u011fl\u0131k &ccedil;al\u0131\u015fan\u0131yken, ila&ccedil; \u015firketlerinin ve ila&ccedil; politikalar\u0131n\u0131n finans&ouml;r&uuml; haline getirilmeye itiraz\u0131m\u0131z var. Bizlerin bu haks\u0131z kamula\u015ft\u0131rmaya art\u0131k tahamm&uuml;l&uuml; kalmad\u0131. <\/p>\n<p>Di\u011fer yandan, eczac\u0131 \u0131skontosu ad\u0131 alt\u0131nda meslekta\u015flar\u0131m\u0131z aras\u0131nda ayr\u0131m yaratan ve bir&ccedil;ok meslekta\u015f\u0131m\u0131z\u0131 iflas etme noktas\u0131na getiren indirimleri hi&ccedil;bir \u015fekilde kabul etmeyece\u011fiz. <\/p>\n<p>Bizim irademiz d\u0131\u015f\u0131nda s\u0131k de\u011fi\u015fen uygulamalar\u0131n hastalar\u0131m\u0131z\u0131 ma\u011fdur etti\u011fine her g&uuml;n eczanelerimizde birebir tan\u0131k oluyoruz. Provizyon sistemi ile ilgili s\u0131k\u0131nt\u0131lar\u0131m\u0131z, eczanelerimize uzun s\u0131ralar ve bekleme s&uuml;releri olarak yans\u0131yor. B&uuml;rokrasinin getirdi\u011fi y&uuml;k ile u\u011fra\u015fmaktan hastalar\u0131m\u0131za zaman ay\u0131ramaz hale geldik. Hastalar\u0131m\u0131z\u0131 da eczanede s\u0131k\u0131nt\u0131ya sokan bu uygulamalar\u0131n sadele\u015ftirilmesini, ilgili d&uuml;zenlemelerin hasta yarar\u0131 esas al\u0131narak haz\u0131rlanmas\u0131n\u0131 istiyoruz. Kamu yarar\u0131n\u0131n hasta yarar\u0131 oldu\u011funu bir kez daha hat\u0131rlat\u0131yor, kamunun hasta i&ccedil;in varoldu\u011funu unutmamas\u0131n\u0131 diliyoruz. <\/p>\n<p><strong>De\u011ferli Bas\u0131n Mensuplar\u0131,<\/strong><\/p>\n<p>Eczac\u0131dan s&uuml;rekli taviz bekleyen tutumun devam etmesi halinde, 24.000 eczanenin benzer bir kaderi payla\u015faca\u011f\u0131 ve hastalar\u0131m\u0131z\u0131n ma\u011fdur olaca\u011f\u0131 endi\u015fesinden hareketle;<\/p>\n<ul>\n<li>\u0130la&ccedil; \u015firketinin kamuya yapt\u0131\u011f\u0131 indirimin eczane &uuml;zerinden yap\u0131lmas\u0131na devam edildi\u011fi, <\/li>\n<li>Bir&ccedil;ok meslekta\u015f\u0131m\u0131z iflas noktas\u0131na gelmesine ra\u011fmen, eczac\u0131 \u0131skontosunun devam ettirildi\u011fi <\/li>\n<li>Kesti\u011fimiz faturan\u0131n y&uuml;zde 75 ile 90&rsquo;\u0131n\u0131n belirli bir s&uuml;re sonra avans olarak &ouml;denmesini, geri kalan\u0131n\u0131n sonradan &ouml;denmesini &ouml;ng&ouml;ren, <\/li>\n<li>D&uuml;nyan\u0131n hi&ccedil;bir &uuml;lkesinde olmayan bir uygulama ile baz\u0131 ila&ccedil;lar\u0131n g&uuml;n&uuml;birlik tedavi ad\u0131 alt\u0131nda &ccedil;o\u011funda eczac\u0131 olmayan hastane eczanelerinden verildi\u011fi, <\/li>\n<li>Eczac\u0131lar\u0131n hi&ccedil; g&ouml;revleri olmad\u0131\u011f\u0131 halde muayene &uuml;cretinin tahsiline zorland\u0131\u011f\u0131, <\/li>\n<li>Hi&ccedil;bir bilgi vermeden yap\u0131lan kesintilerin devam etti\u011fi, <\/li>\n<li>Protokol metinlerini cezai \u015fartlarla doldurup eczac\u0131y\u0131 potansiyel su&ccedil;lu olarak g&ouml;steren\n<\/li>\n<\/ul>\n<p>Bir Protokol&uuml; imzalamayaca\u011f\u0131m\u0131z\u0131,<\/p>\n<p>8.500 eczanenin s&uuml;rekli olarak kapanmas\u0131ndansa, t&uuml;m eczanelerin s&uuml;reli olarak kapanmas\u0131n\u0131 tercih edece\u011fimizi <\/p>\n<p>24.000 eczaneyi temsilen 51 Eczac\u0131 Odas\u0131 ve T&uuml;rk Eczac\u0131lar\u0131 Birli\u011fi Merkez Heyeti olarak; yeniden ve b&uuml;y&uuml;k bir kararl\u0131kla siz bas\u0131n mensuplar\u0131n\u0131n &ouml;n&uuml;nde t&uuml;m kamuoyuna ilan ediyoruz. <\/p>\n<p>Bizler sadece &ccedil;a\u011fda\u015f ko\u015fullarda ila&ccedil; ve eczac\u0131l\u0131k hizmeti vermek istiyoruz.<br \/>Bu noktadan sonra, bu hizmetin verilmesinin engellenmesinin sorumlusunun SGK olaca\u011f\u0131n\u0131n alt\u0131n\u0131 &ccedil;iziyoruz.<\/p>\n<p>Sayg\u0131lar\u0131m\u0131zla, <\/p>\n","protected":false},"excerpt":{"rendered":"<p>Bas\u0131n A&ccedil;\u0131klamas\u0131 De\u011ferli Bas\u0131n Mensuplar\u0131,Bilindi\u011fi gibi, Birli\u011fimiz ve SGK aras\u0131nda sigortal\u0131lar\u0131n ila&ccedil; al\u0131m\u0131n\u0131 d&uuml;zenleyen 2008 y\u0131l\u0131na ait protokol g&ouml;r&uuml;\u015fmeleri, 26.06.2008&#46;&#46;&#46;<\/p>\n","protected":false},"author":1,"featured_media":0,"comment_status":"closed","ping_status":"closed","sticky":false,"template":"","format":"standard","meta":{"_jetpack_memberships_contains_paid_content":false,"footnotes":""},"categories":[1],"tags":[],"class_list":["post-3410","post","type-post","status-publish","format-standard","hentry","category-ced"],"aioseo_notices":[],"jetpack_featured_media_url":"","jetpack_sharing_enabled":true,"jetpack-related-posts":[],"_links":{"self":[{"href":"http:\/\/www.ced.org.tr\/index.php?rest_route=\/wp\/v2\/posts\/3410","targetHints":{"allow":["GET"]}}],"collection":[{"href":"http:\/\/www.ced.org.tr\/index.php?rest_route=\/wp\/v2\/posts"}],"about":[{"href":"http:\/\/www.ced.org.tr\/index.php?rest_route=\/wp\/v2\/types\/post"}],"author":[{"embeddable":true,"href":"http:\/\/www.ced.org.tr\/index.php?rest_route=\/wp\/v2\/users\/1"}],"replies":[{"embeddable":true,"href":"http:\/\/www.ced.org.tr\/index.php?rest_route=%2Fwp%2Fv2%2Fcomments&post=3410"}],"version-history":[{"count":0,"href":"http:\/\/www.ced.org.tr\/index.php?rest_route=\/wp\/v2\/posts\/3410\/revisions"}],"wp:attachment":[{"href":"http:\/\/www.ced.org.tr\/index.php?rest_route=%2Fwp%2Fv2%2Fmedia&parent=3410"}],"wp:term":[{"taxonomy":"category","embeddable":true,"href":"http:\/\/www.ced.org.tr\/index.php?rest_route=%2Fwp%2Fv2%2Fcategories&post=3410"},{"taxonomy":"post_tag","embeddable":true,"href":"http:\/\/www.ced.org.tr\/index.php?rest_route=%2Fwp%2Fv2%2Ftags&post=3410"}],"curies":[{"name":"wp","href":"https:\/\/api.w.org\/{rel}","templated":true}]}}