{"id":3411,"date":"2008-06-30T09:37:22","date_gmt":"2008-06-30T06:37:22","guid":{"rendered":"http:\/\/www.ced.org.tr\/?p=3411"},"modified":"2008-06-30T09:37:22","modified_gmt":"2008-06-30T06:37:22","slug":"ieodan-yapilan-aciklama","status":"publish","type":"post","link":"http:\/\/www.ced.org.tr\/?p=3411","title":{"rendered":"\u0130EO&#8217;DAN YAPILAN A\u00c7IKLAMA"},"content":{"rendered":"<h3 style=\"font-weight: bolder; color: #333333; line-height: 28px; font-family: Arial, Helvetica, sans-serif; text-align: center; padding: 5px\" class=\"style3\"><span>DE\u011eERL\u0130 MESLEKTA\u015eLARIMIZ,<\/span><\/h3>\n<p style=\"font-weight: bolder; font-size: medium; color: #333333; line-height: 28px; font-family: Arial, Helvetica, sans-serif; text-align: center; padding: 5px\"><span>Bug&uuml;n gelinen durumda binlerce eczac\u0131 iflas\u0131n e\u015fi\u011findedir. Her y\u0131l bize dayat\u0131lan Kamu \u0130la&ccedil; Al\u0131m Protokollerinde daha a\u011f\u0131r ko\u015fullar yer almaktad\u0131r. Gerek iskonto oranlar\u0131 gerek yasaklama ve ceza h&uuml;k&uuml;mleri mesle\u011fimizi s&uuml;rd&uuml;rmemizi olanaks\u0131z hale getirmi\u015ftir. Bu nedenle taleplerimiz yerine getirilmedi\u011fi durumda, &uuml;lke genelinde eczac\u0131lar 1 Temmuz Sal\u0131 g&uuml;n&uuml;nden itibaren eczanelerini s&uuml;resiz olarak kapatmaya kararl\u0131d\u0131rlar. <\/span><\/p>\n<p style=\"font-weight: bolder; font-size: medium; color: #333333; line-height: 28px; font-family: Arial, Helvetica, sans-serif; text-align: center; padding: 5px\"><span>Vatanda\u015flar\u0131m\u0131z\u0131n bu s&uuml;re i&ccedil;inde ma\u011fdur olmamas\u0131 i&ccedil;in her t&uuml;rl&uuml; &ouml;nlem al\u0131nacak, n&ouml;bet&ccedil;i eczane say\u0131s\u0131 art\u0131r\u0131larak hastalar\u0131m\u0131za hizmette bir aksakl\u0131k ya\u015fanmamas\u0131 sa\u011flanacakt\u0131r. Bu s&uuml;re boyunca re&ccedil;ete da\u011f\u0131t\u0131m sistemindeki hayati &ouml;neme haiz kan &uuml;r&uuml;nleri ve hemofili ila&ccedil;lar\u0131n\u0131n kar\u015f\u0131lanmas\u0131nda eczac\u0131 odalar\u0131 sorumluluk &uuml;stlenecektir. <\/span><\/p>\n<p style=\"font-weight: bolder; font-size: medium; color: #333333; line-height: 28px; font-family: Arial, Helvetica, sans-serif; text-align: center; padding: 5px\"><span>Ancak 30 Haziran Pazartesi g&uuml;n&uuml; saat 24.00 itibariyle SGK ile yap\u0131lan Protokol&uuml;n s&uuml;resi dolacakt\u0131r. Bu tarihten itibaren eczanelerimizin kapal\u0131 oldu\u011fu s&uuml;re boyunca n&ouml;bet&ccedil;i eczaneler, t&uuml;m kurum re&ccedil;etelerini (SGK, ye\u015fil kart, askeriye re&ccedil;eteleri, konsolide b&uuml;t&ccedil;eye tabi t&uuml;m kurumlar) fi\u015f ve fatura ile kar\u015f\u0131layacaklard\u0131r.<\/span><\/p>\n<p style=\"font-weight: bolder; font-size: medium; color: #333333; line-height: 28px; font-family: Arial, Helvetica, sans-serif; padding: 5px\" class=\"style2\" align=\"right\">\u0130stanbul Eczac\u0131 Odas\u0131<br \/>Y&ouml;netim Kurulu<\/p>\n","protected":false},"excerpt":{"rendered":"<p>DE\u011eERL\u0130 MESLEKTA\u015eLARIMIZ, Bug&uuml;n gelinen durumda binlerce eczac\u0131 iflas\u0131n e\u015fi\u011findedir. Her y\u0131l bize dayat\u0131lan Kamu \u0130la&ccedil; Al\u0131m Protokollerinde daha a\u011f\u0131r ko\u015fullar&#46;&#46;&#46;<\/p>\n","protected":false},"author":1,"featured_media":0,"comment_status":"closed","ping_status":"closed","sticky":false,"template":"","format":"standard","meta":{"_jetpack_memberships_contains_paid_content":false,"footnotes":""},"categories":[1],"tags":[],"class_list":["post-3411","post","type-post","status-publish","format-standard","hentry","category-ced"],"aioseo_notices":[],"jetpack_featured_media_url":"","jetpack_sharing_enabled":true,"jetpack-related-posts":[],"_links":{"self":[{"href":"http:\/\/www.ced.org.tr\/index.php?rest_route=\/wp\/v2\/posts\/3411","targetHints":{"allow":["GET"]}}],"collection":[{"href":"http:\/\/www.ced.org.tr\/index.php?rest_route=\/wp\/v2\/posts"}],"about":[{"href":"http:\/\/www.ced.org.tr\/index.php?rest_route=\/wp\/v2\/types\/post"}],"author":[{"embeddable":true,"href":"http:\/\/www.ced.org.tr\/index.php?rest_route=\/wp\/v2\/users\/1"}],"replies":[{"embeddable":true,"href":"http:\/\/www.ced.org.tr\/index.php?rest_route=%2Fwp%2Fv2%2Fcomments&post=3411"}],"version-history":[{"count":0,"href":"http:\/\/www.ced.org.tr\/index.php?rest_route=\/wp\/v2\/posts\/3411\/revisions"}],"wp:attachment":[{"href":"http:\/\/www.ced.org.tr\/index.php?rest_route=%2Fwp%2Fv2%2Fmedia&parent=3411"}],"wp:term":[{"taxonomy":"category","embeddable":true,"href":"http:\/\/www.ced.org.tr\/index.php?rest_route=%2Fwp%2Fv2%2Fcategories&post=3411"},{"taxonomy":"post_tag","embeddable":true,"href":"http:\/\/www.ced.org.tr\/index.php?rest_route=%2Fwp%2Fv2%2Ftags&post=3411"}],"curies":[{"name":"wp","href":"https:\/\/api.w.org\/{rel}","templated":true}]}}