{"id":3412,"date":"2008-07-01T18:14:24","date_gmt":"2008-07-01T15:14:24","guid":{"rendered":"http:\/\/www.ced.org.tr\/?p=3412"},"modified":"2008-07-01T18:14:24","modified_gmt":"2008-07-01T15:14:24","slug":"teb-ile-sgk-arasinda-varilan-uzlasmanin-tam-metni","status":"publish","type":"post","link":"http:\/\/www.ced.org.tr\/?p=3412","title":{"rendered":"TEB \u0130LE SGK ARASINDA VARILAN UZLA\u015eMANIN TAM METN\u0130"},"content":{"rendered":"<p><span style=\"font-size: 12pt; font-family: &#39;Times New Roman&#39;\"><font color=\"#000000\">TEB ile SGK Ba\u015fkanl\u0131\u011f\u0131 aras\u0131nda 2008 y\u0131l\u0131 i&ccedil;in imzalanacak olan protokolde, kademeli iskonto uygulamas\u0131 devam edecektir. Uygulanacak olan yeni iskonto oranlar\u0131 \u015fu \u015fekilde:<\/font><\/span><\/p>\n<p style=\"margin: 0cm 0cm 0pt; line-height: normal; text-align: justify\" class=\"MsoNormal\">&nbsp;<\/p>\n<p><span style=\"font-size: 12pt; font-family: &#39;Times New Roman&#39;\"><\/span><\/p>\n<p><span style=\"font-size: 12pt; font-family: &#39;Times New Roman&#39;\"><font color=\"#000000\">2007 y\u0131l\u0131 sat\u0131\u015f h&acirc;s\u0131lat\u0131 (KDV hari&ccedil;);<\/font><\/span><span style=\"font-size: 12pt; font-family: &#39;Times New Roman&#39;\"><font color=\"#000000\">350.000 YTL&rsquo;ye kadar olan eczaneler taraf\u0131ndan %1,<\/font><\/span><span style=\"font-size: 12pt; font-family: &#39;Times New Roman&#39;\"><font color=\"#000000\">350.001 YTL ile 600.000 YTL aras\u0131nda olan eczaneler taraf\u0131ndan %2,<\/font><\/span><span style=\"font-size: 12pt; font-family: &#39;Times New Roman&#39;\"><font color=\"#000000\">600.001 YTL ile 900.000 YTL aras\u0131nda olan eczaneler taraf\u0131ndan % 3,<\/font><\/span><span style=\"font-size: 12pt; font-family: &#39;Times New Roman&#39;\"><font color=\"#000000\">900.000 YTL &uuml;zerinde olan eczaneler taraf\u0131ndan % 4, eczac\u0131 iskontosu uygulanacak.<\/font><\/span><span style=\"font-size: 12pt; font-family: &#39;Times New Roman&#39;\"><font color=\"#000000\">Yeni a&ccedil;\u0131lan ve 2007 sat\u0131\u015f has\u0131lat olmayan eczaneler i&ccedil;in en d&uuml;\u015f&uuml;k indirim oran\u0131 uygulan\u0131r.&nbsp;<\/font><\/span><\/p>\n<p><span style=\"font-size: 12pt; font-family: &#39;Times New Roman&#39;\"><\/span><\/p>\n<p style=\"margin: 0cm 0cm 0pt; text-align: justify\"><font face=\"Times New Roman\" size=\"3\" color=\"#000000\">Kamu kurum iskontosu uygulamas\u0131nda eczac\u0131n\u0131n sanayi ve kamu aras\u0131nda arac\u0131l\u0131k yapmas\u0131 nedeniyle olu\u015fan ma\u011fduriyetin giderilmesi i&ccedil;in de, Kamu ila&ccedil; al\u0131mlar\u0131nda firmalar taraf\u0131ndan eczaneler arac\u0131l\u0131\u011f\u0131 ile yap\u0131lan iskontolar\u0131n KDV dahil eczanelerden tahsili uygulamas\u0131 a\u015fa\u011f\u0131daki \u015fekilde yeniden d&uuml;zenlenmi\u015ftir.<\/font><\/p>\n<p style=\"margin: 0cm 0cm 0pt; text-align: justify\">&nbsp;<\/p>\n<p><font face=\"Times New Roman\" size=\"3\" color=\"#000000\">&nbsp;<\/font> <\/p>\n<p style=\"margin: 0cm 0cm 0pt; text-align: justify\"><font face=\"Times New Roman\" size=\"3\" color=\"#000000\">01.07.2008 tarihinden itibaren, ila&ccedil; firmalar\u0131ndan al\u0131nacak iskontolar YTL&nbsp; olarak depolara aktar\u0131lacak, depolar ayn\u0131 YTL miktar iskontoyu eczanelere yans\u0131tacaklard\u0131r. Eczaneler de ald\u0131klar\u0131 YTL miktar\u0131n\u0131 ilac\u0131n KDV dahil perakende sat\u0131\u015f fiyat\u0131ndan d&uuml;\u015ft&uuml;kten sonra kalan miktara eczane iskontosunu uygulayarak, SGK&rsquo;ya fatura edeceklerdir.<\/font><\/p>\n<p style=\"margin: 0cm 0cm 0pt; text-align: justify\">&nbsp;<\/p>\n<p style=\"text-align: justify\"><font face=\"Times New Roman\" size=\"3\" color=\"#000000\">TEB ile SGK aras\u0131nda imzalanacak yeni protokol h&uuml;k&uuml;mleri, 01.07.2008 tarihinden itibaren ge&ccedil;erli olacakt\u0131r.<\/font><\/p>\n<p style=\"text-align: justify\">&nbsp;<\/p>\n<p style=\"text-align: justify\"><font face=\"Times New Roman\" size=\"3\" color=\"#000000\">Ayr\u0131ca, Sa\u011fl\u0131k Bakanl\u0131\u011f\u0131 \u0130la&ccedil; ve Eczac\u0131l\u0131k Genel M&uuml;d&uuml;rl&uuml;\u011f&uuml; taraf\u0131ndan, Be\u015feri \u0130la&ccedil;lar\u0131n Fiyatland\u0131r\u0131lmas\u0131 Hakk\u0131nda Tebli\u011fde De\u011fi\u015fiklik Yap\u0131lmas\u0131na Dair Tebli\u011fe a&ccedil;\u0131kl\u0131k getiren 05.05.2008 tarihli ve 30169 say\u0131l\u0131 Genel Yaz\u0131s\u0131n\u0131n 1. maddesinde yer alan;<\/font><\/p>\n<p style=\"text-align: justify\">&nbsp;<\/p>\n<p style=\"text-align: justify\"><font face=\"Times New Roman\" size=\"3\" color=\"#000000\">&ldquo;D&ouml;nemsel ya da ba\u015fka gerek&ccedil;e ile fiyat indirimi yap\u0131ld\u0131\u011f\u0131nda, indirimli fiyatlar ilan edildi\u011fi tarihten 45 g&uuml;n sonra ge&ccedil;erli olacak, ancak firmalar di\u011fer iskontolar haricinde indirim oran\u0131nda ilave iskonto \u015feklinde indirimi uygulamaya, indirimli fiyatlar\u0131n ilan edildi\u011fi tarihte derhal ba\u015flayacak, bu iskontolar depolar taraf\u0131ndan eczanelere derhal yans\u0131t\u0131lacakt\u0131r.&rdquo; H&uuml;km&uuml;, Bakanlar Kurulu taraf\u0131ndan imzalanm\u0131\u015f olup, Resmi Gazete&rsquo;de yay\u0131mland\u0131ktan sonra y&uuml;r&uuml;rl&uuml;\u011fe girecektir.<\/font><\/p>\n","protected":false},"excerpt":{"rendered":"<p>TEB ile SGK Ba\u015fkanl\u0131\u011f\u0131 aras\u0131nda 2008 y\u0131l\u0131 i&ccedil;in imzalanacak olan protokolde, kademeli iskonto uygulamas\u0131 devam edecektir. Uygulanacak olan yeni iskonto&#46;&#46;&#46;<\/p>\n","protected":false},"author":1,"featured_media":0,"comment_status":"closed","ping_status":"closed","sticky":false,"template":"","format":"standard","meta":{"_jetpack_memberships_contains_paid_content":false,"footnotes":""},"categories":[1],"tags":[],"class_list":["post-3412","post","type-post","status-publish","format-standard","hentry","category-ced"],"aioseo_notices":[],"jetpack_featured_media_url":"","jetpack_sharing_enabled":true,"jetpack-related-posts":[],"_links":{"self":[{"href":"http:\/\/www.ced.org.tr\/index.php?rest_route=\/wp\/v2\/posts\/3412","targetHints":{"allow":["GET"]}}],"collection":[{"href":"http:\/\/www.ced.org.tr\/index.php?rest_route=\/wp\/v2\/posts"}],"about":[{"href":"http:\/\/www.ced.org.tr\/index.php?rest_route=\/wp\/v2\/types\/post"}],"author":[{"embeddable":true,"href":"http:\/\/www.ced.org.tr\/index.php?rest_route=\/wp\/v2\/users\/1"}],"replies":[{"embeddable":true,"href":"http:\/\/www.ced.org.tr\/index.php?rest_route=%2Fwp%2Fv2%2Fcomments&post=3412"}],"version-history":[{"count":0,"href":"http:\/\/www.ced.org.tr\/index.php?rest_route=\/wp\/v2\/posts\/3412\/revisions"}],"wp:attachment":[{"href":"http:\/\/www.ced.org.tr\/index.php?rest_route=%2Fwp%2Fv2%2Fmedia&parent=3412"}],"wp:term":[{"taxonomy":"category","embeddable":true,"href":"http:\/\/www.ced.org.tr\/index.php?rest_route=%2Fwp%2Fv2%2Fcategories&post=3412"},{"taxonomy":"post_tag","embeddable":true,"href":"http:\/\/www.ced.org.tr\/index.php?rest_route=%2Fwp%2Fv2%2Ftags&post=3412"}],"curies":[{"name":"wp","href":"https:\/\/api.w.org\/{rel}","templated":true}]}}