{"id":3413,"date":"2008-07-01T18:15:59","date_gmt":"2008-07-01T15:15:59","guid":{"rendered":"http:\/\/www.ced.org.tr\/?p=3413"},"modified":"2008-07-01T18:15:59","modified_gmt":"2008-07-01T15:15:59","slug":"eczacilarin-direnci-cozum-getirdi","status":"publish","type":"post","link":"http:\/\/www.ced.org.tr\/?p=3413","title":{"rendered":"ECZACILARIN D\u0130RENC\u0130 \u00c7\u00d6Z\u00dcM GET\u0130RD\u0130!"},"content":{"rendered":"<p style=\"margin: 0cm 0cm 10pt; text-align: justify\" class=\"MsoNormal\"><span style=\"font-size: 12pt; line-height: 115%; font-family: &#39;Times New Roman&#39;\"><font color=\"#000000\">2008 y\u0131l\u0131 protokol g&ouml;r&uuml;\u015fmeleri gecikmeli de olsa ba\u015flad\u0131\u011f\u0131nda durum eczac\u0131lar bak\u0131m\u0131ndan hi&ccedil; de i&ccedil; a&ccedil;\u0131c\u0131 de\u011fildi. &Uuml;lke genelinde eczanelerin &uuml;&ccedil;te biri fiili bir iflas\u0131 ya\u015f\u0131yor, &uuml;&ccedil;te biri i&ccedil;inse tehlike &ccedil;anlar\u0131 &ccedil;al\u0131yordu. Eczane ekonomileri ciddi bir deprem ya\u015f\u0131yordu.<\/font><\/span><\/p>\n<p><span style=\"font-size: 12pt; line-height: 115%; font-family: &#39;Times New Roman&#39;\"><font color=\"#000000\">Bu &ccedil;&ouml;k&uuml;\u015fe kar\u015f\u0131 eczac\u0131lardan y&uuml;kselen diren&ccedil; eczac\u0131 &ouml;rg&uuml;tlerinin &ouml;nderli\u011finde &ouml;rg&uuml;tl&uuml; bir dirence d&ouml;n&uuml;\u015ft&uuml; ve &uuml;lke geneline dalga dalga yay\u0131ld\u0131. Eczac\u0131lar 2008 protokol g&ouml;r&uuml;\u015fmelerinde hi&ccedil;bir dayatmaya onay vermeyeceklerini &ouml;zg&uuml;r iradeleriyle ortaya koyuyorlard\u0131. Bu arada SGK yetkililerinin a\u011f\u0131rla\u015ft\u0131r\u0131lm\u0131\u015f yeni yapt\u0131r\u0131mlar\u0131n\u0131n ve protokol&uuml; ileri bir tarihe erteleme niyetlerinin alt\u0131n\u0131 &ccedil;izmek gerekiyor. \u0130\u015fte 2008 protokol g&ouml;r&uuml;\u015fmeleri bu ko\u015fullarda ba\u015flad\u0131.<\/font><\/span><\/p>\n<p><span style=\"font-size: 12pt; line-height: 115%; font-family: &#39;Times New Roman&#39;\"><\/span><\/p>\n<p>&nbsp;<\/p>\n<p><span style=\"font-size: 12pt; line-height: 115%; font-family: &#39;Times New Roman&#39;\"><font color=\"#000000\">TEB Protokol Komisyonu g&ouml;r&uuml;\u015fme masas\u0131na oturmadan &ouml;nce 51 Eczac\u0131 Odas\u0131&rsquo;n\u0131n onay\u0131n\u0131 da alarak yapt\u0131\u011f\u0131 &ccedil;al\u0131\u015fmalar\u0131, tespit ve &ouml;nerilerini kamuoyuyla payla\u015ft\u0131.<\/font><\/span><\/p>\n<p>&nbsp;<\/p>\n<p><span style=\"font-size: 12pt; line-height: 115%; font-family: &#39;Times New Roman&#39;\"><font color=\"#000000\">Eczane ekonomilerinde &ccedil;&ouml;k&uuml;nt&uuml;ye yol a&ccedil;an s&uuml;re&ccedil;le ilgili yap\u0131lan tespitler \u015fu ana ba\u015fl\u0131klar alt\u0131nda toplanm\u0131\u015ft\u0131:<\/font><\/span><\/p>\n<p>&nbsp;<\/p>\n<p><font color=\"#000000\"><span style=\"font-size: 12pt; line-height: 115%; font-family: &#39;Times New Roman&#39;\"><span>1-<span style=\"font: 7pt &#39;Times New Roman&#39;\">&nbsp;&nbsp;&nbsp;&nbsp; <\/span><\/span><\/span><span style=\"font-size: 12pt; line-height: 115%; font-family: &#39;Times New Roman&#39;\">\u0130la&ccedil; \u015firketlerinin kamuya yapt\u0131\u011f\u0131 iskontonun eczane &uuml;zerinden s&uuml;rd&uuml;r&uuml;lmesi<\/span><\/font><\/p>\n<p>&nbsp;<\/p>\n<p><font color=\"#000000\"><span style=\"font-size: 12pt; line-height: 115%; font-family: &#39;Times New Roman&#39;\"><span>2-<span style=\"font: 7pt &#39;Times New Roman&#39;\">&nbsp;&nbsp;&nbsp;&nbsp; <\/span><\/span><\/span><span style=\"font-size: 12pt; line-height: 115%; font-family: &#39;Times New Roman&#39;\">Eczanelerin &uuml;&ccedil;te birinin iflas\u0131n e\u015fi\u011fine geldi\u011fi bir noktada kurum iskontolar\u0131n\u0131n devam etmesi<\/span><\/font><\/p>\n<p>&nbsp;<\/p>\n<p><font color=\"#000000\"><span style=\"font-size: 12pt; line-height: 115%; font-family: &#39;Times New Roman&#39;\"><span>3-<span style=\"font: 7pt &#39;Times New Roman&#39;\">&nbsp;&nbsp;&nbsp;&nbsp; <\/span><\/span><\/span><span style=\"font-size: 12pt; line-height: 115%; font-family: &#39;Times New Roman&#39;\"><span>&nbsp;<\/span>Eczanelerden kesilen faturalar\u0131n %75 ile 90&rsquo;\u0131n\u0131n belirli bir s&uuml;re sonra avans olarak, geri kalan\u0131n\u0131n ise sonradan &ouml;denmesini &ouml;ng&ouml;ren SGK dayatmas\u0131n\u0131n kabul edilemez olmas\u0131<\/span><\/font><\/p>\n<p>&nbsp;<\/p>\n<p><font color=\"#000000\"><span style=\"font-size: 12pt; line-height: 115%; font-family: &#39;Times New Roman&#39;\"><span>4-<span style=\"font: 7pt &#39;Times New Roman&#39;\">&nbsp;&nbsp;&nbsp;&nbsp; <\/span><\/span><\/span><span style=\"font-size: 12pt; line-height: 115%; font-family: &#39;Times New Roman&#39;\">Eczac\u0131lar\u0131n g&ouml;revleri olmad\u0131\u011f\u0131 halde muayene &uuml;cretini tahsil ediyor olmalar\u0131<\/span><\/font><\/p>\n<p>&nbsp;<\/p>\n<p><font color=\"#000000\"><span style=\"font-size: 12pt; line-height: 115%; font-family: &#39;Times New Roman&#39;\"><span>5-<span style=\"font: 7pt &#39;Times New Roman&#39;\">&nbsp;&nbsp;&nbsp;&nbsp; <\/span><\/span><\/span><span style=\"font-size: 12pt; line-height: 115%; font-family: &#39;Times New Roman&#39;\">Hi&ccedil;bir a&ccedil;\u0131klama ve bilgilendirme yap\u0131lmadan re&ccedil;ete kesintilerinin devam etmesi<\/span><\/font><\/p>\n<p>&nbsp;<\/p>\n<p><font color=\"#000000\"><span style=\"font-size: 12pt; line-height: 115%; font-family: &#39;Times New Roman&#39;\"><span>6-<span style=\"font: 7pt &#39;Times New Roman&#39;\">&nbsp;&nbsp;&nbsp;&nbsp; <\/span><\/span><\/span><span style=\"font-size: 12pt; line-height: 115%; font-family: &#39;Times New Roman&#39;\">Eczac\u0131lar\u0131 daha ba\u015ftan potansiyel su&ccedil;lu g&ouml;steren anlay\u0131\u015f\u0131n &uuml;r&uuml;n&uuml; olarak 2007 Protokol&uuml;nde cezai h&uuml;k&uuml;mlerin yan\u0131 s\u0131ra para cezalar\u0131n\u0131n da yer almas\u0131<\/span><\/font><\/p>\n<p>&nbsp;<\/p>\n<p><font color=\"#000000\"><span style=\"font-size: 12pt; line-height: 115%; font-family: &#39;Times New Roman&#39;\"><span>7-<span style=\"font: 7pt &#39;Times New Roman&#39;\">&nbsp;&nbsp;&nbsp;&nbsp; <\/span><\/span><\/span><span style=\"font-size: 12pt; line-height: 115%; font-family: &#39;Times New Roman&#39;\">G&uuml;n&uuml; birlik tedavinin uygulanmas\u0131na d&ouml;n&uuml;k \u0131srar\u0131n devam etmesi<\/span><\/font><\/p>\n<p><font color=\"#000000\"><\/font><\/p>\n<p>&nbsp;<\/p>\n<p><span style=\"font-size: 12pt; line-height: 115%; font-family: &#39;Times New Roman&#39;\"><font color=\"#000000\">SGK ile yap\u0131lan g&ouml;r&uuml;\u015fmeler bu ana eksen &uuml;zerinden s&uuml;rd&uuml;r&uuml;ld&uuml;. Ancak SGK b&uuml;rokratlar\u0131n\u0131n uzla\u015fmaz tutumu nedeniyle g&ouml;r&uuml;\u015fmeler d&ouml;rd&uuml;nc&uuml; g&uuml;n&uuml;n sonunda t\u0131kand\u0131, eczac\u0131lar kepenk kapama tercihiyle kar\u015f\u0131 kar\u015f\u0131ya b\u0131rak\u0131ld\u0131. Kepenk kapatma eylemi k\u0131sa s&uuml;rede t&uuml;m &uuml;lkeye yay\u0131ld\u0131. Kapatma 1 Temmuz&rsquo;da ba\u015flayacak ve s&uuml;resiz olarak devam edecekti. 30 Haziran g&uuml;n&uuml; ilgili bakanlar\u0131n devreye girmesi ile yeniden ba\u015flayan g&ouml;r&uuml;\u015fmeler sonucunda bir uzla\u015fma sa\u011fland\u0131 ve sonu&ccedil; TEB Ba\u015fkan\u0131 taraf\u0131ndan kamuoyuna a&ccedil;\u0131kland\u0131.<\/font><\/span><\/p>\n<p>&nbsp;<\/p>\n<p><span style=\"font-size: 12pt; line-height: 115%; font-family: &#39;Times New Roman&#39;\"><font color=\"#000000\">Uzla\u015fmadan &ccedil;\u0131kan sonucu de\u011ferlendirmek gerekirse:<\/font><\/span><\/p>\n<p>&nbsp;<\/p>\n<p><span style=\"font-size: 12pt; line-height: 115%; font-family: &#39;Times New Roman&#39;\"><font color=\"#000000\">Fiili iflas ya\u015fayan 10-12 bin civar\u0131nda eczane i&ccedil;in kurum iskontosunun %3-3,5&rsquo;tan %1&rsquo;e &ccedil;ekilmesi,<\/font><\/span><\/p>\n<p>&nbsp;<\/p>\n<p><span style=\"font-size: 12pt; line-height: 115%; font-family: &#39;Times New Roman&#39;\"><font color=\"#000000\">\u0130la&ccedil; \u015firketlerinin kurum iskontolar\u0131ndan kaynaklanan ve eczac\u0131ya %2.80&rsquo;lik bir maliyeti olan zarar\u0131n\u0131n ortadan kald\u0131r\u0131lmas\u0131,<\/font><\/span><\/p>\n<p>&nbsp;<\/p>\n<p><span style=\"font-size: 12pt; line-height: 115%; font-family: &#39;Times New Roman&#39;\"><font color=\"#000000\">%75 ile 90 aras\u0131nda &ouml;denmesi d&uuml;\u015f&uuml;n&uuml;len avans uygulamas\u0131ndan vazge&ccedil;ilerek y&uuml;zde y&uuml;z avans &ouml;demesine ge&ccedil;ilmesi,<\/font><\/span><\/p>\n<p>&nbsp;<\/p>\n<p><span style=\"font-size: 12pt; line-height: 115%; font-family: &#39;Times New Roman&#39;\"><font color=\"#000000\">Eczac\u0131lar\u0131 daha ba\u015ftan potansiyel su&ccedil;lu olarak g&ouml;steren ve artt\u0131r\u0131lm\u0131\u015f para cezalar\u0131n\u0131 i&ccedil;eren cezai maddelerin kald\u0131r\u0131l\u0131yor olmas\u0131, k&uuml;&ccedil;&uuml;msenmeyecek elle tutulur kazan\u0131mlard\u0131r ve eczac\u0131lar\u0131n &ouml;rg&uuml;tl&uuml; g&uuml;c&uuml; ile kazan\u0131lm\u0131\u015ft\u0131r.<\/font><\/span><\/p>\n<p>&nbsp;<\/p>\n<p style=\"margin: 0cm 0cm 10pt; text-align: justify\" class=\"MsoNormal\"><span style=\"font-size: 12pt; line-height: 115%; font-family: &#39;Times New Roman&#39;\"><font color=\"#000000\">Sosyal m&uuml;cadelelerde t&uuml;m taleplerin bir &ccedil;\u0131rp\u0131da kazan\u0131lmas\u0131 kolay sa\u011flan\u0131r bir durum de\u011fildir. Uzun soluklu ve sab\u0131rl\u0131 &ccedil;abalar gerektirir. K&uuml;&ccedil;&uuml;k ya da b&uuml;y&uuml;k m&uuml;cadele ile elde edilen her kazan\u0131m &ouml;nemlidir. Yeter ki onlara sahip &ccedil;\u0131kmas\u0131n\u0131 bilelim.<\/font><\/span><\/p>\n","protected":false},"excerpt":{"rendered":"<p>2008 y\u0131l\u0131 protokol g&ouml;r&uuml;\u015fmeleri gecikmeli de olsa ba\u015flad\u0131\u011f\u0131nda durum eczac\u0131lar bak\u0131m\u0131ndan hi&ccedil; de i&ccedil; a&ccedil;\u0131c\u0131 de\u011fildi. &Uuml;lke genelinde eczanelerin &uuml;&ccedil;te&#46;&#46;&#46;<\/p>\n","protected":false},"author":1,"featured_media":0,"comment_status":"closed","ping_status":"closed","sticky":false,"template":"","format":"standard","meta":{"_jetpack_memberships_contains_paid_content":false,"footnotes":""},"categories":[1],"tags":[],"class_list":["post-3413","post","type-post","status-publish","format-standard","hentry","category-ced"],"aioseo_notices":[],"jetpack_featured_media_url":"","jetpack_sharing_enabled":true,"jetpack-related-posts":[],"_links":{"self":[{"href":"http:\/\/www.ced.org.tr\/index.php?rest_route=\/wp\/v2\/posts\/3413","targetHints":{"allow":["GET"]}}],"collection":[{"href":"http:\/\/www.ced.org.tr\/index.php?rest_route=\/wp\/v2\/posts"}],"about":[{"href":"http:\/\/www.ced.org.tr\/index.php?rest_route=\/wp\/v2\/types\/post"}],"author":[{"embeddable":true,"href":"http:\/\/www.ced.org.tr\/index.php?rest_route=\/wp\/v2\/users\/1"}],"replies":[{"embeddable":true,"href":"http:\/\/www.ced.org.tr\/index.php?rest_route=%2Fwp%2Fv2%2Fcomments&post=3413"}],"version-history":[{"count":0,"href":"http:\/\/www.ced.org.tr\/index.php?rest_route=\/wp\/v2\/posts\/3413\/revisions"}],"wp:attachment":[{"href":"http:\/\/www.ced.org.tr\/index.php?rest_route=%2Fwp%2Fv2%2Fmedia&parent=3413"}],"wp:term":[{"taxonomy":"category","embeddable":true,"href":"http:\/\/www.ced.org.tr\/index.php?rest_route=%2Fwp%2Fv2%2Fcategories&post=3413"},{"taxonomy":"post_tag","embeddable":true,"href":"http:\/\/www.ced.org.tr\/index.php?rest_route=%2Fwp%2Fv2%2Ftags&post=3413"}],"curies":[{"name":"wp","href":"https:\/\/api.w.org\/{rel}","templated":true}]}}