{"id":3414,"date":"2008-07-02T14:19:18","date_gmt":"2008-07-02T11:19:18","guid":{"rendered":"http:\/\/www.ced.org.tr\/?p=3414"},"modified":"2008-07-02T14:19:18","modified_gmt":"2008-07-02T11:19:18","slug":"sivasin-acisi-dinmedi","status":"publish","type":"post","link":"http:\/\/www.ced.org.tr\/?p=3414","title":{"rendered":"S\u0130VAS&#8217;IN ACISI D\u0130NMED\u0130"},"content":{"rendered":"<h5>Her y\u0131l 2 Temmuz g&uuml;n&uuml; y&uuml;reklerdeki ac\u0131 daha bir alevleniyor. Katliam\u0131n yaralar\u0131 sar\u0131lmad\u0131. Ya\u015fam\u0131n\u0131 yitiren canlar da unutulmad\u0131<br \/>Bundan tam 15 y\u0131l &ouml;nce Sivas&rsquo;a Pir Sultan Abdal Etkinlikleri&rsquo;ne kat\u0131lmak i&ccedil;in giden ayd\u0131n, yazar ve sanat&ccedil;\u0131lar diri diri yak\u0131larak &ouml;ld&uuml;r&uuml;ld&uuml;ler. Katliam\u0131n &uuml;zerinden y\u0131llar ge&ccedil;ti ancak hala as\u0131l sorumlular bulunmad\u0131. Sivas katliam\u0131 insanlar\u0131n y&uuml;re\u011finde hala kanamaya devam ediyor. Art\u0131k herkes katliam\u0131n sorumlular\u0131n\u0131n bulunmas\u0131n\u0131, yeni katliamlara f\u0131rsat veren politikalardan vazge&ccedil;ilmesini ve 35 ki\u015finin ya\u015fam\u0131n\u0131 yitirdi\u011fi Mad\u0131mak Oteli&rsquo;nin m&uuml;ze olmas\u0131n\u0131 istiyor.<\/h5>\n<p>&nbsp;<\/p>\n<p>Siyasi parti, sendika, kitle &ouml;rg&uuml;t&uuml; ve Alevi &ouml;rg&uuml;tleri Sivas Katliam\u0131&rsquo;n\u0131n ayd\u0131nlat\u0131lmas\u0131n\u0131 istediler.<\/p>\n<p><strong>&lsquo;Ayd\u0131nl\u0131\u011fa sald\u0131r\u0131ld\u0131&rsquo;<br \/><\/strong>TMMOB Y&ouml;netim Kurulu Ba\u015fkan\u0131 Mehmet So\u011fanc\u0131, Sivas katliam\u0131n\u0131n ayd\u0131nl\u0131\u011fa, demokrasiye, halklar\u0131n karde\u015fli\u011fine ve bir arada ya\u015fama k&uuml;lt&uuml;r&uuml;ne yap\u0131lan bir sald\u0131r\u0131 oldu\u011funu belirterek, &ldquo;2 Temmuz&rsquo;da hep birlikte ve her\u015feye inat, &lsquo;Ba\u015fka bir ya\u015fam, ba\u015fka bir T&uuml;rkiye, ba\u015fka bir D&uuml;nya m&uuml;mk&uuml;n&rsquo; diyece\u011fiz&rdquo; dedi. <br \/>Makina M&uuml;hendisleri Odas\u0131 Genel Sekreteri Ali Ekber &Ccedil;akar, Sivas katliam\u0131n\u0131n 12 Eyl&uuml;l darbesi sonras\u0131 yarat\u0131lan siyasal atmosferden beslendi\u011fine dikkat &ccedil;ekerek, otoriter, liberal, muhafazakar, milliyet&ccedil;i ve gerici politikalara kar\u015f\u0131 demokratik ve ba\u011f\u0131ms\u0131z T&uuml;rkiye m&uuml;cadelesinin b&uuml;y&uuml;t&uuml;lmesine i\u015faret etti.<\/p>\n","protected":false},"excerpt":{"rendered":"<p>Her y\u0131l 2 Temmuz g&uuml;n&uuml; y&uuml;reklerdeki ac\u0131 daha bir alevleniyor. Katliam\u0131n yaralar\u0131 sar\u0131lmad\u0131. Ya\u015fam\u0131n\u0131 yitiren canlar da unutulmad\u0131Bundan tam 15&#46;&#46;&#46;<\/p>\n","protected":false},"author":1,"featured_media":0,"comment_status":"closed","ping_status":"closed","sticky":false,"template":"","format":"standard","meta":{"_jetpack_memberships_contains_paid_content":false,"footnotes":""},"categories":[1],"tags":[],"class_list":["post-3414","post","type-post","status-publish","format-standard","hentry","category-ced"],"aioseo_notices":[],"jetpack_featured_media_url":"","jetpack_sharing_enabled":true,"jetpack-related-posts":[],"_links":{"self":[{"href":"http:\/\/www.ced.org.tr\/index.php?rest_route=\/wp\/v2\/posts\/3414","targetHints":{"allow":["GET"]}}],"collection":[{"href":"http:\/\/www.ced.org.tr\/index.php?rest_route=\/wp\/v2\/posts"}],"about":[{"href":"http:\/\/www.ced.org.tr\/index.php?rest_route=\/wp\/v2\/types\/post"}],"author":[{"embeddable":true,"href":"http:\/\/www.ced.org.tr\/index.php?rest_route=\/wp\/v2\/users\/1"}],"replies":[{"embeddable":true,"href":"http:\/\/www.ced.org.tr\/index.php?rest_route=%2Fwp%2Fv2%2Fcomments&post=3414"}],"version-history":[{"count":0,"href":"http:\/\/www.ced.org.tr\/index.php?rest_route=\/wp\/v2\/posts\/3414\/revisions"}],"wp:attachment":[{"href":"http:\/\/www.ced.org.tr\/index.php?rest_route=%2Fwp%2Fv2%2Fmedia&parent=3414"}],"wp:term":[{"taxonomy":"category","embeddable":true,"href":"http:\/\/www.ced.org.tr\/index.php?rest_route=%2Fwp%2Fv2%2Fcategories&post=3414"},{"taxonomy":"post_tag","embeddable":true,"href":"http:\/\/www.ced.org.tr\/index.php?rest_route=%2Fwp%2Fv2%2Ftags&post=3414"}],"curies":[{"name":"wp","href":"https:\/\/api.w.org\/{rel}","templated":true}]}}