{"id":3416,"date":"2008-07-02T17:10:08","date_gmt":"2008-07-02T14:10:08","guid":{"rendered":"http:\/\/www.ced.org.tr\/?p=3416"},"modified":"2008-07-02T17:10:08","modified_gmt":"2008-07-02T14:10:08","slug":"temmuz-ayi-koli-teslimat-programi","status":"publish","type":"post","link":"http:\/\/www.ced.org.tr\/?p=3416","title":{"rendered":"Temmuz Ay\u0131 Koli Teslimat Program\u0131"},"content":{"rendered":"<div align=\"left\">Temmuz ay\u0131 koli teslimat\u0131 G&ouml;ztepe ar\u015fivinde a\u015fa\u011f\u0131daki programa g&ouml;re, t&uuml;m kurumlar i&ccedil;in birle\u015ftirilmi\u015f \u015fekilde yap\u0131lacakt\u0131r. Gereksiz y\u0131\u011f\u0131lman\u0131n olu\u015fmamas\u0131 i&ccedil;in eczac\u0131lar\u0131m\u0131z\u0131n programa uymalar\u0131n\u0131 rica ederiz. Koliler S&ouml;zle\u015fmeli Eczac\u0131 haricindeki ki\u015filerce de teslim edilebilir.<br \/>Kargo ile teslimat yapacak eczac\u0131lar\u0131m\u0131z i&ccedil;in g&uuml;n s\u0131n\u0131rlamas\u0131 yap\u0131lmayacakt\u0131r.<\/div>\n<div align=\"left\">Koli teslimat\u0131ndan &ouml;nce yap\u0131lmas\u0131 gereken i\u015flemler hakk\u0131nda ve koli teslimat\u0131nda dikkat edilecek hususlarla ilgili ilanlar\u0131m\u0131z dikkatlice okunmal\u0131 ve gerekleri yerine getirilmelidir.<\/p>\n<p>Serbest g&uuml;nlerde koli al\u0131m\u0131 saat 09.00 &lsquo;da ba\u015flayacak 15.30&rsquo;a kadar gelenlerin kolileri al\u0131nacak, 16.00 itibari ile koli al\u0131m i\u015flemi sonland\u0131r\u0131lacakt\u0131r.<\/p>\n<p>Numaral\u0131 g&uuml;nlerde koli al\u0131m\u0131 saat 09.00 &lsquo;da ba\u015flayacak 16.00&rsquo;a kadar gelenlerin kolileri al\u0131nacak, 16.30 itibari ile koli al\u0131m i\u015flemi sonland\u0131r\u0131lacakt\u0131r.<\/p>\n<p>Bilindi\u011fi &uuml;zere son d&ouml;nem re&ccedil;ete koli teslimat\u0131 eczanelere g&ouml;re ayr\u0131lm\u0131\u015f belirli g&uuml;nler d&acirc;hilinde G&ouml;ztepe depomuz taraf\u0131ndan sorunsuz ve &ouml;nceki d&ouml;nemlere g&ouml;re daha az s\u0131k\u0131nt\u0131l\u0131 teslim al\u0131nmaktad\u0131r. <\/p>\n<p>T&uuml;m duyurular\u0131m\u0131za ra\u011fmen kolilerini taraf\u0131m\u0131zca duyurulan kriterlere uygun haz\u0131rlamayan S&ouml;zle\u015fmeli Eczanelerimiz nedeniyle istenmeyen gecikmeler olu\u015fabilmektedir. <\/p>\n<p>Bu nedenlerle ge&ccedil;mi\u015f d&ouml;nemlerde oldu\u011fu gibi bu d&ouml;nemde de teslim g&uuml;nlerine azami &ouml;zen g&ouml;stermeniz, kolilerinizi dikkatli ve eksiksiz haz\u0131rlaman\u0131z, G&ouml;ztepe Depomuzda sizlere hizmet veren personelimize yard\u0131mc\u0131 olman\u0131z\u0131 rica ederiz.<br \/><strong><br \/>1-2-3-4-7 TEMMUZ (SALI-&Ccedil;AR\u015eAMBA- PER\u015eEMBE-CUMA-PAZARTES\u0130) <\/strong><\/p>\n<p>Bu tarihler aras\u0131nda sadece zorunlu durumlarda s&ouml;zle\u015fme numaras\u0131 d&uuml;zenine ba\u011fl\u0131 olmaks\u0131z\u0131n t&uuml;m s&ouml;zle\u015fmeli eczanelerimiz koli teslim edebileceklerdir.<br \/><strong><br \/>8-9-10-11-14 TEMMUZ (SALI-&Ccedil;AR\u015eAMBA-PER\u015eEMBE-CUMA- PAZARTES\u0130)<\/strong><\/p>\n<p>\u0130STANBUL ili s&ouml;zle\u015fmeli eczanelerimiz, bu tarihler aras\u0131nda 1834. ile ba\u015flayan Emekli Sand\u0131\u011f\u0131 sicil numaras\u0131n\u0131n son rakam\u0131na g&ouml;re kolilerini teslim edeceklerdir.<\/p>\n<p>Herhangi bir nedenle bu tarihlere uyamayacak olan eczanelerimiz kolilerini <strong>1-2-3-4-7 TEMMUZ<\/strong> tarihlerinden birinde teslim etmelidirler.<\/p>\n<p><strong>15 TEMMUZ (SALI)<\/strong><\/p>\n<p>TRAKYA illeri s&ouml;zle\u015fme eczaneler teslim d&ouml;nemidir. Ancak ihtiya&ccedil; halinde k\u0131s\u0131tl\u0131 olarak \u0130stanbul ili s&ouml;zle\u015fmeli eczaneleri teslimat\u0131 da d&uuml;\u015f&uuml;n&uuml;lecektir.<\/p><\/div>\n<div align=\"left\">\n<table border=\"0\" cellspacing=\"0\" cellpadding=\"0\" width=\"315\" style=\"width: 236pt; border-collapse: collapse\">\n<tbody>\n<tr height=\"17\" style=\"height: 12.75pt\">\n<td class=\"xl24\" width=\"131\" height=\"17\" style=\"width: 98pt; height: 12.75pt\">TESL\u0130MAT G&Uuml;N&Uuml;<\/td>\n<td class=\"xl24\" colspan=\"2\" width=\"184\" style=\"border-left: medium none; width: 138pt\">TESL\u0130MAT D&Uuml;ZEN\u0130<\/td>\n<\/tr>\n<tr height=\"19\" style=\"height: 14.25pt\">\n<td class=\"xl25\" width=\"131\" height=\"19\" style=\"border-top: medium none; width: 98pt; height: 14.25pt\">01.07.2008<\/td>\n<td class=\"xl27\" colspan=\"2\" rowspan=\"5\" width=\"184\" style=\"width: 138pt\">Sadece zorunlu durumlarda s&ouml;zle\u015fme numaras\u0131 d&uuml;zenine ba\u011fl\u0131 olmaks\u0131z\u0131n teslimat<\/td>\n<\/tr>\n<tr height=\"17\" style=\"height: 12.75pt\">\n<td class=\"xl25\" width=\"131\" height=\"17\" style=\"border-top: medium none; width: 98pt; height: 12.75pt\">02.07.2008<\/td>\n<\/tr>\n<tr height=\"17\" style=\"height: 12.75pt\">\n<td class=\"xl25\" width=\"131\" height=\"17\" style=\"border-top: medium none; width: 98pt; height: 12.75pt\">03.07.2008<\/td>\n<\/tr>\n<tr height=\"17\" style=\"height: 12.75pt\">\n<td class=\"xl25\" width=\"131\" height=\"17\" style=\"border-top: medium none; width: 98pt; height: 12.75pt\">04.07.2008<\/td>\n<\/tr>\n<tr height=\"17\" style=\"height: 12.75pt\">\n<td class=\"xl25\" width=\"131\" height=\"17\" style=\"border-top: medium none; width: 98pt; height: 12.75pt\">07.07.2008<\/td>\n<\/tr>\n<tr height=\"17\" style=\"height: 12.75pt\">\n<td class=\"xl25\" width=\"131\" height=\"17\" style=\"border-top: medium none; width: 98pt; height: 12.75pt\">08.07.2008<\/td>\n<td class=\"xl26\" width=\"64\" style=\"border-top: medium none; border-left: medium none; width: 48pt\">7-8<\/td>\n<td class=\"xl27\" rowspan=\"5\" width=\"120\" style=\"border-top: medium none; width: 90pt\">\u0130stanbul \u0130li Emekli Sand\u0131\u011f\u0131 Sicil numaras\u0131n\u0131n son rakam\u0131na g&ouml;re<\/td>\n<\/tr>\n<tr height=\"17\" style=\"height: 12.75pt\">\n<td class=\"xl25\" width=\"131\" height=\"17\" style=\"border-top: medium none; width: 98pt; height: 12.75pt\">09.07.2008<\/td>\n<td class=\"xl26\" width=\"64\" style=\"border-top: medium none; border-left: medium none; width: 48pt\">5-6<\/td>\n<\/tr>\n<tr height=\"17\" style=\"height: 12.75pt\">\n<td class=\"xl25\" width=\"131\" height=\"17\" style=\"border-top: medium none; width: 98pt; height: 12.75pt\">10.07.2008<\/td>\n<td class=\"xl26\" width=\"64\" style=\"border-top: medium none; border-left: medium none; width: 48pt\">3-4<\/td>\n<\/tr>\n<tr height=\"17\" style=\"height: 12.75pt\">\n<td class=\"xl25\" width=\"131\" height=\"17\" style=\"border-top: medium none; width: 98pt; height: 12.75pt\">11.07.2008<\/td>\n<td class=\"xl26\" width=\"64\" style=\"border-top: medium none; border-left: medium none; width: 48pt\">1-2<\/td>\n<\/tr>\n<tr height=\"17\" style=\"height: 12.75pt\">\n<td class=\"xl25\" width=\"131\" height=\"17\" style=\"border-top: medium none; width: 98pt; height: 12.75pt\">14.07.2008<\/td>\n<td class=\"xl26\" width=\"64\" style=\"border-top: medium none; border-left: medium none; width: 48pt\">9-0<\/td>\n<\/tr>\n<tr height=\"17\" style=\"height: 12.75pt\">\n<td class=\"xl25\" width=\"131\" height=\"17\" style=\"border-top: medium none; width: 98pt; height: 12.75pt\">15.07.2008<\/td>\n<td class=\"xl24\" colspan=\"2\" width=\"184\" style=\"border-left: medium none; width: 138pt\">TRAKYA \u0130LLER\u0130<\/td>\n<\/tr>\n<\/tbody>\n<\/table>\n<\/div>\n","protected":false},"excerpt":{"rendered":"<p>Temmuz ay\u0131 koli teslimat\u0131 G&ouml;ztepe ar\u015fivinde a\u015fa\u011f\u0131daki programa g&ouml;re, t&uuml;m kurumlar i&ccedil;in birle\u015ftirilmi\u015f \u015fekilde yap\u0131lacakt\u0131r. Gereksiz y\u0131\u011f\u0131lman\u0131n olu\u015fmamas\u0131 i&ccedil;in eczac\u0131lar\u0131m\u0131z\u0131n&#46;&#46;&#46;<\/p>\n","protected":false},"author":1,"featured_media":0,"comment_status":"closed","ping_status":"closed","sticky":false,"template":"","format":"standard","meta":{"_jetpack_memberships_contains_paid_content":false,"footnotes":""},"categories":[1],"tags":[],"class_list":["post-3416","post","type-post","status-publish","format-standard","hentry","category-ced"],"aioseo_notices":[],"jetpack_featured_media_url":"","jetpack_sharing_enabled":true,"jetpack-related-posts":[],"_links":{"self":[{"href":"http:\/\/www.ced.org.tr\/index.php?rest_route=\/wp\/v2\/posts\/3416","targetHints":{"allow":["GET"]}}],"collection":[{"href":"http:\/\/www.ced.org.tr\/index.php?rest_route=\/wp\/v2\/posts"}],"about":[{"href":"http:\/\/www.ced.org.tr\/index.php?rest_route=\/wp\/v2\/types\/post"}],"author":[{"embeddable":true,"href":"http:\/\/www.ced.org.tr\/index.php?rest_route=\/wp\/v2\/users\/1"}],"replies":[{"embeddable":true,"href":"http:\/\/www.ced.org.tr\/index.php?rest_route=%2Fwp%2Fv2%2Fcomments&post=3416"}],"version-history":[{"count":0,"href":"http:\/\/www.ced.org.tr\/index.php?rest_route=\/wp\/v2\/posts\/3416\/revisions"}],"wp:attachment":[{"href":"http:\/\/www.ced.org.tr\/index.php?rest_route=%2Fwp%2Fv2%2Fmedia&parent=3416"}],"wp:term":[{"taxonomy":"category","embeddable":true,"href":"http:\/\/www.ced.org.tr\/index.php?rest_route=%2Fwp%2Fv2%2Fcategories&post=3416"},{"taxonomy":"post_tag","embeddable":true,"href":"http:\/\/www.ced.org.tr\/index.php?rest_route=%2Fwp%2Fv2%2Ftags&post=3416"}],"curies":[{"name":"wp","href":"https:\/\/api.w.org\/{rel}","templated":true}]}}