{"id":3420,"date":"2008-07-23T13:26:37","date_gmt":"2008-07-23T10:26:37","guid":{"rendered":"http:\/\/www.ced.org.tr\/?p=3420"},"modified":"2008-07-23T13:26:37","modified_gmt":"2008-07-23T10:26:37","slug":"tebden-sgk-sozlesmesi-hakkinda-bilgilendirme","status":"publish","type":"post","link":"http:\/\/www.ced.org.tr\/?p=3420","title":{"rendered":"TEB&#8217;DEN SGK S\u00d6ZLE\u015eMES\u0130 HAKKINDA B\u0130LG\u0130LEND\u0130RME"},"content":{"rendered":"<p>Bilindi\u011fi gibi, 2008 Y\u0131l\u0131 SGK Protokol&uuml;, 01.07.2008 tarihinden itibaren ge&ccedil;erli olmak &uuml;zere 09.07.2008 tarihinde imzalanm\u0131\u015ft\u0131.<\/p>\n<p align=\"justify\">&nbsp;<\/p>\n<p align=\"justify\">Ancak, sanayi taraf\u0131ndan kamuya yap\u0131lan kamu kurum iskontolar\u0131nda arac\u0131l\u0131k rol&uuml;n&uuml; &uuml;stlenen eczac\u0131lar\u0131n, konuyla ilgili olarak bu g&uuml;ne kadar kar\u015f\u0131la\u015fm\u0131\u015f olduklar\u0131 aksakl\u0131k ve ya\u015fam\u0131\u015f olduklar\u0131 ma\u011fduriyetlerin tam anlam\u0131yla ortadan kald\u0131r\u0131lmas\u0131n\u0131 sa\u011flayacak y&ouml;ntemin &uuml;zerinde titizlikle s&uuml;rd&uuml;r&uuml;len &ccedil;al\u0131\u015fmalar\u0131n devam etmesi,<\/p>\n<p align=\"justify\">&nbsp;<\/p>\n<p align=\"justify\">Eczaneler taraf\u0131ndan yap\u0131lmakta olan kademeli iskontolar\u0131n, 30.06.2008 tarihinde belirlenen yeni&nbsp; oranlar\u0131n\u0131n provizyon sistemine giri\u015flerinin tamamlanamam\u0131\u015f olmas\u0131 ve<\/p>\n<p align=\"justify\">&nbsp;<\/p>\n<p align=\"justify\">2008 Y\u0131l\u0131 SGK s&ouml;zle\u015fmelerinin 01.08.2008 tarihine kadar Kuruma teslim edilmesinin gerekmesi nedeniyle meslekta\u015flar\u0131m\u0131z\u0131 zor duruma sokan bir s&uuml;re&ccedil; ya\u015fanm\u0131\u015ft\u0131r.&nbsp; <\/p>\n<p align=\"justify\">&nbsp;<\/p>\n<p align=\"justify\">Kamu kurum iskontolar\u0131n\u0131n uygulan\u0131\u015f\u0131 konusunda, Kurumla ve Sanayi ile yap\u0131lan g&ouml;r&uuml;\u015fmeler son a\u015famaya gelmi\u015f olup, bununla birlikte eczaneler taraf\u0131ndan yap\u0131lacak yeni iskonto oranlar\u0131n\u0131n provizyon sistemine giri\u015fleri de b&uuml;y&uuml;k &ouml;l&ccedil;&uuml;de tamamlanm\u0131\u015ft\u0131r.<\/p>\n<p align=\"justify\">&nbsp;<\/p>\n<p align=\"justify\">Ayr\u0131ca, 01.07.2008 tarihinden itibaren provizyon sistemine girilmi\u015f olan re&ccedil;etelerin, yeni iskonto oranlar\u0131n\u0131n uygulanabilmesi i&ccedil;in silinip, tekrar sisteme giri\u015flerinin yap\u0131lmamas\u0131 konusunda Kurum taraf\u0131ndan gerekli &ccedil;al\u0131\u015fmalar yap\u0131lmaktad\u0131r. <\/p>\n<p align=\"justify\">&nbsp;<\/p>\n<p align=\"justify\">Meslekta\u015flar\u0131m\u0131z\u0131n ve B&ouml;lge Eczac\u0131 Odalar\u0131m\u0131z\u0131n bu s&uuml;re&ccedil;te herhangi bir zararla kar\u015f\u0131la\u015fmamalar\u0131 i&ccedil;in Birli\u011fimiz taraf\u0131ndan gerekli t&uuml;m &ccedil;abalar sarfedilmekte olup, &ouml;zellikle s&ouml;zle\u015fmelerin Kuruma teslim edilme tarihinden kaynakl\u0131 bir ma\u011fduriyet olu\u015fmamas\u0131 noktas\u0131nda, s&ouml;zle\u015fme yenilenmesi i&ccedil;in 01.08.2008 olarak belirlenen son tarihin, A\u011fustos ay\u0131nda ileri bir tarihe ertelenmesi konusunda Kurumla mutabakata var\u0131lm\u0131\u015ft\u0131r.<\/p>\n<p align=\"justify\">&nbsp;<\/p>\n<p align=\"justify\">Birli\u011fimiz taraf\u0131ndan, &ouml;n&uuml;m&uuml;zdeki g&uuml;nlerde konuyla ilgili detayl\u0131 a&ccedil;\u0131klamalar yap\u0131lacakt\u0131r.<\/p>\n<p align=\"justify\">&nbsp;<\/p>\n<p align=\"justify\">T&uuml;m &uuml;yelerimize duyurulur.<\/p>\n","protected":false},"excerpt":{"rendered":"<p>Bilindi\u011fi gibi, 2008 Y\u0131l\u0131 SGK Protokol&uuml;, 01.07.2008 tarihinden itibaren ge&ccedil;erli olmak &uuml;zere 09.07.2008 tarihinde imzalanm\u0131\u015ft\u0131. &nbsp; Ancak, sanayi taraf\u0131ndan kamuya&#46;&#46;&#46;<\/p>\n","protected":false},"author":1,"featured_media":0,"comment_status":"closed","ping_status":"closed","sticky":false,"template":"","format":"standard","meta":{"_jetpack_memberships_contains_paid_content":false,"footnotes":""},"categories":[1],"tags":[],"class_list":["post-3420","post","type-post","status-publish","format-standard","hentry","category-ced"],"aioseo_notices":[],"jetpack_featured_media_url":"","jetpack_sharing_enabled":true,"jetpack-related-posts":[],"_links":{"self":[{"href":"http:\/\/www.ced.org.tr\/index.php?rest_route=\/wp\/v2\/posts\/3420","targetHints":{"allow":["GET"]}}],"collection":[{"href":"http:\/\/www.ced.org.tr\/index.php?rest_route=\/wp\/v2\/posts"}],"about":[{"href":"http:\/\/www.ced.org.tr\/index.php?rest_route=\/wp\/v2\/types\/post"}],"author":[{"embeddable":true,"href":"http:\/\/www.ced.org.tr\/index.php?rest_route=\/wp\/v2\/users\/1"}],"replies":[{"embeddable":true,"href":"http:\/\/www.ced.org.tr\/index.php?rest_route=%2Fwp%2Fv2%2Fcomments&post=3420"}],"version-history":[{"count":0,"href":"http:\/\/www.ced.org.tr\/index.php?rest_route=\/wp\/v2\/posts\/3420\/revisions"}],"wp:attachment":[{"href":"http:\/\/www.ced.org.tr\/index.php?rest_route=%2Fwp%2Fv2%2Fmedia&parent=3420"}],"wp:term":[{"taxonomy":"category","embeddable":true,"href":"http:\/\/www.ced.org.tr\/index.php?rest_route=%2Fwp%2Fv2%2Fcategories&post=3420"},{"taxonomy":"post_tag","embeddable":true,"href":"http:\/\/www.ced.org.tr\/index.php?rest_route=%2Fwp%2Fv2%2Ftags&post=3420"}],"curies":[{"name":"wp","href":"https:\/\/api.w.org\/{rel}","templated":true}]}}