{"id":3421,"date":"2008-07-29T17:17:56","date_gmt":"2008-07-29T14:17:56","guid":{"rendered":"http:\/\/www.ced.org.tr\/?p=3421"},"modified":"2008-07-29T17:17:56","modified_gmt":"2008-07-29T14:17:56","slug":"tebden-basin-aciklamasi","status":"publish","type":"post","link":"http:\/\/www.ced.org.tr\/?p=3421","title":{"rendered":"TEB&#8217;DEN BASIN A\u00c7IKLAMASI"},"content":{"rendered":"<p><strong><em>BASIN A&Ccedil;IKLAMASI<br \/><\/em><\/strong><strong><strong><em>\u0130LA&Ccedil; KR\u0130Z\u0130 YEN\u0130DEN G&Uuml;NDEMDE!!!!<br \/><\/em><\/strong><strong><strong><em>H&Uuml;K&Uuml;MET, UZLA\u015eMA SA\u011eLANAN PROTOKOL&Uuml; UYGULAMIYOR!<\/em><\/strong><\/strong><\/strong><\/p>\n<p><strong><strong><strong><em><br \/>&nbsp;<\/em><\/strong><\/strong><\/strong><strong><strong><strong><\/strong> <\/p>\n<p>De\u011ferli Bas\u0131n Mensuplar\u0131,<\/p>\n<p><\/strong><\/strong><\/p>\n<p>&nbsp;<\/p>\n<p>&nbsp;<\/p>\n<p>Hepinizin bildi\u011fi gibi yakla\u015f\u0131k 1 ay &ouml;nce T&uuml;rk Eczac\u0131lar\u0131 Birli\u011fi ile Maliye Bakan\u0131, Sa\u011fl\u0131k Bakan\u0131, &Ccedil;al\u0131\u015fma ve Sosyal G&uuml;venlik Bakan\u0131&rsquo;n\u0131n imzalad\u0131\u011f\u0131 tutanakla mutabakata var\u0131lan ila&ccedil; krizi tekrar gerek eczac\u0131lar\u0131n gerekse kamuoyunun g&uuml;ndemine ta\u015f\u0131nm\u0131\u015ft\u0131r.<\/p>\n<p>&nbsp;<\/p>\n<p>Uzun s&uuml;ren g&ouml;r&uuml;\u015fmeler sonunda var\u0131lan uzla\u015fma ortam\u0131n\u0131n akabinde, 3 Bakan\u0131n imzas\u0131yla ba\u011f\u0131tlanan &nbsp;kamu kurum iskontolar\u0131 ve yeni eczane iskonto oranlar\u0131n\u0131n yer ald\u0131\u011f\u0131, 9 Temmuz 2008 tarihinde Bursa&rsquo;da yap\u0131lan T&uuml;rk Eczac\u0131lar\u0131 Birli\u011fi 36 \u0131nc\u0131 D&ouml;nem Birinci B&ouml;lgeleraras\u0131 Toplant\u0131s\u0131&rsquo;nda SGK Ba\u015fkan\u0131 ve TEB Ba\u015fkan\u0131 taraf\u0131ndan imzalanan s&ouml;zle\u015fme, &uuml;zerinden 1 ay ge&ccedil;mesine ra\u011fmen hayata ge&ccedil;irilmemi\u015ftir.<\/p>\n<p>&nbsp;<\/p>\n<p>Protokol gere\u011fi, 1 A\u011fustos tarihine kadar eczac\u0131lar\u0131n yeni s&ouml;zle\u015fmelerini SGK&rsquo;ya teslim etmeleri gerekti\u011fi halde, Kurum taraf\u0131ndan, T&uuml;rk Eczac\u0131lar\u0131 Birli\u011fi ve 3 Bakan\u0131n uzla\u015ft\u0131\u011f\u0131 maddeleri i&ccedil;eren bu yeni protokol&uuml;n kamuya y&uuml;k getirece\u011fi gerek&ccedil;e g&ouml;sterilerek, S&ouml;zle\u015fmeler teslim al\u0131nmamaktad\u0131r. Kamu kurum \u0131skontolar\u0131 ile ilgili yap\u0131lan d&uuml;zenleme de, yeni eczac\u0131 \u0131skonto oranlar\u0131 da ge&ccedil;ti\u011fimiz ay i&ccedil;inde uygulamaya konulmam\u0131\u015ft\u0131r. <\/p>\n<p>&nbsp;<\/p>\n<p>Olu\u015fan bu yeni kaotik ortam\u0131 de\u011ferlendirmek &uuml;zere, T&uuml;rk Eczac\u0131lar\u0131 Birli\u011fi&rsquo;ne ba\u011fl\u0131 51 Eczac\u0131 Odas\u0131, 1 ay sonra yeniden ola\u011fan&uuml;st&uuml; olarak, TEB Merkez Binas\u0131&rsquo;nda toplant\u0131 halindedir. Oda Ba\u015fkanlar\u0131 ve TEB Merkez Heyeti &Uuml;yeleri, mutabakat metninde imzas\u0131 bulunan her &uuml;&ccedil; Bakan&rsquo;dan da acil g&ouml;r&uuml;\u015fme talebinde bulunmu\u015ftur. G&ouml;r&uuml;\u015fme ger&ccedil;ekle\u015firse, yakla\u015f\u0131k bir ay &ouml;nce mutabakata var\u0131larak engellenen ila&ccedil; krizinin, b&uuml;rokratik engellemeler nedeni ile yeniden kar\u015f\u0131m\u0131za &ccedil;\u0131kt\u0131\u011f\u0131 ifade edilecek, taleplerimizin bir an &ouml;nce ve kesin bir bi&ccedil;imde kar\u015f\u0131lanmas\u0131 istenecektir. <\/p>\n<p>&nbsp;<\/p>\n<p>Meslek &ouml;rg&uuml;t&uuml;m&uuml;z ve 24.000 eczac\u0131m\u0131z, imza alt\u0131na al\u0131nan Protokol&rsquo;&uuml;n tam olarak uygulanmas\u0131n\u0131 beklemektedir!<\/p>\n<p>&nbsp;<\/p>\n<p>Bas\u0131na ve kamuoyuna sayg\u0131 ile duyurulur.<\/p>\n<p>&nbsp;<\/p>\n<p><strong>T&Uuml;RK ECZACILARI B\u0130RL\u0130\u011e\u0130<br \/><\/strong><strong>BASIN B&Uuml;ROSU<\/strong><\/p>\n","protected":false},"excerpt":{"rendered":"<p>BASIN A&Ccedil;IKLAMASI\u0130LA&Ccedil; KR\u0130Z\u0130 YEN\u0130DEN G&Uuml;NDEMDE!!!!H&Uuml;K&Uuml;MET, UZLA\u015eMA SA\u011eLANAN PROTOKOL&Uuml; UYGULAMIYOR! &nbsp; De\u011ferli Bas\u0131n Mensuplar\u0131, &nbsp; &nbsp; Hepinizin bildi\u011fi gibi yakla\u015f\u0131k 1&#46;&#46;&#46;<\/p>\n","protected":false},"author":1,"featured_media":0,"comment_status":"closed","ping_status":"closed","sticky":false,"template":"","format":"standard","meta":{"_jetpack_memberships_contains_paid_content":false,"footnotes":""},"categories":[1],"tags":[],"class_list":["post-3421","post","type-post","status-publish","format-standard","hentry","category-ced"],"aioseo_notices":[],"jetpack_featured_media_url":"","jetpack_sharing_enabled":true,"jetpack-related-posts":[],"_links":{"self":[{"href":"http:\/\/www.ced.org.tr\/index.php?rest_route=\/wp\/v2\/posts\/3421","targetHints":{"allow":["GET"]}}],"collection":[{"href":"http:\/\/www.ced.org.tr\/index.php?rest_route=\/wp\/v2\/posts"}],"about":[{"href":"http:\/\/www.ced.org.tr\/index.php?rest_route=\/wp\/v2\/types\/post"}],"author":[{"embeddable":true,"href":"http:\/\/www.ced.org.tr\/index.php?rest_route=\/wp\/v2\/users\/1"}],"replies":[{"embeddable":true,"href":"http:\/\/www.ced.org.tr\/index.php?rest_route=%2Fwp%2Fv2%2Fcomments&post=3421"}],"version-history":[{"count":0,"href":"http:\/\/www.ced.org.tr\/index.php?rest_route=\/wp\/v2\/posts\/3421\/revisions"}],"wp:attachment":[{"href":"http:\/\/www.ced.org.tr\/index.php?rest_route=%2Fwp%2Fv2%2Fmedia&parent=3421"}],"wp:term":[{"taxonomy":"category","embeddable":true,"href":"http:\/\/www.ced.org.tr\/index.php?rest_route=%2Fwp%2Fv2%2Fcategories&post=3421"},{"taxonomy":"post_tag","embeddable":true,"href":"http:\/\/www.ced.org.tr\/index.php?rest_route=%2Fwp%2Fv2%2Ftags&post=3421"}],"curies":[{"name":"wp","href":"https:\/\/api.w.org\/{rel}","templated":true}]}}