{"id":3422,"date":"2008-07-30T09:57:21","date_gmt":"2008-07-30T06:57:21","guid":{"rendered":"http:\/\/www.ced.org.tr\/?p=3422"},"modified":"2008-07-30T09:57:21","modified_gmt":"2008-07-30T06:57:21","slug":"basin-aciklamasi","status":"publish","type":"post","link":"http:\/\/www.ced.org.tr\/?p=3422","title":{"rendered":"BASIN A\u00c7IKLAMASI"},"content":{"rendered":"<p><strong><span style=\"font-size: 10pt\"><font color=\"#000000\"><font face=\"Times New Roman\">BARI\u015eA, KARDE\u015eL\u0130\u011eE, DEMOKRAS\u0130YE VE \u0130NSANLI\u011eA Y&Ouml;NELM\u0130\u015e B\u0130R SALDIRI!<\/font><\/font><\/span><\/strong><span style=\"font-size: 10pt\"><font face=\"Times New Roman\" color=\"#000000\">&nbsp;<\/font><\/span><\/p>\n<p style=\"margin: 0cm 0cm 0pt\" class=\"MsoNormal\"><font face=\"Times New Roman\" size=\"3\" color=\"#000000\">&Uuml;lke h\u0131zla siyasal bir krizin, kaotik bir ortam\u0131n i&ccedil;ine &ccedil;ekilmek isteniyor.<\/font><\/p>\n<p><font face=\"Times New Roman\" size=\"3\" color=\"#000000\">&nbsp;<\/font> <\/p>\n<p style=\"margin: 0cm 0cm 0pt\" class=\"MsoNormal\"><font face=\"Times New Roman\" size=\"3\" color=\"#000000\">G&uuml;ng&ouml;ren halk\u0131na y&ouml;nelen 18 ki\u015finin &ouml;l&uuml;m&uuml;ne ve y&uuml;zlerce insan\u0131m\u0131z\u0131n yaralanmas\u0131na yol a&ccedil;an bu kanl\u0131 eylemin ergenekon iddianamesinden iki g&uuml;n sonra ve AKP&rsquo;nin kapat\u0131lma davas\u0131n\u0131n hemen &ouml;ncesinde ger&ccedil;ekle\u015ftirilmi\u015f olmas\u0131 olduk&ccedil;a d&uuml;\u015f&uuml;nd&uuml;r&uuml;c&uuml;d&uuml;r?<\/font><\/p>\n<p style=\"margin: 0cm 0cm 0pt\" class=\"MsoNormal\">&nbsp;<\/p>\n<p style=\"margin: 0cm 0cm 0pt\" class=\"MsoNormal\">&nbsp;<\/p>\n<p style=\"margin: 0cm 0cm 0pt\" class=\"MsoNormal\"><font face=\"Times New Roman\" size=\"3\" color=\"#000000\">Bu &uuml;lke topraklar\u0131 &uuml;zerinde bar\u0131\u015f\u0131n, karde\u015fli\u011fin, demokrasinin, &ouml;zg&uuml;rl&uuml;klerin ve insanl\u0131\u011f\u0131n ye\u015ferip, filizlenmesini istemeyen karanl\u0131k g&uuml;&ccedil; odaklar\u0131 var. Stat&uuml;kodan beslenen, demokrasiden ve de\u011fi\u015fimden korkan,<span>&nbsp; <\/span>bu g&uuml;&ccedil; odaklar\u0131 ter&ouml;r ve benzeri y&ouml;ntemlerle insanlar\u0131 y\u0131ld\u0131rarak siyasal erk g&uuml;c&uuml;n&uuml; ellerinde tutmak istiyorlar.<\/font><\/p>\n<p><font face=\"Times New Roman\" size=\"3\" color=\"#000000\">&nbsp;<\/font> <\/p>\n<p style=\"margin: 0cm 0cm 0pt\" class=\"MsoNormal\"><font face=\"Times New Roman\" size=\"3\" color=\"#000000\">Her kimden ve nereden gelirse gelsin T&uuml;rkiye halk\u0131n\u0131n bir arada ya\u015fama iradesine, karde\u015fli\u011fine y&ouml;nelik olarak tertiplenmi\u015f bu menfur cinayeti \u015fiddetle lanetliyoruz.<\/font><\/p>\n<p><font face=\"Times New Roman\" size=\"3\" color=\"#000000\">&nbsp;<\/font> <\/p>\n<p style=\"margin: 0cm 0cm 0pt\" class=\"MsoNormal\"><font face=\"Times New Roman\" size=\"3\" color=\"#000000\">Bu sald\u0131r\u0131n\u0131n arkas\u0131ndaki karanl\u0131k g&uuml;&ccedil; odaklar\u0131n\u0131n bir an &ouml;nce a&ccedil;\u0131\u011fa &ccedil;\u0131kar\u0131lmas\u0131n\u0131 istiyoruz.<\/font><\/p>\n<p style=\"margin: 0cm 0cm 0pt\" class=\"MsoNormal\">&nbsp;<\/p>\n<p><strong><font size=\"3\"><font color=\"#000000\"><font face=\"Times New Roman\">&Ccedil;A\u011eDA\u015e ECZACILAR DERNE\u011e\u0130<\/font><\/font><\/font><\/strong> <\/p>\n<p style=\"margin: 0cm 0cm 0pt\" class=\"MsoNormal\"><strong><font face=\"Times New Roman\" size=\"3\" color=\"#000000\">Y&Ouml;NET\u0130M KURULU<\/font><\/strong><\/p>\n","protected":false},"excerpt":{"rendered":"<p>BARI\u015eA, KARDE\u015eL\u0130\u011eE, DEMOKRAS\u0130YE VE \u0130NSANLI\u011eA Y&Ouml;NELM\u0130\u015e B\u0130R SALDIRI!&nbsp; &Uuml;lke h\u0131zla siyasal bir krizin, kaotik bir ortam\u0131n i&ccedil;ine &ccedil;ekilmek isteniyor. &nbsp;&#46;&#46;&#46;<\/p>\n","protected":false},"author":1,"featured_media":0,"comment_status":"closed","ping_status":"closed","sticky":false,"template":"","format":"standard","meta":{"_jetpack_memberships_contains_paid_content":false,"footnotes":""},"categories":[1],"tags":[],"class_list":["post-3422","post","type-post","status-publish","format-standard","hentry","category-ced"],"aioseo_notices":[],"jetpack_featured_media_url":"","jetpack_sharing_enabled":true,"jetpack-related-posts":[],"_links":{"self":[{"href":"http:\/\/www.ced.org.tr\/index.php?rest_route=\/wp\/v2\/posts\/3422","targetHints":{"allow":["GET"]}}],"collection":[{"href":"http:\/\/www.ced.org.tr\/index.php?rest_route=\/wp\/v2\/posts"}],"about":[{"href":"http:\/\/www.ced.org.tr\/index.php?rest_route=\/wp\/v2\/types\/post"}],"author":[{"embeddable":true,"href":"http:\/\/www.ced.org.tr\/index.php?rest_route=\/wp\/v2\/users\/1"}],"replies":[{"embeddable":true,"href":"http:\/\/www.ced.org.tr\/index.php?rest_route=%2Fwp%2Fv2%2Fcomments&post=3422"}],"version-history":[{"count":0,"href":"http:\/\/www.ced.org.tr\/index.php?rest_route=\/wp\/v2\/posts\/3422\/revisions"}],"wp:attachment":[{"href":"http:\/\/www.ced.org.tr\/index.php?rest_route=%2Fwp%2Fv2%2Fmedia&parent=3422"}],"wp:term":[{"taxonomy":"category","embeddable":true,"href":"http:\/\/www.ced.org.tr\/index.php?rest_route=%2Fwp%2Fv2%2Fcategories&post=3422"},{"taxonomy":"post_tag","embeddable":true,"href":"http:\/\/www.ced.org.tr\/index.php?rest_route=%2Fwp%2Fv2%2Ftags&post=3422"}],"curies":[{"name":"wp","href":"https:\/\/api.w.org\/{rel}","templated":true}]}}