{"id":3423,"date":"2008-07-31T18:16:42","date_gmt":"2008-07-31T15:16:42","guid":{"rendered":"http:\/\/www.ced.org.tr\/?p=3423"},"modified":"2008-07-31T18:16:42","modified_gmt":"2008-07-31T15:16:42","slug":"sgk-onunde-protesto-eylemi","status":"publish","type":"post","link":"http:\/\/www.ced.org.tr\/?p=3423","title":{"rendered":"SGK \u00d6N\u00dcNDE PROTESTO EYLEM\u0130"},"content":{"rendered":"<p style=\"margin: 0cm 0cm 0pt\" class=\"MsoNormal\"><font face=\"Times New Roman\" size=\"3\" color=\"#000000\"><\/p>\n<div style=\"text-align: center\"><img loading=\"lazy\" decoding=\"async\" style=\"width: 432px; height: 296px\" src=\"images\/stories\/belgeler\/31072008sgk_miting.jpg\" alt=\"sgk mitingi\" title=\"sgk mitingi\" width=\"432\" height=\"296\" \/><\/div>\n<p>&nbsp;<\/font><\/p>\n<p style=\"margin: 0cm 0cm 0pt\" class=\"MsoNormal\"><font face=\"Times New Roman\" size=\"3\" color=\"#000000\">\u0130stanbul, Edirne, Tekirda\u011f ve K\u0131rklareli Eczac\u0131 odalar\u0131na &uuml;ye y&uuml;zlerce eczac\u0131 bug&uuml;n saat 13.30&rsquo;da SGK &Uuml;sk&uuml;dar \u0130l M&uuml;d&uuml;rl&uuml;\u011f&uuml; &ouml;n&uuml;nde imzalad\u0131klar\u0131 s&ouml;zle\u015fmeleri kuruma teslim etmek &uuml;zere topland\u0131lar. Saat 14.00&rsquo;te topluca kurum &ouml;n&uuml;ne gelen eczac\u0131 meslekta\u015flar\u0131m\u0131z koruma memurlar\u0131n\u0131n engeliyle kar\u015f\u0131la\u015ft\u0131. Bu hukuk d\u0131\u015f\u0131 tutum yo\u011fun bir \u015fekilde protesto edildi. Artan protestolar kar\u015f\u0131s\u0131nda \u0130stanbul, Tekirda\u011f, Edirne ve K\u0131rklareli Eczac\u0131 Oda ba\u015fkan ve y&ouml;neticilerinden d&ouml;rt ki\u015filik bir heyet i&ccedil;eri al\u0131nmak zorunda kal\u0131nd\u0131. G&ouml;r&uuml;\u015fmeler bir saate yak\u0131n s&uuml;rd&uuml;. Bu arada d\u0131\u015far\u0131da toplanan meslekta\u015flar\u0131m\u0131z\u0131n protestolar\u0131 yo\u011fun bir \u015fekilde devam etti. &ldquo;S&ouml;zle\u015fme hakk\u0131m\u0131z engellenemez&rdquo;, &ldquo;H&uuml;k&uuml;met imzan\u0131n arkas\u0131nda dur&rdquo;, &ldquo;Halk\u0131m\u0131z\u0131 ila&ccedil;s\u0131z b\u0131rakanlar utans\u0131n&rdquo;, &ldquo;Eczac\u0131lar burada, imzac\u0131lar nerede?&rdquo;, &ldquo;Sami T&uuml;rko\u011flu istifa&rdquo; sloganlar\u0131 s\u0131k s\u0131k dile getirildi. S&ouml;zle\u015fmelerin SGK yetkilileri taraf\u0131ndan t&uuml;m hukuk kurallar\u0131 ihlal edilerek teslim al\u0131nmamas\u0131 &uuml;zerine \u0130stanbul Eczac\u0131 Odas\u0131 Ba\u015fkan\u0131 Ecz. Semih G&uuml;ng&ouml;r d&ouml;rt eczac\u0131 odas\u0131 ad\u0131na haz\u0131rlanan ortak bas\u0131n a&ccedil;\u0131klamas\u0131n\u0131 okudu. G&uuml;ng&ouml;r SGK&rsquo;n\u0131n, bakanlar\u0131n ve kendi imzas\u0131n\u0131n alt\u0131nda oldu\u011fu protokol&uuml; teslim almayarak hukuk kurallar\u0131n\u0131 &ccedil;i\u011fnedi\u011fini a&ccedil;\u0131klad\u0131. 1 A\u011fustos itibariyle fatural\u0131 ya\u015fam\u0131n ba\u015flayaca\u011f\u0131n\u0131, ortaya &ccedil;\u0131kacak ila&ccedil; krizinin sorumlusunun da h&uuml;k&uuml;met ve SGK olaca\u011f\u0131n\u0131 s&ouml;yledi. Bas\u0131n a&ccedil;\u0131klamas\u0131n\u0131n ard\u0131ndan eylem sona erdi.<\/font><\/p>\n<p style=\"margin: 0cm 0cm 0pt\" class=\"MsoNormal\">&nbsp;<\/p>\n<p><font face=\"Times New Roman\" size=\"3\" color=\"#000000\"><\/p>\n<p style=\"margin: 0cm 0cm 0pt\" class=\"MsoNormal\">&nbsp;<\/p>\n<p style=\"margin: 0cm 0cm 0pt\" class=\"MsoNormal\"><strong>Bas\u0131n a&ccedil;\u0131klamas\u0131n\u0131n tam metni:<\/strong><\/p>\n<p><\/font><\/p>\n<p style=\"margin: 0cm 0cm 0pt; text-align: right\" class=\"MsoNormal\" align=\"right\">&nbsp;<\/p>\n<p style=\"margin: 0cm 0cm 0pt; text-align: right\" class=\"MsoNormal\" align=\"right\"><font face=\"Times New Roman\" size=\"3\" color=\"#000000\">31 Temmuz 2008<\/font><\/p>\n<p><font face=\"Times New Roman\" size=\"3\" color=\"#000000\">&nbsp;<\/font><strong><font size=\"3\"><font color=\"#000000\"><font face=\"Times New Roman\">BASINA VE KAMUOYUNA<\/p>\n<p><\/font><\/font><\/font><\/strong><strong><font size=\"3\"><font color=\"#000000\"><font face=\"Times New Roman\">H&Uuml;K&Uuml;MET VERD\u0130\u011e\u0130 S&Ouml;Z&Uuml; TUTMADI! \u0130LA&Ccedil; KR\u0130Z\u0130 YEN\u0130DEN G&Uuml;NDEMDE!<\/font><\/font><\/font><\/strong><strong><font face=\"Times New Roman\" size=\"3\" color=\"#000000\">&nbsp;<\/font><\/strong> <\/p>\n<p style=\"margin: 0cm 0cm 0pt; text-indent: 1cm\" class=\"MsoNormal\"><font face=\"Times New Roman\" size=\"3\" color=\"#000000\">Bilindi\u011fi gibi, Haziran ay\u0131nda 2008 y\u0131l\u0131 Kamu \u0130la&ccedil; Al\u0131m Protokol&uuml; g&ouml;r&uuml;\u015fmeleri ba\u015flad\u0131. Bu s&uuml;re&ccedil; olduk&ccedil;a s\u0131k\u0131nt\u0131l\u0131 ge&ccedil;ti. Sosyal G&uuml;venlik Kurumu&rsquo;nun (SGK) uzla\u015fmaz tutumu nedeniyle g&ouml;r&uuml;\u015fmeler t\u0131kan\u0131nca, eczac\u0131lar olarak kepenk kapatma tercihiyle kar\u015f\u0131 kar\u015f\u0131ya b\u0131rak\u0131ld\u0131k.<\/font><\/p>\n<p style=\"margin: 0cm 0cm 0pt; text-indent: 1cm\" class=\"MsoNormal\">&nbsp;<\/p>\n<p style=\"margin: 0cm 0cm 0pt; text-indent: 1cm\" class=\"MsoNormal\"><font face=\"Times New Roman\" size=\"3\" color=\"#000000\">Bu kritik s&uuml;re&ccedil;te h&uuml;k&uuml;metin ilgili &uuml;&ccedil; bakan\u0131n\u0131n devreye girmesinin ard\u0131ndan 30 Haziran 2008 ak\u015fam\u0131 sorun bir &ccedil;&ouml;z&uuml;m noktas\u0131na ta\u015f\u0131nd\u0131 ve kepenk kapatma eyleminden son anda vazge&ccedil;ildi.<\/font><\/p>\n<p style=\"margin: 0cm 0cm 0pt; text-indent: 1cm\" class=\"MsoNormal\">&nbsp;<\/p>\n<p style=\"margin: 0cm 0cm 0pt; text-indent: 1cm\" class=\"MsoNormal\"><font face=\"Times New Roman\" size=\"3\" color=\"#000000\">&Ccedil;al\u0131\u015fma ve Sosyal G&uuml;venlik Bakan\u0131 Faruk &Ccedil;elik, Sa\u011fl\u0131k Bakan\u0131 Recep Akda\u011f ve Maliye Bakan\u0131 Kemal Unak\u0131tan ile T&uuml;rk Eczac\u0131lar\u0131 Birli\u011fi Ba\u015fkan\u0131 Erdo\u011fan &Ccedil;olak aras\u0131nda var\u0131lan uzla\u015fma ortak bir mutabakat metniyle ayn\u0131 ak\u015fam bas\u0131na ve kamuoyuna duyuruldu. AKP h&uuml;k&uuml;metinin ilgili bakanlar\u0131 ile TEB aras\u0131nda var\u0131lan mutabakatla:<\/font><\/p>\n<p style=\"margin: 0cm 0cm 0pt; text-indent: 1cm\" class=\"MsoNormal\">&nbsp;<\/p>\n<p style=\"margin: 0cm 0cm 0pt 69.6pt; text-indent: -41.25pt; tab-stops: list 69.6pt\" class=\"MsoNormal\"><font face=\"Times New Roman\"><span><font color=\"#000000\"><font size=\"3\">1)<\/font><span style=\"font: 7pt &#39;Times New Roman&#39;\">&nbsp;&nbsp;&nbsp;&nbsp;&nbsp;&nbsp;&nbsp;&nbsp;&nbsp;&nbsp;&nbsp;&nbsp;&nbsp;&nbsp;&nbsp;&nbsp;&nbsp;&nbsp;&nbsp;&nbsp; <\/span><\/font><\/span><font size=\"3\" color=\"#000000\">\u0130la&ccedil; sanayisi taraf\u0131ndan kamuya yap\u0131lan iskontolar\u0131n eczac\u0131lar &uuml;zerinden y&uuml;r&uuml;t&uuml;lmesine son verildi,<\/font><\/font><\/p>\n<p style=\"margin: 0cm 0cm 0pt 69.6pt; text-indent: -41.25pt; tab-stops: list 69.6pt\" class=\"MsoNormal\"><font face=\"Times New Roman\"><span><font color=\"#000000\"><font size=\"3\">2)<\/font><span style=\"font: 7pt &#39;Times New Roman&#39;\">&nbsp;&nbsp;&nbsp;&nbsp;&nbsp;&nbsp;&nbsp;&nbsp;&nbsp;&nbsp;&nbsp;&nbsp;&nbsp;&nbsp;&nbsp;&nbsp;&nbsp;&nbsp;&nbsp;&nbsp; <\/span><\/font><\/span><font size=\"3\" color=\"#000000\">Eczac\u0131lar taraf\u0131ndan kuruma yap\u0131lan kademeli iskonto oran\u0131nda (k&uuml;&ccedil;&uuml;k &ouml;l&ccedil;ekli eczanelerin ekonomik durumlar\u0131 da g&ouml;zetilerek) indirime gidildi.<\/font><\/font><\/p>\n<p><font face=\"Times New Roman\" size=\"3\" color=\"#000000\">&nbsp;<\/font> <\/p>\n<p style=\"margin: 0cm 0cm 0pt; text-indent: 1cm\" class=\"MsoNormal\"><font face=\"Times New Roman\" size=\"3\" color=\"#000000\">Bu indirimlerle ortalamada eczane ekonomilerinde y&uuml;zde 4-5 oran\u0131nda bir iyile\u015ftirme sa\u011flanm\u0131\u015f olacakt\u0131. E\u011fer mutabakata uyulsayd\u0131&hellip;<\/font><\/p>\n<p style=\"margin: 0cm 0cm 0pt; text-indent: 1cm\" class=\"MsoNormal\">&nbsp;<\/p>\n<p style=\"margin: 0cm 0cm 0pt; text-indent: 1cm\" class=\"MsoNormal\"><font face=\"Times New Roman\" size=\"3\" color=\"#000000\">Bakanlarla var\u0131lan mutabakat do\u011frultusunda 9 Temmuz tarihinde SGK ile TEB aras\u0131nda 2008 y\u0131l\u0131 Kamu \u0130la&ccedil; Al\u0131m Protokol&uuml; imzaland\u0131. S&ouml;zkonusu mutabakat da protokolde ek olarak yer ald\u0131. <\/font><\/p>\n<p style=\"margin: 0cm 0cm 0pt; text-indent: 1cm\" class=\"MsoNormal\">&nbsp;<\/p>\n<p style=\"margin: 0cm 0cm 0pt; text-indent: 1cm\" class=\"MsoNormal\"><font face=\"Times New Roman\" size=\"3\" color=\"#000000\">Ancak 1 Temmuz&rsquo;dan itibaren ge&ccedil;erli olmak &uuml;zere 9 Temmuz&rsquo;da imzalanan protokol&uuml;n ilgili h&uuml;k&uuml;mleri 1 aya yak\u0131n bir s&uuml;re ge&ccedil;mesine kar\u015f\u0131n uygulanmad\u0131. Sosyal G&uuml;venlik Kurumu Protokol&uuml;n gereklerini uygulamad\u0131\u011f\u0131 gibi, eczac\u0131lar\u0131n s&ouml;zle\u015fme yapma haklar\u0131n\u0131 da gasp etmektedir. S&ouml;zle\u015fmelerini imzalayan meslekta\u015flar\u0131m\u0131z SGK \u0130l M&uuml;d&uuml;rl&uuml;klerinden geri &ccedil;evrilmektedir.<\/font><\/p>\n<p style=\"margin: 0cm 0cm 0pt; text-indent: 1cm\" class=\"MsoNormal\">&nbsp;<\/p>\n<p style=\"margin: 0cm 0cm 0pt; text-indent: 1cm\" class=\"MsoNormal\"><font face=\"Times New Roman\" size=\"3\" color=\"#000000\">Biz eczac\u0131lar 2005 y\u0131l\u0131ndan bug&uuml;ne kadar sosyal g&uuml;venlik sisteminin t&uuml;m y&uuml;k&uuml;n&uuml; ta\u015f\u0131d\u0131k ve bu s&uuml;re&ccedil;te ciddi hak kay\u0131plar\u0131na u\u011frad\u0131k. 2008 y\u0131l\u0131 protokol&uuml;yle bu hak kay\u0131plar\u0131nda k\u0131smi bir iyile\u015ftirme sa\u011flanm\u0131\u015ft\u0131. Anla\u015f\u0131lan eczac\u0131lar\u0131n ortak iradesiyle kazan\u0131lan bu haklar\u0131 AKP h&uuml;k&uuml;meti ve SGK i&ccedil;ine sindirememi\u015f. Alt\u0131nda bakanlar\u0131n\u0131n ve Sosyal G&uuml;venlik Kurumu&rsquo;nun imzas\u0131 olan protokol&uuml; uygulamaktan vazge&ccedil;meleri, verdikleri s&ouml;z&uuml;n arkas\u0131nda durmamalar\u0131 bunu a&ccedil;\u0131k&ccedil;a ortaya koyuyor.<\/font><\/p>\n<p style=\"margin: 0cm 0cm 0pt; text-indent: 1cm\" class=\"MsoNormal\">&nbsp;<\/p>\n<p style=\"margin: 0cm 0cm 0pt; text-indent: 1cm\" class=\"MsoNormal\"><font face=\"Times New Roman\" size=\"3\" color=\"#000000\">Siyaset kurumuna g&uuml;ven sa\u011flayacak, demokrasiyi geli\u015ftirecek olan tutum, kamuoyu &ouml;n&uuml;nde verilen s&ouml;zlerin tutulmas\u0131d\u0131r. Verdi\u011fi s&ouml;z&uuml; tutmayan ve imzalad\u0131\u011f\u0131 protokole uymayan iktidar\u0131n bu keyfi ve antidemokratik tutumunu kabul etmemiz m&uuml;mk&uuml;n de\u011fildir. Eczac\u0131 kamuoyu 2008 Kamu \u0130la&ccedil; Al\u0131m Protokol&uuml;n&uuml;n oldu\u011fu gibi uygulanmas\u0131n\u0131 bekliyor. Aksi takdirde kamu ila&ccedil; al\u0131m\u0131yla ilgili ortaya &ccedil;\u0131kacak olan kaotik durumun sorumlusu AKP h&uuml;k&uuml;meti ve SGK olacakt\u0131r.<\/font><\/p>\n<p>&nbsp;<\/p>\n<p><strong><span style=\"font-size: 12pt; font-family: &#39;Times New Roman&#39;\"><font color=\"#000000\">\u0130STANBUL ECZACI ODASI<\/font><\/span><\/strong><\/p>\n","protected":false},"excerpt":{"rendered":"<p>&nbsp; \u0130stanbul, Edirne, Tekirda\u011f ve K\u0131rklareli Eczac\u0131 odalar\u0131na &uuml;ye y&uuml;zlerce eczac\u0131 bug&uuml;n saat 13.30&rsquo;da SGK &Uuml;sk&uuml;dar \u0130l M&uuml;d&uuml;rl&uuml;\u011f&uuml; &ouml;n&uuml;nde imzalad\u0131klar\u0131&#46;&#46;&#46;<\/p>\n","protected":false},"author":1,"featured_media":0,"comment_status":"closed","ping_status":"closed","sticky":false,"template":"","format":"standard","meta":{"_jetpack_memberships_contains_paid_content":false,"footnotes":""},"categories":[1],"tags":[],"class_list":["post-3423","post","type-post","status-publish","format-standard","hentry","category-ced"],"aioseo_notices":[],"jetpack_featured_media_url":"","jetpack_sharing_enabled":true,"jetpack-related-posts":[],"_links":{"self":[{"href":"http:\/\/www.ced.org.tr\/index.php?rest_route=\/wp\/v2\/posts\/3423","targetHints":{"allow":["GET"]}}],"collection":[{"href":"http:\/\/www.ced.org.tr\/index.php?rest_route=\/wp\/v2\/posts"}],"about":[{"href":"http:\/\/www.ced.org.tr\/index.php?rest_route=\/wp\/v2\/types\/post"}],"author":[{"embeddable":true,"href":"http:\/\/www.ced.org.tr\/index.php?rest_route=\/wp\/v2\/users\/1"}],"replies":[{"embeddable":true,"href":"http:\/\/www.ced.org.tr\/index.php?rest_route=%2Fwp%2Fv2%2Fcomments&post=3423"}],"version-history":[{"count":0,"href":"http:\/\/www.ced.org.tr\/index.php?rest_route=\/wp\/v2\/posts\/3423\/revisions"}],"wp:attachment":[{"href":"http:\/\/www.ced.org.tr\/index.php?rest_route=%2Fwp%2Fv2%2Fmedia&parent=3423"}],"wp:term":[{"taxonomy":"category","embeddable":true,"href":"http:\/\/www.ced.org.tr\/index.php?rest_route=%2Fwp%2Fv2%2Fcategories&post=3423"},{"taxonomy":"post_tag","embeddable":true,"href":"http:\/\/www.ced.org.tr\/index.php?rest_route=%2Fwp%2Fv2%2Ftags&post=3423"}],"curies":[{"name":"wp","href":"https:\/\/api.w.org\/{rel}","templated":true}]}}