{"id":3426,"date":"2008-08-12T16:35:21","date_gmt":"2008-08-12T13:35:21","guid":{"rendered":"http:\/\/www.ced.org.tr\/?p=3426"},"modified":"2008-08-12T16:35:21","modified_gmt":"2008-08-12T13:35:21","slug":"agustos-ayi-koli-teslimat-programi","status":"publish","type":"post","link":"http:\/\/www.ced.org.tr\/?p=3426","title":{"rendered":"A\u011fustos Ay\u0131 Koli Teslimat Program\u0131"},"content":{"rendered":"<p class=\"MsoNormal\" align=\"left\"><span style=\"font-size: 7.5pt; color: #444444; font-family: Verdana\">A\u011fustos ay\u0131 koli teslimat\u0131 G&ouml;ztepe ar\u015fivinde a\u015fa\u011f\u0131daki programa g&ouml;re, t&uuml;m kurumlar i&ccedil;in birle\u015ftirilmi\u015f \u015fekilde yap\u0131lacakt\u0131r. Gereksiz y\u0131\u011f\u0131lman\u0131n olu\u015fmamas\u0131 i&ccedil;in eczac\u0131lar\u0131m\u0131z\u0131n programa uymalar\u0131n\u0131 rica ederiz. Koliler S&ouml;zle\u015fmeli Eczac\u0131 haricindeki ki\u015filerce de teslim edilebilir.<\/span><\/p>\n<div align=\"left\"><span style=\"font-size: 7.5pt; color: #444444; font-family: Verdana\">Kargo ile teslimat yapacak eczac\u0131lar\u0131m\u0131z i&ccedil;in g&uuml;n s\u0131n\u0131rlamas\u0131 yap\u0131lmayacakt\u0131r.<\/span><\/div>\n<div align=\"left\"><span style=\"font-size: 7.5pt; color: #444444; font-family: Verdana\">Koli teslimat\u0131ndan &ouml;nce yap\u0131lmas\u0131 gereken i\u015flemler hakk\u0131nda ve koli teslimat\u0131nda dikkat edilecek hususlarla ilgili ilanlar\u0131m\u0131z dikkatlice okunmal\u0131 ve gerekleri yerine getirilmelidir.<\/span><\/p>\n<p><span style=\"font-size: 7.5pt; color: #444444; font-family: Verdana\">Serbest g&uuml;nlerde koli al\u0131m\u0131 saat 09.00 &lsquo;da ba\u015flayacak 15.30&rsquo;a kadar gelenlerin kolileri al\u0131nacak, 16.00 itibari ile koli al\u0131m i\u015flemi sonland\u0131r\u0131lacakt\u0131r.<\/span><\/p>\n<p><span style=\"font-size: 7.5pt; color: #444444; font-family: Verdana\">Numaral\u0131 g&uuml;nlerde koli al\u0131m\u0131 saat 09.00 &lsquo;da ba\u015flayacak 16.00&rsquo;a kadar gelenlerin kolileri al\u0131nacak, 16.30 itibari ile koli al\u0131m i\u015flemi sonland\u0131r\u0131lacakt\u0131r.<\/span><\/p>\n<p><span style=\"font-size: 7.5pt; color: #444444; font-family: Verdana\">Bilindi\u011fi &uuml;zere son d&ouml;nem re&ccedil;ete koli teslimat\u0131 eczanelere g&ouml;re ayr\u0131lm\u0131\u015f belirli g&uuml;nler d&acirc;hilinde G&ouml;ztepe depomuz taraf\u0131ndan sorunsuz ve &ouml;nceki d&ouml;nemlere g&ouml;re daha az s\u0131k\u0131nt\u0131l\u0131 teslim al\u0131nmaktad\u0131r. <\/span><\/p>\n<p><span style=\"font-size: 7.5pt; color: #444444; font-family: Verdana\">T&uuml;m duyurular\u0131m\u0131za ra\u011fmen kolilerini taraf\u0131m\u0131zca duyurulan kriterlere uygun haz\u0131rlamayan S&ouml;zle\u015fmeli Eczanelerimiz nedeniyle istenmeyen gecikmeler olu\u015fabilmektedir. <\/span><\/p>\n<p><span style=\"font-size: 7.5pt; color: #444444; font-family: Verdana\">Bu nedenlerle ge&ccedil;mi\u015f d&ouml;nemlerde oldu\u011fu gibi bu d&ouml;nemde de teslim g&uuml;nlerine azami &ouml;zen g&ouml;stermeniz, kolilerinizi dikkatli ve eksiksiz haz\u0131rlaman\u0131z, G&ouml;ztepe Depomuzda sizlere hizmet veren personelimize yard\u0131mc\u0131 olman\u0131z\u0131 rica ederiz.<\/span><\/p>\n<p><span style=\"font-size: 7.5pt; color: #444444; font-family: Verdana\"><strong><strong><span style=\"font-family: Verdana\">15 A\u011eUSTOS&#39;A KADAR<\/span><\/strong><\/strong><\/span><\/p>\n<p><span style=\"font-size: 7.5pt; color: #444444; font-family: Verdana\">Bu tarihe kadar sadece zorunlu durumlarda s&ouml;zle\u015fme numaras\u0131 d&uuml;zenine ba\u011fl\u0131 olmaks\u0131z\u0131n t&uuml;m s&ouml;zle\u015fmeli eczanelerimiz koli teslim edebileceklerdir.<\/span><\/p>\n<p><span style=\"font-size: 7.5pt; color: #444444; font-family: Verdana\"><strong><strong><span style=\"font-family: Verdana\">15, 18, 19, 20, 21, 22 A\u011eUSTOS (CUMA- PAZARTES\u0130-SALI-&Ccedil;AR\u015eAMBA-PER\u015eEMBE-CUMA)<\/span><\/strong><\/strong><\/span><\/p>\n<p><span style=\"font-size: 7.5pt; color: #444444; font-family: Verdana\">\u0130STANBUL ili s&ouml;zle\u015fmeli eczanelerimiz, bu tarihler aras\u0131nda 1834. ile ba\u015flayan Emekli Sand\u0131\u011f\u0131 sicil numaras\u0131n\u0131n son rakam\u0131na g&ouml;re kolilerini teslim edeceklerdir.<\/span><\/p>\n<p><span style=\"font-size: 7.5pt; color: #444444; font-family: Verdana\">Herhangi bir nedenle bu tarihlere uyamayacak olan eczanelerimiz kolilerini <strong><span style=\"font-family: Verdana\">8-14 A\u011eUSTOS <\/span><\/strong>tarihlerinden birinde teslim etmelidirler.<\/span><\/p>\n<p>&nbsp;<span style=\"font-size: 7.5pt; color: #444444; font-family: Verdana\"><strong><span style=\"font-family: Verdana\">22 A\u011eUSTOS (CUMA)<\/span><\/strong><\/span><\/p>\n<p><span style=\"font-size: 7.5pt; color: #444444; font-family: Verdana\">TRAKYA illeri s&ouml;zle\u015fme eczaneler teslim d&ouml;nemidir. Ancak ihtiya&ccedil; halinde k\u0131s\u0131tl\u0131 olarak \u0130stanbul ili s&ouml;zle\u015fmeli eczaneleri teslimat\u0131 da d&uuml;\u015f&uuml;n&uuml;lecektir.<\/span><\/div>\n<div align=\"left\">\n<table border=\"0\" cellspacing=\"0\" cellpadding=\"0\" width=\"288\" style=\"width: 216pt; border-collapse: collapse\">\n<tbody>\n<tr height=\"17\" style=\"height: 12.75pt\">\n<td class=\"xl24\" width=\"104\" height=\"17\" style=\"width: 78pt; height: 12.75pt\">TESL\u0130MAT G&Uuml;N&Uuml;<\/td>\n<td class=\"xl24\" colspan=\"2\" width=\"184\" style=\"border-left: medium none; width: 138pt\">TESL\u0130MAT D&Uuml;ZEN\u0130<\/td>\n<\/tr>\n<tr height=\"19\" style=\"height: 14.25pt\">\n<td class=\"xl25\" width=\"104\" height=\"19\" style=\"border-top: medium none; width: 78pt; height: 14.25pt\">08.08.2008<\/td>\n<td class=\"xl27\" colspan=\"2\" rowspan=\"5\" width=\"184\" style=\"width: 138pt\">Sadece zorunlu durumlarda s&ouml;zle\u015fme numaras\u0131 d&uuml;zenine ba\u011fl\u0131 olmaks\u0131z\u0131n teslimat<\/td>\n<\/tr>\n<tr height=\"17\" style=\"height: 12.75pt\">\n<td class=\"xl25\" width=\"104\" height=\"17\" style=\"border-top: medium none; width: 78pt; height: 12.75pt\">11.08.2008<\/td>\n<\/tr>\n<tr height=\"17\" style=\"height: 12.75pt\">\n<td class=\"xl25\" width=\"104\" height=\"17\" style=\"border-top: medium none; width: 78pt; height: 12.75pt\">12.08.2008<\/td>\n<\/tr>\n<tr height=\"17\" style=\"height: 12.75pt\">\n<td class=\"xl25\" width=\"104\" height=\"17\" style=\"border-top: medium none; width: 78pt; height: 12.75pt\">13.08.2008<\/td>\n<\/tr>\n<tr height=\"17\" style=\"height: 12.75pt\">\n<td class=\"xl25\" width=\"104\" height=\"17\" style=\"border-top: medium none; width: 78pt; height: 12.75pt\">14.08.2008<\/td>\n<\/tr>\n<tr height=\"17\" style=\"height: 12.75pt\">\n<td class=\"xl25\" width=\"104\" height=\"17\" style=\"border-top: medium none; width: 78pt; height: 12.75pt\">15.08.2008<\/td>\n<td class=\"xl26\">5-6<\/td>\n<td class=\"xl27\" rowspan=\"5\" width=\"120\" style=\"border-top: medium none; width: 90pt\">\u0130stanbul \u0130li Emekli Sand\u0131\u011f\u0131 Sicil numaras\u0131n\u0131n son rakam\u0131na g&ouml;re<\/td>\n<\/tr>\n<tr height=\"17\" style=\"height: 12.75pt\">\n<td class=\"xl25\" width=\"104\" height=\"17\" style=\"border-top: medium none; width: 78pt; height: 12.75pt\">18.08.2008<\/td>\n<td class=\"xl26\">3-4<\/td>\n<\/tr>\n<tr height=\"17\" style=\"height: 12.75pt\">\n<td class=\"xl25\" width=\"104\" height=\"17\" style=\"border-top: medium none; width: 78pt; height: 12.75pt\">19.08.2008<\/td>\n<td class=\"xl26\">1-2<\/td>\n<\/tr>\n<tr height=\"17\" style=\"height: 12.75pt\">\n<td class=\"xl25\" width=\"104\" height=\"17\" style=\"border-top: medium none; width: 78pt; height: 12.75pt\">20.08.2008<\/td>\n<td class=\"xl26\">9-0<\/td>\n<\/tr>\n<tr height=\"17\" style=\"height: 12.75pt\">\n<td class=\"xl25\" width=\"104\" height=\"17\" style=\"border-top: medium none; width: 78pt; height: 12.75pt\">21.08.2008<\/td>\n<td class=\"xl26\">7-8<\/td>\n<\/tr>\n<tr height=\"17\" style=\"height: 12.75pt\">\n<td class=\"xl25\" width=\"104\" height=\"17\" style=\"border-top: medium none; width: 78pt; height: 12.75pt\">22.08.2008<\/td>\n<td class=\"xl24\" colspan=\"2\" width=\"184\" style=\"border-left: medium none; width: 138pt\">TRAKYA \u0130LLER\u0130<\/td>\n<\/tr>\n<\/tbody>\n<\/table>\n<\/div>\n","protected":false},"excerpt":{"rendered":"<p>A\u011fustos ay\u0131 koli teslimat\u0131 G&ouml;ztepe ar\u015fivinde a\u015fa\u011f\u0131daki programa g&ouml;re, t&uuml;m kurumlar i&ccedil;in birle\u015ftirilmi\u015f \u015fekilde yap\u0131lacakt\u0131r. Gereksiz y\u0131\u011f\u0131lman\u0131n olu\u015fmamas\u0131 i&ccedil;in eczac\u0131lar\u0131m\u0131z\u0131n&#46;&#46;&#46;<\/p>\n","protected":false},"author":1,"featured_media":0,"comment_status":"closed","ping_status":"closed","sticky":false,"template":"","format":"standard","meta":{"_jetpack_memberships_contains_paid_content":false,"footnotes":""},"categories":[1],"tags":[],"class_list":["post-3426","post","type-post","status-publish","format-standard","hentry","category-ced"],"aioseo_notices":[],"jetpack_featured_media_url":"","jetpack_sharing_enabled":true,"jetpack-related-posts":[],"_links":{"self":[{"href":"http:\/\/www.ced.org.tr\/index.php?rest_route=\/wp\/v2\/posts\/3426","targetHints":{"allow":["GET"]}}],"collection":[{"href":"http:\/\/www.ced.org.tr\/index.php?rest_route=\/wp\/v2\/posts"}],"about":[{"href":"http:\/\/www.ced.org.tr\/index.php?rest_route=\/wp\/v2\/types\/post"}],"author":[{"embeddable":true,"href":"http:\/\/www.ced.org.tr\/index.php?rest_route=\/wp\/v2\/users\/1"}],"replies":[{"embeddable":true,"href":"http:\/\/www.ced.org.tr\/index.php?rest_route=%2Fwp%2Fv2%2Fcomments&post=3426"}],"version-history":[{"count":0,"href":"http:\/\/www.ced.org.tr\/index.php?rest_route=\/wp\/v2\/posts\/3426\/revisions"}],"wp:attachment":[{"href":"http:\/\/www.ced.org.tr\/index.php?rest_route=%2Fwp%2Fv2%2Fmedia&parent=3426"}],"wp:term":[{"taxonomy":"category","embeddable":true,"href":"http:\/\/www.ced.org.tr\/index.php?rest_route=%2Fwp%2Fv2%2Fcategories&post=3426"},{"taxonomy":"post_tag","embeddable":true,"href":"http:\/\/www.ced.org.tr\/index.php?rest_route=%2Fwp%2Fv2%2Ftags&post=3426"}],"curies":[{"name":"wp","href":"https:\/\/api.w.org\/{rel}","templated":true}]}}