{"id":3427,"date":"2008-08-14T09:33:21","date_gmt":"2008-08-14T06:33:21","guid":{"rendered":"http:\/\/www.ced.org.tr\/?p=3427"},"modified":"2008-08-14T09:33:21","modified_gmt":"2008-08-14T06:33:21","slug":"tebden-tum-eczacilara-onemli-duyuru","status":"publish","type":"post","link":"http:\/\/www.ced.org.tr\/?p=3427","title":{"rendered":"TEB&#8217;DEN T\u00dcM ECZACILARA \u00d6NEML\u0130 DUYURU"},"content":{"rendered":"<p align=\"justify\">Kamu Kurum \u0130skontosu Farkl\u0131lar\u0131n\u0131n Protokole Uygun Olarak Tahsili Hakk\u0131nda<\/p>\n<p align=\"justify\">Sosyal G&uuml;venlik Kurumu ile T&uuml;rk Eczac\u0131lar\u0131 Birli\u011fi aras\u0131nda 09 Temmuz 2008 tarihinde imzalanan 2008 Y\u0131l\u0131 Sosyal G&uuml;venlik Kurumu Protokol&uuml; 01 Temmuz 2008 tarihinden ge&ccedil;erli olmak &uuml;zere y&uuml;r&uuml;rl&uuml;\u011fe girmi\u015ftir.<\/p>\n<p align=\"justify\">Ancak ila&ccedil; sanayicileri taraf\u0131ndan kamuya yap\u0131lmas\u0131 gereken kamu kurum iskontosunun eczanelerce Kuruma aktar\u0131m\u0131, Protokol&uuml;n 3.4 Maddesinde belirtilen ve Ek-1 de yer alan y&ouml;ntemin aksine 2007 Sosyal G&uuml;venlik Kurumu Protokol&uuml;ndeki \u015fekliyle uygulanmaya devam etmi\u015ftir.<\/p>\n<p align=\"justify\">T&uuml;rk Eczac\u0131lar\u0131 Birli\u011fi 06 A\u011fustos 2008 tarihinde Sosyal G&uuml;venlik Kurumu&rsquo;na yaz\u0131l\u0131 olarak ba\u015fvurmu\u015f ve&nbsp;&nbsp; kamu kurum iskontosunun 2008 Sosyal G&uuml;venlik Kurumu Protokol&uuml; ve eklerine uygun olarak hesaplanmas\u0131n\u0131 istemi\u015ftir. Kurum provizyon&nbsp; sistemindeki yanl\u0131\u015f hesaplama nedeni ile eczac\u0131lar\u0131n yakla\u015f\u0131k % 3 oran\u0131nda zarar etmeye devam etti\u011fine tekraren dikkat &ccedil;ekilerek uygulaman\u0131n d&uuml;zeltilmemesi durumunda akdi ve yasal haklar\u0131m\u0131z konusunda derhal i\u015fleme ba\u015flanaca\u011f\u0131 bildirilmi\u015ftir.<\/p>\n<p align=\"justify\">Her ne kadar Sosyal G&uuml;venlik Kurumu 05 A\u011fustos 2008 tarihli yaz\u0131s\u0131 ile kamu kurum iskontosunun ila&ccedil; sanayi taraf\u0131ndan perakende sat\u0131\u015f fiyat\u0131 &uuml;zerinden yap\u0131laca\u011f\u0131n\u0131 bildirmi\u015f ise de ilgili sekt&ouml;r&uuml; temsil eden Ara\u015ft\u0131rmac\u0131 \u0130la&ccedil; Firmalar\u0131 Derne\u011fi, T&uuml;rkiye \u0130la&ccedil; Sanayicileri Derne\u011fi ve \u0130la&ccedil; End&uuml;strisi \u0130\u015fverenleri Sendikas\u0131 08 A\u011fustos 2008 tarihinde Sosyal G&uuml;venlik Kurumu&rsquo;na yaz\u0131 yazarak Sosyal G&uuml;venlik Kurumu&rsquo;n\u0131n 05 A\u011fustos 2008 tarihli yaz\u0131s\u0131nda yer alan kamu kurum iskontosunun&nbsp; perakende sat\u0131\u015f fiyat\u0131 &uuml;zerinden yap\u0131lmas\u0131 talimat\u0131na uymayacaklar\u0131n\u0131 bildirmi\u015flerdir.<\/p>\n<p align=\"justify\">Devlet geleneklerinde \u015fimdiye kadar g&ouml;r&uuml;lmemi\u015f bir uygulama ile taraf olmad\u0131\u011f\u0131m\u0131z, uygun bulmad\u0131\u011f\u0131m\u0131z, i&ccedil;eri\u011finden haberdar olmad\u0131\u011f\u0131m\u0131z tamamen bizim d\u0131\u015f\u0131m\u0131zda yap\u0131lan mutabakat\/mutabakats\u0131zl\u0131klar\u0131n bedeli bizlere &ouml;dettirilmeye &ccedil;al\u0131\u015f\u0131lmaktad\u0131r.<\/p>\n<p align=\"justify\">Sonu&ccedil; olarak, Sosyal G&uuml;venlik Kurumu ile yap\u0131lan g&ouml;r&uuml;\u015fmelerde ve yap\u0131lan yaz\u0131l\u0131 ba\u015fvurularda, Protokol&uuml;n ilgili maddesinin uygulanmas\u0131nda ya\u015fanan sorun \u015fu ana kadar &ccedil;&ouml;z&uuml;lememi\u015ftir.<\/p>\n<p align=\"justify\">Birli\u011fimiz taraf\u0131ndan hukuki tespitler yarg\u0131 arac\u0131l\u0131\u011f\u0131 ile yapt\u0131r\u0131lm\u0131\u015f olup di\u011fer yasal giri\u015fim ve i\u015flemler y&uuml;r&uuml;t&uuml;lmektedir. Bu s&uuml;re&ccedil;te Temmuz ay\u0131nda kar\u015f\u0131lanan re&ccedil;etelerde, kamu kurum iskontolar\u0131ndan kaynakl\u0131 olas\u0131 herhangi bir hak kayb\u0131 ya\u015fanmamas\u0131 i&ccedil;in a\u015fa\u011f\u0131daki i\u015flemler y&uuml;r&uuml;t&uuml;lmelidir; (A\u015fa\u011f\u0131da tarif edilen i\u015flemlere uygun olarak d&uuml;zenlenmi\u015f fatura ve d&ouml;k&uuml;m &ouml;rne\u011fi ekte yer almaktad\u0131r)<\/p>\n<p align=\"justify\">1.&nbsp;Temmuz ay\u0131 faturalar\u0131n\u0131n icmal listelerinde yer alan, perakende sat\u0131\u015f fiyat\u0131 toplam\u0131 ve bunun hemen alt\u0131nda yer alan toplam ifadesinin (kamu fiyatlar\u0131 toplam\u0131n\u0131 ifade etmektedir) belirtilerek her ikisi aras\u0131ndaki fark\u0131n toplam kamu kurum iskontosu olarak faturalar\u0131n &uuml;zerine yaz\u0131lmas\u0131, <\/p>\n<p align=\"justify\">2.&nbsp;Faturalar\u0131n &uuml;zerine <strong><em>&ldquo;SGK Provizyon sisteminin s&ouml;zle\u015fmeye ayk\u0131r\u0131 uygulamas\u0131ndan olu\u015fan kamu kurum iskontosu zarar\u0131ma ili\u015fkin talep ve dava haklar\u0131m sakl\u0131d\u0131r&rdquo;<\/em><\/strong> ifadesinin yaz\u0131l\u0131p imzalanmas\u0131,<\/p>\n<p align=\"justify\">3.&nbsp;Temmuz ay\u0131na ait faturan\u0131n, Kuruma teslim edilmeden &ouml;nceki son halinin fotokopisi ve bu faturaya ait icmal listenin bir &ouml;rne\u011finin saklanmas\u0131,<\/p>\n<p align=\"justify\">4.&nbsp;Kuruma teslim edilen faturalar i&ccedil;in al\u0131nan evrak kay\u0131t veya teslim numaralar\u0131n\u0131n mutlaka saklanmas\u0131 gerekmektedir.<\/p>\n<p>T&uuml;m &uuml;yelerimize &ouml;nemle duyurulur.<\/p>\n<p><strong>T&uuml;rk Eczac\u0131lar\u0131 Birli\u011fi Merkez Heyeti<\/strong><\/p>\n<p><a href=\"http:\/\/www.teb.org.tr:8080\/images\/upld2\/haberler\/B3d20080813165938FATURA.pdf\" target=\"_blank\"><font color=\"#0000ff\"><u>Fatura &Ouml;rne\u011fi \u0130&ccedil;in T\u0131klay\u0131n\u0131z<\/u><\/font><\/a><br \/><a href=\"http:\/\/www.teb.org.tr:8080\/images\/upld2\/haberler\/iwY20080813165938tara015.pdf\" target=\"_blank\"><u><font color=\"#0000ff\">D&ouml;k&uuml;m &Ouml;rne\u011fi \u0130&ccedil;in T\u0131klay\u0131n\u0131z<\/font><\/u><\/a><\/p>\n","protected":false},"excerpt":{"rendered":"<p>Kamu Kurum \u0130skontosu Farkl\u0131lar\u0131n\u0131n Protokole Uygun Olarak Tahsili Hakk\u0131nda Sosyal G&uuml;venlik Kurumu ile T&uuml;rk Eczac\u0131lar\u0131 Birli\u011fi aras\u0131nda 09 Temmuz 2008&#46;&#46;&#46;<\/p>\n","protected":false},"author":1,"featured_media":0,"comment_status":"closed","ping_status":"closed","sticky":false,"template":"","format":"standard","meta":{"_jetpack_memberships_contains_paid_content":false,"footnotes":""},"categories":[1],"tags":[],"class_list":["post-3427","post","type-post","status-publish","format-standard","hentry","category-ced"],"aioseo_notices":[],"jetpack_featured_media_url":"","jetpack_sharing_enabled":true,"jetpack-related-posts":[],"_links":{"self":[{"href":"http:\/\/www.ced.org.tr\/index.php?rest_route=\/wp\/v2\/posts\/3427","targetHints":{"allow":["GET"]}}],"collection":[{"href":"http:\/\/www.ced.org.tr\/index.php?rest_route=\/wp\/v2\/posts"}],"about":[{"href":"http:\/\/www.ced.org.tr\/index.php?rest_route=\/wp\/v2\/types\/post"}],"author":[{"embeddable":true,"href":"http:\/\/www.ced.org.tr\/index.php?rest_route=\/wp\/v2\/users\/1"}],"replies":[{"embeddable":true,"href":"http:\/\/www.ced.org.tr\/index.php?rest_route=%2Fwp%2Fv2%2Fcomments&post=3427"}],"version-history":[{"count":0,"href":"http:\/\/www.ced.org.tr\/index.php?rest_route=\/wp\/v2\/posts\/3427\/revisions"}],"wp:attachment":[{"href":"http:\/\/www.ced.org.tr\/index.php?rest_route=%2Fwp%2Fv2%2Fmedia&parent=3427"}],"wp:term":[{"taxonomy":"category","embeddable":true,"href":"http:\/\/www.ced.org.tr\/index.php?rest_route=%2Fwp%2Fv2%2Fcategories&post=3427"},{"taxonomy":"post_tag","embeddable":true,"href":"http:\/\/www.ced.org.tr\/index.php?rest_route=%2Fwp%2Fv2%2Ftags&post=3427"}],"curies":[{"name":"wp","href":"https:\/\/api.w.org\/{rel}","templated":true}]}}