{"id":3428,"date":"2008-08-18T09:40:42","date_gmt":"2008-08-18T06:40:42","guid":{"rendered":"http:\/\/www.ced.org.tr\/?p=3428"},"modified":"2008-08-18T09:40:42","modified_gmt":"2008-08-18T06:40:42","slug":"sgk-fatura-teslim-tarihi-29-08-2008-tarihine-kadar-uzatildi","status":"publish","type":"post","link":"http:\/\/www.ced.org.tr\/?p=3428","title":{"rendered":"SGK FATURA TESL\u0130M TAR\u0130H\u0130 29.08.2008 TAR\u0130H\u0130NE KADAR UZATILDI"},"content":{"rendered":"<p><span style=\"font-size: 8.5pt; color: #505050; font-family: Verdana\">TEB taraf\u0131ndan, Sosyal G&uuml;venlik Kurumuna yaz\u0131l\u0131 ba\u015fvuruda bulunularak, 01.07.2008-31.07.2008 d&ouml;neminde kar\u015f\u0131lanm\u0131\u015f olan re&ccedil;etelerin, provizyon sisteminde faturaland\u0131rma men&uuml;s&uuml;n&uuml;n aktif hale getirilmemi\u015f olmas\u0131 nedeniyle, meslekta\u015flar\u0131m\u0131zca fatura kesme i\u015flemlerinin yap\u0131lamad\u0131\u011f\u0131 bildirilmi\u015f ve &ouml;zellikle \u0130stanbul ba\u015fta olmak &uuml;zere, b&uuml;y&uuml;k illerimizde fatura sonland\u0131rma i\u015flemlerinin ard\u0131ndan faturalar\u0131n \u0130l M&uuml;d&uuml;rl&uuml;klerine teslimi i&ccedil;in en az 10 g&uuml;nl&uuml;k bir s&uuml;reye ihtiya&ccedil; duyuldu\u011fu vurgulanarak,<\/span><\/p>\n<p><span style=\"font-size: 8.5pt; color: #505050; font-family: Verdana\">Provizyon sisteminin d&uuml;zenlenmesinden kaynakl\u0131 gecikme ve yo\u011funluk nedeniyle, meslekta\u015flar\u0131m\u0131z\u0131n herhangi bir ma\u011fduriyet ya\u015famamas\u0131 i&ccedil;in, provizyon sisteminde fatura kesme i\u015fleminin biran &ouml;nce ba\u015flat\u0131lmas\u0131 ve faturalar\u0131n \u0130l M&uuml;d&uuml;rl&uuml;klerine teslimi i&ccedil;in en az 10 i\u015f g&uuml;n&uuml; s&uuml;re tan\u0131nmas\u0131 istenmi\u015fti.<\/span><\/p>\n<p><span style=\"font-size: 8.5pt; color: #505050; font-family: Verdana\">TEB&rsquo;in ba\u015fvurusu &uuml;zerine, faturaland\u0131rma i\u015flemleri 14.08.2008 saat 17.00 den itibaren a&ccedil;\u0131lm\u0131\u015f olup&nbsp; faturalar\u0131n SGK&nbsp; Sa\u011fl\u0131k \u0130\u015fleri \u0130l M&uuml;d&uuml;rl&uuml;klerine son teslim tarihi 29.08.2008 tarihine kadar uzat\u0131lm\u0131\u015ft\u0131r. Konuyla ilgili olarak Kurum provizyon sisteminde de bug&uuml;n gerekli duyuru yap\u0131lacakt\u0131r.<\/span><\/p>\n","protected":false},"excerpt":{"rendered":"<p>TEB taraf\u0131ndan, Sosyal G&uuml;venlik Kurumuna yaz\u0131l\u0131 ba\u015fvuruda bulunularak, 01.07.2008-31.07.2008 d&ouml;neminde kar\u015f\u0131lanm\u0131\u015f olan re&ccedil;etelerin, provizyon sisteminde faturaland\u0131rma men&uuml;s&uuml;n&uuml;n aktif hale getirilmemi\u015f&#46;&#46;&#46;<\/p>\n","protected":false},"author":1,"featured_media":0,"comment_status":"closed","ping_status":"closed","sticky":false,"template":"","format":"standard","meta":{"_jetpack_memberships_contains_paid_content":false,"footnotes":""},"categories":[1],"tags":[],"class_list":["post-3428","post","type-post","status-publish","format-standard","hentry","category-ced"],"aioseo_notices":[],"jetpack_featured_media_url":"","jetpack_sharing_enabled":true,"jetpack-related-posts":[],"_links":{"self":[{"href":"http:\/\/www.ced.org.tr\/index.php?rest_route=\/wp\/v2\/posts\/3428","targetHints":{"allow":["GET"]}}],"collection":[{"href":"http:\/\/www.ced.org.tr\/index.php?rest_route=\/wp\/v2\/posts"}],"about":[{"href":"http:\/\/www.ced.org.tr\/index.php?rest_route=\/wp\/v2\/types\/post"}],"author":[{"embeddable":true,"href":"http:\/\/www.ced.org.tr\/index.php?rest_route=\/wp\/v2\/users\/1"}],"replies":[{"embeddable":true,"href":"http:\/\/www.ced.org.tr\/index.php?rest_route=%2Fwp%2Fv2%2Fcomments&post=3428"}],"version-history":[{"count":0,"href":"http:\/\/www.ced.org.tr\/index.php?rest_route=\/wp\/v2\/posts\/3428\/revisions"}],"wp:attachment":[{"href":"http:\/\/www.ced.org.tr\/index.php?rest_route=%2Fwp%2Fv2%2Fmedia&parent=3428"}],"wp:term":[{"taxonomy":"category","embeddable":true,"href":"http:\/\/www.ced.org.tr\/index.php?rest_route=%2Fwp%2Fv2%2Fcategories&post=3428"},{"taxonomy":"post_tag","embeddable":true,"href":"http:\/\/www.ced.org.tr\/index.php?rest_route=%2Fwp%2Fv2%2Ftags&post=3428"}],"curies":[{"name":"wp","href":"https:\/\/api.w.org\/{rel}","templated":true}]}}