{"id":3430,"date":"2008-09-01T14:00:46","date_gmt":"2008-09-01T11:00:46","guid":{"rendered":"http:\/\/www.ced.org.tr\/?p=3430"},"modified":"2008-09-01T14:00:46","modified_gmt":"2008-09-01T11:00:46","slug":"1-eylul-dunya-baris-gunu","status":"publish","type":"post","link":"http:\/\/www.ced.org.tr\/?p=3430","title":{"rendered":"1 EYL\u00dcL D\u00dcNYA BARI\u015e G\u00dcN\u00dc"},"content":{"rendered":"<h4>1 EYL&Uuml;L D&Uuml;NYA BARI\u015e G&Uuml;N&Uuml;NDE<\/h4>\n<p>&nbsp;<\/p>\n<h4>BARI\u015e, TOPLUMSAL E\u015e\u0130TL\u0130K VE KARDE\u015eL\u0130K \u0130&Ccedil;\u0130N &#8230;<\/h4>\n<p>&nbsp;<\/p>\n<p>\u0130nsanl\u0131k &acirc;lemi&nbsp;20. y&uuml;zy\u0131lda birinci ve ikinci emperyalist payla\u015f\u0131m sava\u015flar\u0131n\u0131n sonucu olarak iki b&uuml;y&uuml;k dram\u0131 ya\u015fad\u0131. Bu iki b&uuml;y&uuml;k ve haks\u0131z sava\u015f milyonlarca insan\u0131n &ouml;l&uuml;m&uuml;ne yol a&ccedil;t\u0131. Bir okadar yaral\u0131, y\u0131k\u0131lan milyonlarca ev, evsiz ve barks\u0131z kalan milyonlarca insan, y\u0131k\u0131lan tahrip edilen do\u011fa ve &ccedil;evre b\u0131rakt\u0131 arkas\u0131ndan.<\/p>\n<p>&nbsp;<\/p>\n<p>\u0130\u015fte bar\u0131\u015f fikri sava\u015f\u0131n yol a&ccedil;t\u0131\u011f\u0131 bu ac\u0131lar ve&nbsp;y\u0131k\u0131nt\u0131lar i&ccedil;inden filizlendi. 1Eyl&uuml;l 1939&#39;da nazi ordular\u0131n\u0131n Polonya&#39;y\u0131 i\u015fgali ile yak\u0131lan bar\u0131\u015f fitili zamanla t&uuml;m d&uuml;nyaya yay\u0131ld\u0131 ve 1 Eyl&uuml;l og&uuml;nden bug&uuml;ne t&uuml;m d&uuml;nyada bar\u0131\u015f g&uuml;n&uuml; olarak kutlan\u0131yor.<\/p>\n<p>&nbsp;<\/p>\n<p>21. y&uuml;zy\u0131lday\u0131z ama d&uuml;nya bar\u0131\u015f\u0131 hala tehdit alt\u0131nda. ba\u015fta ortado\u011fu olmak &uuml;zere yine sava\u015f &ccedil;emberinin i&ccedil;indeyiz. D&uuml;nyan\u0131n d&ouml;rt bir taraf\u0131nda yine sava\u015f tamtamlar\u0131 &ccedil;al\u0131yor ve sava\u015f\u0131n faturas\u0131n\u0131 yine i\u015f&ccedil;iler, emek&ccedil;iler ve yoksul haklar &ouml;d&uuml;yorlar. Bu nedenle sava\u015fa kar\u015f\u0131 bar\u0131\u015f, toplumsal e\u015fitlik ve karde\u015flik &ouml;zlemi t&uuml;m insanl\u0131\u011f\u0131n &ouml;zlemini duydu\u011fu yak\u0131c\u0131 bir sorun olarak duruyor. 1 Eyl&uuml;l d&uuml;nya bar\u0131\u015f g&uuml;n&uuml;nde d&uuml;nyan\u0131n t&uuml;m bar\u0131\u015fsever g&uuml;&ccedil;leri bar\u0131\u015fa, toplumsal e\u015fitli\u011fe, karde\u015fli\u011fe ve &ouml;zg&uuml;rl&uuml;\u011fe olan &ouml;zlemlerini dile getiriyorlar.<\/p>\n<p>&nbsp;<\/p>\n<p>&Uuml;lkemizde de bu y\u0131l 1 Eyl&uuml;l d&uuml;nya bar\u0131\u015f g&uuml;n&uuml; T&uuml;rkiye Bar\u0131\u015f Meclisinin d&uuml;zenledi\u011fi &ccedil;e\u015fitli etkinliklerle kutland\u0131. \u0130stanbulda KAd\u0131k&ouml;y meydan\u0131nda yap\u0131lan bar\u0131\u015f mitingine on binlerce bar\u0131\u015f sever kat\u0131ld\u0131. Bar\u0131\u015fa ve halklar\u0131n karde\u015fli\u011fine olan &ouml;zlem on binlerin sesi olup y&uuml;kseldi Kad\u0131k&ouml;y meydan\u0131nda.<\/p>\n<p>&nbsp;<\/p>\n<p>1 Eyl&uuml;l d&uuml;nya bar\u0131\u015f g&uuml;n&uuml; nedeniyle sava\u015f\u0131 bir kez daha lanetliyoruz. T&uuml;m meslekta\u015flar\u0131m\u0131z\u0131n ve halk\u0131m\u0131z\u0131n D&uuml;nya Bar\u0131\u015f G&uuml;n&uuml; kutlu olsun.<\/p>\n","protected":false},"excerpt":{"rendered":"<p>1 EYL&Uuml;L D&Uuml;NYA BARI\u015e G&Uuml;N&Uuml;NDE &nbsp; BARI\u015e, TOPLUMSAL E\u015e\u0130TL\u0130K VE KARDE\u015eL\u0130K \u0130&Ccedil;\u0130N &#8230; &nbsp; \u0130nsanl\u0131k &acirc;lemi&nbsp;20. y&uuml;zy\u0131lda birinci ve ikinci&#46;&#46;&#46;<\/p>\n","protected":false},"author":1,"featured_media":0,"comment_status":"closed","ping_status":"closed","sticky":false,"template":"","format":"standard","meta":{"_jetpack_memberships_contains_paid_content":false,"footnotes":""},"categories":[1],"tags":[],"class_list":["post-3430","post","type-post","status-publish","format-standard","hentry","category-ced"],"aioseo_notices":[],"jetpack_featured_media_url":"","jetpack_sharing_enabled":true,"jetpack-related-posts":[],"_links":{"self":[{"href":"http:\/\/www.ced.org.tr\/index.php?rest_route=\/wp\/v2\/posts\/3430","targetHints":{"allow":["GET"]}}],"collection":[{"href":"http:\/\/www.ced.org.tr\/index.php?rest_route=\/wp\/v2\/posts"}],"about":[{"href":"http:\/\/www.ced.org.tr\/index.php?rest_route=\/wp\/v2\/types\/post"}],"author":[{"embeddable":true,"href":"http:\/\/www.ced.org.tr\/index.php?rest_route=\/wp\/v2\/users\/1"}],"replies":[{"embeddable":true,"href":"http:\/\/www.ced.org.tr\/index.php?rest_route=%2Fwp%2Fv2%2Fcomments&post=3430"}],"version-history":[{"count":0,"href":"http:\/\/www.ced.org.tr\/index.php?rest_route=\/wp\/v2\/posts\/3430\/revisions"}],"wp:attachment":[{"href":"http:\/\/www.ced.org.tr\/index.php?rest_route=%2Fwp%2Fv2%2Fmedia&parent=3430"}],"wp:term":[{"taxonomy":"category","embeddable":true,"href":"http:\/\/www.ced.org.tr\/index.php?rest_route=%2Fwp%2Fv2%2Fcategories&post=3430"},{"taxonomy":"post_tag","embeddable":true,"href":"http:\/\/www.ced.org.tr\/index.php?rest_route=%2Fwp%2Fv2%2Ftags&post=3430"}],"curies":[{"name":"wp","href":"https:\/\/api.w.org\/{rel}","templated":true}]}}