{"id":3432,"date":"2008-09-05T17:26:42","date_gmt":"2008-09-05T14:26:42","guid":{"rendered":"http:\/\/www.ced.org.tr\/?p=3432"},"modified":"2008-09-05T17:26:42","modified_gmt":"2008-09-05T14:26:42","slug":"sgk-yuzde-4lu-ilaclarda","status":"publish","type":"post","link":"http:\/\/www.ced.org.tr\/?p=3432","title":{"rendered":"SGK Y\u00dcZDE 4&#8217;L\u00dc \u0130LA\u00c7LARDA"},"content":{"rendered":"<h4>SGK Y&Uuml;ZDE 4&#39;L&Uuml; \u0130LA&Ccedil;LARDA<\/h4>\n<p>&nbsp;<\/p>\n<h4>&nbsp;\u0130SKONTOLARI Y&Uuml;ZDE 11&#39;E &Ccedil;IKARMA KARARI ALDI<\/h4>\n<p>&nbsp;<\/p>\n<p>SGK 04.09.2008 tarihinde ald\u0131\u011f\u0131 tek tarafl\u0131 bir kararla %4&#39;l&uuml; ila&ccedil;larda iskontolar\u0131 %11&#39;e &ccedil;\u0131kard\u0131\u011f\u0131n\u0131 a&ccedil;\u0131klad\u0131.<\/p>\n<p>&nbsp;<\/p>\n<p>Eczac\u0131lar\u0131n ve ila&ccedil; sanayinin onay\u0131 d\u0131\u015f\u0131nda al\u0131nan bu karar ayr\u0131ca hukukende tart\u0131\u015fmal\u0131 bir karard\u0131r.<\/p>\n<p>&nbsp;<\/p>\n<p>Bilindi\u011fi &uuml;zere 2004 y\u0131l\u0131nda TEB ile SGK aras\u0131nda imzalanan ve Sa\u011fl\u0131k Bakan\u0131 ile Maliye Bakan\u0131n\u0131nda imzas\u0131n\u0131 ta\u015f\u0131yan protokole g&ouml;re eczac\u0131lar\u0131n ve ila&ccedil; sanayin\u0131n kamu kurumlar\u0131na yapaca\u011f\u0131 iskontolar belirlenmi\u015fti. Sonradan imzalanan protokollerde de uygulama aynen devam edildi ve eczac\u0131lar bu uygulamalarda da hak kay\u0131plar\u0131na u\u011frad\u0131lar.<\/p>\n<p>&nbsp;<\/p>\n<p>TEB&#39;inde imzas\u0131n\u0131 ta\u015f\u0131yan bu protokol&uuml;n SGK taraf\u0131ndan delinmesi ve tek tarafl\u0131 uygulamas\u0131 uygulaman\u0131n kendisini hukuken tart\u0131\u015f\u0131l\u0131r hale getirmi\u015ftir.<\/p>\n<p>&nbsp;<\/p>\n<p>Eczac\u0131lar ve TEB &uuml;zerinde bask\u0131y\u0131 ama&ccedil;layan bu emrivaki uygulama kabul edilemez.<\/p>\n<p>&nbsp;<\/p>\n<p>Bu uygulamaya TEB&#39;den gelecek tepkiyi eczac\u0131 kamuoyu merakla bekliyor<\/p>\n","protected":false},"excerpt":{"rendered":"<p>SGK Y&Uuml;ZDE 4&#39;L&Uuml; \u0130LA&Ccedil;LARDA &nbsp; &nbsp;\u0130SKONTOLARI Y&Uuml;ZDE 11&#39;E &Ccedil;IKARMA KARARI ALDI &nbsp; SGK 04.09.2008 tarihinde ald\u0131\u011f\u0131 tek tarafl\u0131 bir kararla&#46;&#46;&#46;<\/p>\n","protected":false},"author":1,"featured_media":0,"comment_status":"closed","ping_status":"closed","sticky":false,"template":"","format":"standard","meta":{"_jetpack_memberships_contains_paid_content":false,"footnotes":""},"categories":[1],"tags":[],"class_list":["post-3432","post","type-post","status-publish","format-standard","hentry","category-ced"],"aioseo_notices":[],"jetpack_featured_media_url":"","jetpack_sharing_enabled":true,"jetpack-related-posts":[],"_links":{"self":[{"href":"http:\/\/www.ced.org.tr\/index.php?rest_route=\/wp\/v2\/posts\/3432","targetHints":{"allow":["GET"]}}],"collection":[{"href":"http:\/\/www.ced.org.tr\/index.php?rest_route=\/wp\/v2\/posts"}],"about":[{"href":"http:\/\/www.ced.org.tr\/index.php?rest_route=\/wp\/v2\/types\/post"}],"author":[{"embeddable":true,"href":"http:\/\/www.ced.org.tr\/index.php?rest_route=\/wp\/v2\/users\/1"}],"replies":[{"embeddable":true,"href":"http:\/\/www.ced.org.tr\/index.php?rest_route=%2Fwp%2Fv2%2Fcomments&post=3432"}],"version-history":[{"count":0,"href":"http:\/\/www.ced.org.tr\/index.php?rest_route=\/wp\/v2\/posts\/3432\/revisions"}],"wp:attachment":[{"href":"http:\/\/www.ced.org.tr\/index.php?rest_route=%2Fwp%2Fv2%2Fmedia&parent=3432"}],"wp:term":[{"taxonomy":"category","embeddable":true,"href":"http:\/\/www.ced.org.tr\/index.php?rest_route=%2Fwp%2Fv2%2Fcategories&post=3432"},{"taxonomy":"post_tag","embeddable":true,"href":"http:\/\/www.ced.org.tr\/index.php?rest_route=%2Fwp%2Fv2%2Ftags&post=3432"}],"curies":[{"name":"wp","href":"https:\/\/api.w.org\/{rel}","templated":true}]}}