{"id":3434,"date":"2008-09-08T10:10:42","date_gmt":"2008-09-08T07:10:42","guid":{"rendered":"http:\/\/www.ced.org.tr\/?p=3434"},"modified":"2008-09-08T10:10:42","modified_gmt":"2008-09-08T07:10:42","slug":"tebden-onemli-aciklama","status":"publish","type":"post","link":"http:\/\/www.ced.org.tr\/?p=3434","title":{"rendered":"TEB&#8217;DEN \u00d6NEML\u0130 A\u00c7IKLAMA"},"content":{"rendered":"<p>Bilindi\u011fi gibi, kamu kurum iskontolar\u0131n\u0131n uygulan\u0131\u015f\u0131 ve yeni eczane iskonto oranlar\u0131, 30.06.2008 tarihinde Maliye Bakan\u0131 Kemal Unak\u0131tan, Sa\u011fl\u0131k Bakan\u0131 Prof.Dr.Recep Akda\u011f, &Ccedil;al\u0131\u015fma ve Sosyal G&uuml;venlik Bakan\u0131 Faruk &Ccedil;elik ve T&uuml;rk Eczac\u0131lar\u0131 Birli\u011fi Ba\u015fkan\u0131 Ecz.Erdo\u011fan &Ccedil;olak&rsquo;\u0131n imzas\u0131yla tutanak alt\u0131na al\u0131nm\u0131\u015f ve s&ouml;z konusu tutanak 09.07.2008 tarihinde, SGK ile Birli\u011fimiz aras\u0131nda 01.07.2008 tarihinden itibaren y&uuml;r&uuml;rl&uuml;\u011fe girmek &uuml;zere imzalanan 2008 SGK Protokol&uuml;&rsquo;ne de eklenerek y&uuml;r&uuml;rl&uuml;\u011fe girmi\u015fti.<\/p>\n<p align=\"justify\">&nbsp;<\/p>\n<p align=\"justify\">Ancak bu tutanakla imza alt\u0131na al\u0131nan bir &ccedil;ok hususun uygulan\u0131\u015f\u0131 ile ilgili bug&uuml;ne kadar Kurumla aram\u0131zda taleplerimizi kar\u015f\u0131layacak do\u011frultuda mutabakat olu\u015fmam\u0131\u015ft\u0131. Bu&nbsp; konular\u0131n ba\u015f\u0131nda, kamu kurum iskontolar\u0131n\u0131n Protokolde yazd\u0131\u011f\u0131 \u015fekilde, eczaneler taraf\u0131ndan al\u0131nan YTL tutar\u0131nda Kuruma aktar\u0131m\u0131n\u0131n sa\u011flanmas\u0131 gelmekteydi. Kurum taraf\u0131ndan, bu konuya ili\u015fkin, provizyon sisteminde gerekli d&uuml;zenlemelerin yap\u0131lmam\u0131\u015f oldu\u011fu, hukuki yollara ba\u015fvurularak Mahkeme kanal\u0131yla da tespit edilmi\u015f ve bu tespitler do\u011frultusunda, &uuml;yelerimizin u\u011frayacaklar\u0131 zarar\u0131n Kurumdan tahsil edilebilmesi i&ccedil;in, &uuml;yelerimizin taraf\u0131ndan&nbsp; kesmi\u015f olduklar\u0131 faturalar\u0131n &uuml;zerine &ldquo;SGK Provizyon sisteminin s&ouml;zle\u015fmeye ayk\u0131r\u0131 uygulamas\u0131ndan olu\u015fan kamu kurum iskontosu zarar\u0131ma ili\u015fkin talep ve dava haklar\u0131m sakl\u0131d\u0131r&rdquo; \u015ferhinin d&uuml;\u015f&uuml;lmesi sa\u011flanm\u0131\u015f ve faturalara bu \u015ferhin d&uuml;\u015f&uuml;lmesine devam edilmektedir.<\/p>\n<p align=\"justify\">&nbsp;<\/p>\n<p align=\"justify\">Bu s&uuml;re&ccedil;te, Kurum taraf\u0131ndan kamu kurum iskontosu oran\u0131 %4 olan ila&ccedil;lar\u0131n iskonto oranlar\u0131n\u0131n, %11&rsquo;e &ccedil;\u0131kar\u0131lmas\u0131 &ouml;nerisi sunularak, bu \u015fekilde bir kaynak olu\u015fturulaca\u011f\u0131, bu kayna\u011f\u0131n eczanelere aktar\u0131laca\u011f\u0131 ve bu suretle provizyon sisteminde kamu kurum iskontolar\u0131n\u0131n uygulan\u0131\u015f\u0131 ile ilgili d&uuml;zenleme yap\u0131lmamas\u0131ndan kaynakl\u0131 zarar\u0131n &ouml;nlenece\u011fi bildirilmi\u015fti. <\/p>\n<p align=\"justify\">&nbsp;<\/p>\n<p align=\"justify\">Ancak, Kurumun bu &ouml;nerisi &uuml;zerine yap\u0131lan t&uuml;m g&ouml;r&uuml;\u015fmelerde, eczac\u0131n\u0131n zarar\u0131n\u0131 ortadan kald\u0131racak ve 30.06.2008 tarihli tutanakla elde edilen kazan\u0131mlar\u0131n gerisine d&uuml;\u015f&uuml;lmeyecek bir y&ouml;ntem &ouml;nerilmedi\u011finden, Kurum ile Birli\u011fimiz aras\u0131nda bir uzla\u015f\u0131 sa\u011flanamam\u0131\u015ft\u0131r. Bunun hemen ard\u0131ndan, 05.09.2008 tarihinde, Kurum web sayfas\u0131 &uuml;zerinden tek tarafl\u0131 bir duyuru yay\u0131mlanarak, Sosyal G&uuml;venlik Kurumu Sa\u011fl\u0131k Hizmetleri Fiyatland\u0131rma Komisyonu taraf\u0131ndan, b&uuml;t&uuml;n ila&ccedil;lar\u0131n iskontolar\u0131n\u0131n, ayr\u0131m yap\u0131lmaks\u0131z\u0131n %11 olarak belirlendi\u011fi ve 01.09.2008 tarihinden itibaren ge&ccedil;erli olaca\u011f\u0131 bildirilmi\u015fti. <\/p>\n<p align=\"justify\">&nbsp;<\/p>\n<p align=\"justify\">Bunun &uuml;zerine, ayn\u0131 g&uuml;n Birli\u011fimiz taraf\u0131ndan Sosyal G&uuml;venlik Kurumuna resmi ba\u015fvuruda bulunularak, meslekta\u015flar\u0131m\u0131z\u0131n 01.09.2008 tarihinden itibaren kar\u015f\u0131lam\u0131\u015f olduklar\u0131 re&ccedil;etelerden ve stoklar\u0131nda bulunan ila&ccedil;lardan kaynakl\u0131 u\u011frayacaklar\u0131 zarar\u0131n ne \u015fekilde ve kim taraf\u0131ndan kar\u015f\u0131lanaca\u011f\u0131 hususu sorulmu\u015f ve meslekta\u015flar\u0131m\u0131z\u0131n bu de\u011fi\u015fiklikten kaynakl\u0131 herhangi bir zarara u\u011framamalar\u0131n\u0131 sa\u011flayacak y&ouml;ntemin ivedi olarak bildirilmesi talep edilmi\u015ftir.<\/p>\n<p align=\"justify\">&nbsp;<\/p>\n<p align=\"justify\">Ayr\u0131ca, s&ouml;z konusu duyuru ile ilgili olarak, Birli\u011fimiz, Sanayicilerle de g&ouml;r&uuml;\u015fm&uuml;\u015f ve t&uuml;m ila&ccedil;lar\u0131n iskonto oranlar\u0131n\u0131n %11&rsquo;e &ccedil;\u0131kmas\u0131n\u0131n ard\u0131ndan, meslekta\u015flar\u0131m\u0131z\u0131n stok zararlar\u0131n ne \u015fekilde kar\u015f\u0131lanaca\u011f\u0131yla ilgili tatmin edici bir yan\u0131t al\u0131namam\u0131\u015ft\u0131r.&nbsp; <\/p>\n<p align=\"justify\">&nbsp;<\/p>\n<p align=\"justify\">T&uuml;rk Eczac\u0131lar\u0131 Birli\u011fi Merkez Heyeti, 08.09.2008 Pazartesi G&uuml;n&uuml; Saat:11&rsquo;de konuyu de\u011ferlendirmek, al\u0131nacak tedbirleri belirlemek, &uuml;yelerimizin ve &ouml;rg&uuml;t&uuml;m&uuml;z&uuml;n bundan sonraki s&uuml;re&ccedil;te alaca\u011f\u0131 tavr\u0131 saptamak amac\u0131yla ola\u011fan&uuml;st&uuml; toplant\u0131ya &ccedil;a\u011fr\u0131lm\u0131\u015ft\u0131r. Bu toplant\u0131 sonu&ccedil;lan\u0131ncaya kadar, &uuml;yelerimiz taraf\u0131ndan;<\/p>\n<p align=\"justify\">&nbsp;<\/p>\n<p align=\"justify\">&bull;<strong>&nbsp;Kurum taraf\u0131ndan yap\u0131lan duyurunun aksine, 01.09.2008 tarihinden bug&uuml;ne kadar, provizyon sistemine %4 iskontoyla girilmi\u015f re&ccedil;etelerin d&uuml;zeltme i\u015flemlerinin kesinlikle yap\u0131lmamas\u0131, <br \/>&bull;&nbsp;Kurum taraf\u0131ndan, kamu kurum iskonto oran\u0131 %4&rsquo;ten %11&rsquo;e &ccedil;\u0131kar\u0131ld\u0131\u011f\u0131 bildirilen ekteki listede yer alan ila&ccedil;lar\u0131n,&nbsp; depolar taraf\u0131ndan %11&rsquo;den daha d&uuml;\u015f&uuml;k bir iskontoyla sat\u0131lmas\u0131 durumunda&nbsp; kesinlikle al\u0131nmamas\u0131,<\/strong><\/p>\n<p align=\"justify\">&nbsp;<\/p>\n<p align=\"justify\">Ayn\u0131 listede bulunan ila&ccedil;lardan % 4 iskontoyla al\u0131nm\u0131\u015f ve stoklarda bulunan ila&ccedil;larla ilgili izlenecek y&ouml;ntem belirleninceye kadar; bu ila&ccedil;larda ya\u015fanan s\u0131k\u0131nt\u0131n\u0131n sorumlusunun eczac\u0131 olmad\u0131\u011f\u0131 hastalara aktar\u0131larak, halk sa\u011fl\u0131\u011f\u0131 ve hasta haklar\u0131 konusunda herhangi bir ma\u011fduriyet yaratmamak kayd\u0131yla konu &uuml;zerinde titizlikle durulmas\u0131, &uuml;yelerimizin ilerde herhangi bir hak kayb\u0131 ya\u015famamas\u0131 a&ccedil;\u0131s\u0131ndan b&uuml;y&uuml;k &ouml;nem ta\u015f\u0131maktad\u0131r.<\/p>\n<p align=\"justify\">\n<p>T&uuml;m &uuml;yelerimize &ouml;nemle duyurulur.<\/p>\n<p align=\"justify\">\n<p><strong>T&uuml;rk Eczac\u0131lar\u0131 Birli\u011fi Merkez Heyeti<\/strong><\/p>\n<p align=\"justify\">&nbsp;<br \/><a href=\"http:\/\/www.teb.org.tr\/images\/upld2\/haberler\/6a620080906164304duzenleme.xls\" target=\"_blank\"><u><font color=\"#0000ff\">Liste \u0130&ccedil;in T\u0131klay\u0131n\u0131z.<\/font><\/u><\/a><\/p>\n","protected":false},"excerpt":{"rendered":"<p>Bilindi\u011fi gibi, kamu kurum iskontolar\u0131n\u0131n uygulan\u0131\u015f\u0131 ve yeni eczane iskonto oranlar\u0131, 30.06.2008 tarihinde Maliye Bakan\u0131 Kemal Unak\u0131tan, Sa\u011fl\u0131k Bakan\u0131 Prof.Dr.Recep&#46;&#46;&#46;<\/p>\n","protected":false},"author":1,"featured_media":0,"comment_status":"closed","ping_status":"closed","sticky":false,"template":"","format":"standard","meta":{"_jetpack_memberships_contains_paid_content":false,"footnotes":""},"categories":[1],"tags":[],"class_list":["post-3434","post","type-post","status-publish","format-standard","hentry","category-ced"],"aioseo_notices":[],"jetpack_featured_media_url":"","jetpack_sharing_enabled":true,"jetpack-related-posts":[],"_links":{"self":[{"href":"http:\/\/www.ced.org.tr\/index.php?rest_route=\/wp\/v2\/posts\/3434","targetHints":{"allow":["GET"]}}],"collection":[{"href":"http:\/\/www.ced.org.tr\/index.php?rest_route=\/wp\/v2\/posts"}],"about":[{"href":"http:\/\/www.ced.org.tr\/index.php?rest_route=\/wp\/v2\/types\/post"}],"author":[{"embeddable":true,"href":"http:\/\/www.ced.org.tr\/index.php?rest_route=\/wp\/v2\/users\/1"}],"replies":[{"embeddable":true,"href":"http:\/\/www.ced.org.tr\/index.php?rest_route=%2Fwp%2Fv2%2Fcomments&post=3434"}],"version-history":[{"count":0,"href":"http:\/\/www.ced.org.tr\/index.php?rest_route=\/wp\/v2\/posts\/3434\/revisions"}],"wp:attachment":[{"href":"http:\/\/www.ced.org.tr\/index.php?rest_route=%2Fwp%2Fv2%2Fmedia&parent=3434"}],"wp:term":[{"taxonomy":"category","embeddable":true,"href":"http:\/\/www.ced.org.tr\/index.php?rest_route=%2Fwp%2Fv2%2Fcategories&post=3434"},{"taxonomy":"post_tag","embeddable":true,"href":"http:\/\/www.ced.org.tr\/index.php?rest_route=%2Fwp%2Fv2%2Ftags&post=3434"}],"curies":[{"name":"wp","href":"https:\/\/api.w.org\/{rel}","templated":true}]}}