{"id":3435,"date":"2008-09-11T13:00:58","date_gmt":"2008-09-11T10:00:58","guid":{"rendered":"http:\/\/www.ced.org.tr\/?p=3435"},"modified":"2008-09-11T13:00:58","modified_gmt":"2008-09-11T10:00:58","slug":"28-yilinda-12-eylul-protesto-ediliyor","status":"publish","type":"post","link":"http:\/\/www.ced.org.tr\/?p=3435","title":{"rendered":"28. y\u0131l\u0131nda 12 Eyl\u00fcl protesto ediliyor"},"content":{"rendered":"<p><img loading=\"lazy\" decoding=\"async\" src=\"images\/stories\/dernek\/28yilinda12eylul.jpg\" border=\"0\" alt=\"12 eyl&uuml;l\" title=\"12 eyl&uuml;l\" hspace=\"4\" width=\"172\" height=\"130\" align=\"left\" \/>650 bin ki\u015finin g&ouml;zalt\u0131na al\u0131nd\u0131\u011f\u0131, 50 ki\u015finin idam edildi\u011fi, 171 ki\u015finin i\u015fkencede &ouml;ld&uuml;r&uuml;ld&uuml;\u011f&uuml; 12 Eyl&uuml;l askeri darbesi 28. y\u0131l\u0131nda bir dizi etkinlikle protesto ediliyor. \u0130stanbul, \u0130zmir, Ankara, Antalya ve Mersin&rsquo;de mitingler d&uuml;zenlenecek.<\/p>\n<p>&nbsp;<\/p>\n<p>12 Eyl&uuml;l darbesi 28&rsquo;inci y\u0131ld&ouml;n&uuml;m&uuml;nde T&uuml;rkiye &ccedil;ap\u0131nda d&uuml;zenlenen etkinliklerle protesto ediliyor. \u0130stanbul, Ankara ve \u0130zmir&rsquo;de kitlesel mitingilerle protesto edilecek.<\/p>\n<p>\u0130stanbul&rsquo;daki 12 Eyl&uuml;l kar\u015f\u0131t\u0131 etkinlikler bug&uuml;n ba\u015fl\u0131yor. 78&rsquo;liler Derne\u011fi b&uuml;nyesinde olu\u015fturulan &lsquo;Diyarbak\u0131r Askeri Cezaevi Ger&ccedil;e\u011fiyle Y&uuml;zle\u015fme ve Adalet Komisyonu&rsquo; bug&uuml;n saat 12.30&rsquo;da Tabipler Birli\u011fi&rsquo;nde a&ccedil;\u0131klama yapacak. Saat 19.00&rsquo;da da Taksim tramvay dura\u011f\u0131nda toplanacak grup Galatasaray&rsquo;a y&uuml;r&uuml;yecek. Topluluk Ergenekon&rsquo;un yetmeyece\u011fini, 12 Eyl&uuml;l&rsquo;&uuml;n de yarg\u0131lanmas\u0131n\u0131 isteyecek. Eylem Galatasaray Meydan\u0131&rsquo;ndaki bas\u0131n a&ccedil;\u0131klamas\u0131yla son bulacak. <\/p>\n<p>Yar\u0131nsa &lsquo;Darbeye Kar\u015f\u0131 70 Milyon Ad\u0131m&rsquo; platformu Bilgi &Uuml;niversitesi Dolapdere Kamp&uuml;s&uuml;&rsquo;nde saat 14.00&rsquo;te &lsquo;12 Eyl&uuml;l&rsquo;e Kar\u015f\u0131 Vicdan Mahkemesi&rsquo; kuracak. Darbeci Genelkurmay Ba\u015fkan\u0131 Kenal Evren ile d&ouml;nemin MGK &uuml;yeleri san\u0131k koltu\u011funa oturtulacak. Oyuncu Mehmet Ali Alabora, m&uuml;zisyen Harun Tekin ve yazar Karin Karaka\u015fl\u0131&rsquo;dan olu\u015fan mahkeme heyeti; yay\u0131mc\u0131 Rag\u0131p Zarakolu ve yazar Adalet A\u011fao\u011flu&rsquo;nun da i&ccedil;inde bulundu\u011fu tan\u0131klar\u0131 dinleyecek. 18.30&rsquo;da ise T&uuml;nel&rsquo;dan Galatasaray&rsquo;a y&uuml;r&uuml;necek. <\/p>\n<p><strong>KADIK&Ouml;Y&#39;DE M\u0130T\u0130NG<\/strong> <br \/>12 Eyl&uuml;l protestolar\u0131 i&ccedil;in adres olarak \u0130zmir&rsquo;i se&ccedil;en D\u0130SK, etkinliklere 8 Eyl&uuml;l&rsquo;de ba\u015flam\u0131\u015ft\u0131. Bu kapsamda \u0130zmir Sanat Merkezi&rsquo;nde, 12 Eyl&uuml;l ve 1 May\u0131s Foto\u011fraflar\u0131 Sergisi a&ccedil;\u0131ld\u0131. Sergiyle birlikte 12 Eyl&uuml;l konulu filmler de g&ouml;steriliyor. D\u0130SK&rsquo;e ba\u011fl\u0131 Gen&ccedil;-Sen, &lsquo;12 Eyl&uuml;l&rsquo;de Gen&ccedil;lik &Ccedil;ok \u015eey Kaybetti&rsquo; sergisini her ak\u015fam K\u0131br\u0131s \u015eehitleri Caddesi&rsquo;nde a&ccedil;\u0131yor. \u0130zmir&rsquo;de yar\u0131nsa 17:00&rsquo;de G&uuml;ndo\u011fdu Meydan\u0131&rsquo;nda u&ccedil;urtma \u015fenli\u011fi var. 13 Eyl&uuml;l g&uuml;n&uuml; saat 14:30&rsquo;da G&uuml;ndo\u011fdu Meydan\u0131&rsquo;nda &lsquo;Emek ve Demokrasi Mitingi&rsquo; yap\u0131l\u0131yor&#8230;<\/p>\n","protected":false},"excerpt":{"rendered":"<p>650 bin ki\u015finin g&ouml;zalt\u0131na al\u0131nd\u0131\u011f\u0131, 50 ki\u015finin idam edildi\u011fi, 171 ki\u015finin i\u015fkencede &ouml;ld&uuml;r&uuml;ld&uuml;\u011f&uuml; 12 Eyl&uuml;l askeri darbesi 28. y\u0131l\u0131nda bir&#46;&#46;&#46;<\/p>\n","protected":false},"author":1,"featured_media":0,"comment_status":"closed","ping_status":"closed","sticky":false,"template":"","format":"standard","meta":{"_jetpack_memberships_contains_paid_content":false,"footnotes":""},"categories":[1],"tags":[],"class_list":["post-3435","post","type-post","status-publish","format-standard","hentry","category-ced"],"aioseo_notices":[],"jetpack_featured_media_url":"","jetpack_sharing_enabled":true,"jetpack-related-posts":[],"_links":{"self":[{"href":"http:\/\/www.ced.org.tr\/index.php?rest_route=\/wp\/v2\/posts\/3435","targetHints":{"allow":["GET"]}}],"collection":[{"href":"http:\/\/www.ced.org.tr\/index.php?rest_route=\/wp\/v2\/posts"}],"about":[{"href":"http:\/\/www.ced.org.tr\/index.php?rest_route=\/wp\/v2\/types\/post"}],"author":[{"embeddable":true,"href":"http:\/\/www.ced.org.tr\/index.php?rest_route=\/wp\/v2\/users\/1"}],"replies":[{"embeddable":true,"href":"http:\/\/www.ced.org.tr\/index.php?rest_route=%2Fwp%2Fv2%2Fcomments&post=3435"}],"version-history":[{"count":0,"href":"http:\/\/www.ced.org.tr\/index.php?rest_route=\/wp\/v2\/posts\/3435\/revisions"}],"wp:attachment":[{"href":"http:\/\/www.ced.org.tr\/index.php?rest_route=%2Fwp%2Fv2%2Fmedia&parent=3435"}],"wp:term":[{"taxonomy":"category","embeddable":true,"href":"http:\/\/www.ced.org.tr\/index.php?rest_route=%2Fwp%2Fv2%2Fcategories&post=3435"},{"taxonomy":"post_tag","embeddable":true,"href":"http:\/\/www.ced.org.tr\/index.php?rest_route=%2Fwp%2Fv2%2Ftags&post=3435"}],"curies":[{"name":"wp","href":"https:\/\/api.w.org\/{rel}","templated":true}]}}