{"id":3436,"date":"2008-09-11T14:27:50","date_gmt":"2008-09-11T11:27:50","guid":{"rendered":"http:\/\/www.ced.org.tr\/?p=3436"},"modified":"2008-09-11T14:27:50","modified_gmt":"2008-09-11T11:27:50","slug":"sgknin-dayattigi-yeni-ek-protokol-imzalandi","status":"publish","type":"post","link":"http:\/\/www.ced.org.tr\/?p=3436","title":{"rendered":"SGK&#8217;NIN  DAYATTI\u011eI &#8220;YEN\u0130 EK PROTOKOL&#8221; \u0130MZALANDI"},"content":{"rendered":"<p style=\"margin: 0cm 0cm 0pt\" class=\"MsoNormal\"><font face=\"Times New Roman\" size=\"3\" color=\"#000000\">Y\u0131lan hikayesine d&ouml;nen protokol s&uuml;reci Sa\u011fl\u0131k,Maliye, &Ccedil;al\u0131\u015fma ve Sosyal G&uuml;venlik Bakanlar\u0131 ve TEB aras\u0131nda var\u0131lan bir mutabakatla sonland\u0131. 10.09.2008 tarihinde imzalananYeni ek protokol. SGK&rsquo;n\u0131n dayatt\u0131\u011f\u0131 ko\u015fullarla revize edildi.Yap\u0131lan ek protokole g&ouml;re kamu kurum iskontolar\u0131n\u0131n eczaneler &uuml;zerinden y&uuml;r&uuml;t&uuml;lmesi i\u015flemi eski \u015fekliyle devam edecek,eczac\u0131 iskontolar\u0131 ise 01.09.2008 tarihinden ge&ccedil;erli olmak &uuml;zere 0,5-1-1,5-2 aral\u0131\u011f\u0131na &ccedil;ekilecek.Bilindi\u011fi gibi 2008 protokol&uuml; ile ilgili s&uuml;re&ccedil; yap\u0131lan bir dizi g&ouml;r&uuml;\u015fmeler sonucunda anla\u015fmazl\u0131kla sonu&ccedil;lanm\u0131\u015f ve 1 Temmuz 2008&rsquo;den ge&ccedil;erli olmak &uuml;zere s&uuml;resiz kapatma eylemine karar verilmi\u015fti.Bu geli\u015fme &uuml;zerine ilgili bakanlar\u0131n devreye girmesiyle, Sa\u011fl\u0131k,Maliye ve Sosyal G&uuml;venlik Bakanlar\u0131 ile TEB&rsquo;in ortak imzas\u0131n\u0131 ta\u015f\u0131yan bir protokol imzalanm\u0131\u015f ve eylemlilik s&uuml;reci sona erdirilmi\u015fti.<\/font><\/p>\n<p style=\"margin: 0cm 0cm 0pt\" class=\"MsoNormal\">&nbsp;<\/p>\n<p style=\"margin: 0cm 0cm 0pt\" class=\"MsoNormal\"><font face=\"Times New Roman\" size=\"3\" color=\"#000000\">SGK&rsquo;n\u0131n da imzas\u0131n\u0131 ta\u015f\u0131yan <span>&nbsp;<\/span>protokol,sonras\u0131nda SGK taraf\u0131ndan yok say\u0131ld\u0131,s&ouml;zle\u015fmeler kabul edilmeyerek fiili bir durum yarat\u0131lmak istendi,imzalanan protokol&uuml;n kad&uuml;k kalmas\u0131na d&ouml;n&uuml;k anti-demokratik bir &ccedil;aban\u0131n i&ccedil;ine girildi.Bu anti-demokratik tutum,eczac\u0131lar\u0131n &uuml;lke &ccedil;ap\u0131nda y&uuml;r&uuml;tt&uuml;kleri demokratik eylemlerle a\u015f\u0131labildi..Ve b&ouml;ylece imzalanan protokol ve s&ouml;zle\u015fme ile ilgili yasal s&uuml;re&ccedil;te tamamlanm\u0131\u015f oldu.<\/font><\/p>\n<p><font face=\"Times New Roman\" size=\"3\" color=\"#000000\">&nbsp;<\/font> <\/p>\n<p style=\"margin: 0cm 0cm 0pt\" class=\"MsoNormal\"><font face=\"Times New Roman\" size=\"3\" color=\"#000000\">Ancak SGK <span>&nbsp;<\/span>demokratik hukuk kurallar\u0131n\u0131 &ccedil;i\u011fneyerek imzalanan protokol&uuml; uygulamama yolunu<span>&nbsp; <\/span>se&ccedil;erek TEB&rsquo;den, protokol&uuml;n yeniden revize edilmesini ve dayatt\u0131\u011f\u0131 ko\u015fullar\u0131n kabul edilmesini istedi, TEB&rsquo;i yeniden g&ouml;r&uuml;\u015fme masas\u0131na &ccedil;a\u011f\u0131rd\u0131!TEB&rsquo;in<span>&nbsp; <\/span>bu &ccedil;a\u011fr\u0131ya olumlu yan\u0131t vermesiyle <span>&nbsp;<\/span>protokol s&uuml;recinde <span>&nbsp;<\/span>ba\u015fa d&ouml;n&uuml;lm&uuml;\u015f oldu.30 Haziranda elde edilen ve t&uuml;m kamuoyuna duyurulan kazan\u0131mlar da TEB&rsquo;in bu ad\u0131m\u0131 ile yeniden tart\u0131\u015f\u0131l\u0131r hale getirildi.Ve sonu&ccedil;ta y\u0131lan hikayesine d&ouml;nen protokol s&uuml;reci SGK&rsquo;n\u0131n dayatt\u0131\u011f\u0131 ko\u015fullarda TEB ve ilgili bakanlar\u0131n imzas\u0131 ile<span>&nbsp; <\/span>nihayet sonu&ccedil;land\u0131!<\/font><\/p>\n<p><font face=\"Times New Roman\" size=\"3\" color=\"#000000\">&nbsp;<\/font> <\/p>\n<p style=\"margin: 0cm 0cm 0pt\" class=\"MsoNormal\"><font face=\"Times New Roman\" size=\"3\" color=\"#000000\">Protokol s&uuml;recinin ba\u015f\u0131nda TEB Merkez Heyeti temel<span>&nbsp; <\/span>hareket noktas\u0131n\u0131 eczac\u0131 kamuoyuna <\/font><\/p>\n<p style=\"margin: 0cm 0cm 0pt\" class=\"MsoNormal\"><font face=\"Times New Roman\" size=\"3\" color=\"#000000\">&lsquo;kapanma s&uuml;recine giren k&uuml;&ccedil;&uuml;k &ouml;l&ccedil;ekli eczaneleri korumak,eczac\u0131lar\u0131n olmazsa olmazlar\u0131ndan biri olan kurum iskontolar\u0131n\u0131n eczaneler &uuml;zerinden y&uuml;r&uuml;t&uuml;lmesine son vermek&rsquo; diye a&ccedil;\u0131klam\u0131\u015ft\u0131.TEB imzalad\u0131\u011f\u0131 &lsquo;Yeni Protokol&rsquo; \u0130le kendi koydu\u011fu prensipleri kendi eliyle t&uuml;ketmi\u015f oldu.<\/font><\/p>\n<p><font face=\"Times New Roman\" size=\"3\" color=\"#000000\">&nbsp;<\/font> <\/p>\n<p style=\"margin: 0cm 0cm 0pt\" class=\"MsoNormal\"><font face=\"Times New Roman\" size=\"3\" color=\"#000000\">Revize edilen yeni protokol eczac\u0131 kamuoyunun iradesine ra\u011fmen imzalanm\u0131\u015ft\u0131r.SGK ve AKP iktidar\u0131na biat etmenin sonu&ccedil;lar\u0131n\u0131 hep birlikte ya\u015fayarak g&ouml;rece\u011fiz&hellip;<\/font><\/p>\n","protected":false},"excerpt":{"rendered":"<p>Y\u0131lan hikayesine d&ouml;nen protokol s&uuml;reci Sa\u011fl\u0131k,Maliye, &Ccedil;al\u0131\u015fma ve Sosyal G&uuml;venlik Bakanlar\u0131 ve TEB aras\u0131nda var\u0131lan bir mutabakatla sonland\u0131. 10.09.2008 tarihinde&#46;&#46;&#46;<\/p>\n","protected":false},"author":1,"featured_media":0,"comment_status":"closed","ping_status":"closed","sticky":false,"template":"","format":"standard","meta":{"_jetpack_memberships_contains_paid_content":false,"footnotes":""},"categories":[1],"tags":[],"class_list":["post-3436","post","type-post","status-publish","format-standard","hentry","category-ced"],"aioseo_notices":[],"jetpack_featured_media_url":"","jetpack_sharing_enabled":true,"jetpack-related-posts":[],"_links":{"self":[{"href":"http:\/\/www.ced.org.tr\/index.php?rest_route=\/wp\/v2\/posts\/3436","targetHints":{"allow":["GET"]}}],"collection":[{"href":"http:\/\/www.ced.org.tr\/index.php?rest_route=\/wp\/v2\/posts"}],"about":[{"href":"http:\/\/www.ced.org.tr\/index.php?rest_route=\/wp\/v2\/types\/post"}],"author":[{"embeddable":true,"href":"http:\/\/www.ced.org.tr\/index.php?rest_route=\/wp\/v2\/users\/1"}],"replies":[{"embeddable":true,"href":"http:\/\/www.ced.org.tr\/index.php?rest_route=%2Fwp%2Fv2%2Fcomments&post=3436"}],"version-history":[{"count":0,"href":"http:\/\/www.ced.org.tr\/index.php?rest_route=\/wp\/v2\/posts\/3436\/revisions"}],"wp:attachment":[{"href":"http:\/\/www.ced.org.tr\/index.php?rest_route=%2Fwp%2Fv2%2Fmedia&parent=3436"}],"wp:term":[{"taxonomy":"category","embeddable":true,"href":"http:\/\/www.ced.org.tr\/index.php?rest_route=%2Fwp%2Fv2%2Fcategories&post=3436"},{"taxonomy":"post_tag","embeddable":true,"href":"http:\/\/www.ced.org.tr\/index.php?rest_route=%2Fwp%2Fv2%2Ftags&post=3436"}],"curies":[{"name":"wp","href":"https:\/\/api.w.org\/{rel}","templated":true}]}}