{"id":3440,"date":"2008-09-18T10:07:48","date_gmt":"2008-09-18T07:07:48","guid":{"rendered":"http:\/\/www.ced.org.tr\/?p=3440"},"modified":"2008-09-18T10:07:48","modified_gmt":"2008-09-18T07:07:48","slug":"istanbul-eczaci-odasi","status":"publish","type":"post","link":"http:\/\/www.ced.org.tr\/?p=3440","title":{"rendered":"\u0130STANBUL ECZACI ODASI"},"content":{"rendered":"<h5 align=\"center\">\u0130STANBUL ECZACI ODASI BEDELS\u0130Z KAMULA\u015eTIRMAYA KAR\u015eI DAVA A&Ccedil;TI<\/h5>\n<p>&nbsp;<\/p>\n<p><strong>Dev ila&ccedil; firmalar\u0131n\u0131n SGK&rsquo;ya yapt\u0131\u011f\u0131 iskontolar\u0131n %7&rsquo;sini eczac\u0131lar\u0131n &ouml;demesi isteniyor!<\/strong><\/p>\n<p>&nbsp;<\/p>\n<p>\u0130stanbul Eczac\u0131 Odas\u0131 Hukuk B&uuml;rosu, eczac\u0131lar\u0131n stoklar\u0131 &uuml;zerinden bedelsiz kamula\u015ft\u0131rma anlam\u0131na gelen uygulaman\u0131n iptali i&ccedil;in bug&uuml;n Dan\u0131\u015ftay&rsquo;da dava a&ccedil;t\u0131.<\/p>\n<p>&nbsp;<\/p>\n<div>Sosyal G&uuml;venlik Kurumu (SGK) 5 Eyl&uuml;l 2008 tarihinde yay\u0131nlad\u0131\u011f\u0131 bir kararla 1 Eyl&uuml;l 2008&rsquo;den itibaren ge&ccedil;erli olmak &uuml;zere ila&ccedil; firmalar\u0131n\u0131n baz\u0131 ila&ccedil;larda %4&rsquo;l&uuml;k olan kurum iskontosunu %11&rsquo;e &ccedil;\u0131karm\u0131\u015ft\u0131. S&ouml;zkonusu karar, ila&ccedil; firmalar\u0131n\u0131n kuruma yapt\u0131klar\u0131 iskontolar\u0131n eczaneler &uuml;zerinden uygulanmas\u0131 nedeniyle eczac\u0131lar\u0131n zarar\u0131n\u0131 daha da art\u0131rm\u0131\u015ft\u0131.<\/div>\n<div>Bir gecede de\u011fi\u015ftirilen iskonto oran\u0131 nedeniyle, eczac\u0131lar stoklar\u0131nda bulunan ve firmadan %4 iskontolu ald\u0131klar\u0131 ila&ccedil;lar\u0131, SGK&rsquo;ya %11 iskonto ile vermek zorunda alacak. B&ouml;ylelikle dev ila&ccedil; firmalar\u0131n\u0131n uygulamas\u0131 gereken %11&rsquo;lik iskontonun %&rsquo;7&rsquo;si eczac\u0131n\u0131n cebinden &ccedil;\u0131kacak.<\/div>\n<div>D&uuml;zenlemenin iptali i&ccedil;in Dan\u0131\u015ftay&rsquo;a ba\u015fvuran Hukuk B&uuml;romuz dava dilek&ccedil;esinde Kurumun bu t&uuml;r bir d&uuml;zenleme yaparken mutlaka en az 45 g&uuml;nl&uuml;k bir ge&ccedil;i\u015f d&ouml;nemi &ouml;ng&ouml;rmesi veya bu haks\u0131zl\u0131\u011fa kar\u015f\u0131 &ouml;nlemler almas\u0131 gerekti\u011fi halde b&ouml;yle bir d&uuml;zenleme yapmad\u0131\u011f\u0131ni ve eczac\u0131lar\u0131n ma\u011fduriyetine sebep oldu\u011funu belirtti.<\/div>\n<div>Dava dilek&ccedil;esinde y\u0131llard\u0131r ayn\u0131 olan iskonto oranlar\u0131n\u0131n bir gecede de\u011fi\u015ftirilmesi sonucu eczac\u0131n\u0131n, raf\u0131nda bulunan ila&ccedil;lar bak\u0131m\u0131ndan bedelsiz kamula\u015ft\u0131r\u0131ld\u0131\u011f\u0131, 2008 y\u0131l\u0131 s&ouml;zle\u015fmesinin imzaland\u0131\u011f\u0131 esnada iskonto oranlar\u0131nda yap\u0131lacak bu de\u011fi\u015fiklikten hi&ccedil; s&ouml;z edilmeyerek, eczac\u0131lar\u0131n stok zarar\u0131na u\u011framas\u0131na sebebiyet verildi\u011fi, di\u011fer yandan baz\u0131 firmalar\u0131n Kurumun tek tarafl\u0131 olarak belirledi\u011fi %11&rsquo;lik iskontoyu uygulamayarak da eczac\u0131lar\u0131n zarar\u0131na sebep olduklar\u0131 hususlar\u0131 vurguland\u0131.<\/div>\n<div>Kurumun hi&ccedil;bir &ouml;nlem ve ge&ccedil;i\u015f d&ouml;nemi &ouml;ng&ouml;rmeden yapt\u0131\u011f\u0131 d&uuml;zenlemenin Anayasam\u0131z\u0131n ilgili maddelerine ayk\u0131r\u0131 <\/div>\n<div>oldu\u011funa dikkat &ccedil;ekildi.<\/div>\n<div>Bilindi\u011fi gibi y\u0131llard\u0131r, imalat&ccedil;\u0131 ve ithalat&ccedil;\u0131 indirimi ad\u0131 alt\u0131nda yap\u0131lan indirimde ila&ccedil; firmalar\u0131 &uuml;retici fiyat\u0131 &uuml;zerinden iskonto yaparken, eczac\u0131lar perakende sat\u0131\u015f fiyat\u0131 &uuml;zerinden iskonto yap\u0131yor ve ortalama %3&rsquo;l&uuml;k bir zarara u\u011fruyor. Yeni d&uuml;zenlemeyi ise baz\u0131 ila&ccedil; firmalar\u0131 kabul etmiyor, yeni iskonto oran\u0131n\u0131 uygulam\u0131yor. Bu nedenle eczac\u0131 %7&rsquo;lik bir zarara daha u\u011fruyor. &Uuml;stelik bu ila&ccedil;lar\u0131n vergisini de eczac\u0131 &ouml;d&uuml;yor. 2004 y\u0131l\u0131nda yay\u0131nlanan \u0130la&ccedil; Fiyat Kararnamesi ve bunu takip eden d&uuml;zenlemelerle eczac\u0131lar gitgide iflas noktas\u0131na s&uuml;r&uuml;klenmekte, baz\u0131 eczaneler bedelsiz kamula\u015ft\u0131rmalar nedeniyle kiralar\u0131n\u0131 dahi &ouml;deyememektedirler.<\/div>\n","protected":false},"excerpt":{"rendered":"<p>\u0130STANBUL ECZACI ODASI BEDELS\u0130Z KAMULA\u015eTIRMAYA KAR\u015eI DAVA A&Ccedil;TI &nbsp; Dev ila&ccedil; firmalar\u0131n\u0131n SGK&rsquo;ya yapt\u0131\u011f\u0131 iskontolar\u0131n %7&rsquo;sini eczac\u0131lar\u0131n &ouml;demesi isteniyor! &nbsp;&#46;&#46;&#46;<\/p>\n","protected":false},"author":1,"featured_media":0,"comment_status":"closed","ping_status":"closed","sticky":false,"template":"","format":"standard","meta":{"_jetpack_memberships_contains_paid_content":false,"footnotes":""},"categories":[1],"tags":[],"class_list":["post-3440","post","type-post","status-publish","format-standard","hentry","category-ced"],"aioseo_notices":[],"jetpack_featured_media_url":"","jetpack_sharing_enabled":true,"jetpack-related-posts":[],"_links":{"self":[{"href":"http:\/\/www.ced.org.tr\/index.php?rest_route=\/wp\/v2\/posts\/3440","targetHints":{"allow":["GET"]}}],"collection":[{"href":"http:\/\/www.ced.org.tr\/index.php?rest_route=\/wp\/v2\/posts"}],"about":[{"href":"http:\/\/www.ced.org.tr\/index.php?rest_route=\/wp\/v2\/types\/post"}],"author":[{"embeddable":true,"href":"http:\/\/www.ced.org.tr\/index.php?rest_route=\/wp\/v2\/users\/1"}],"replies":[{"embeddable":true,"href":"http:\/\/www.ced.org.tr\/index.php?rest_route=%2Fwp%2Fv2%2Fcomments&post=3440"}],"version-history":[{"count":0,"href":"http:\/\/www.ced.org.tr\/index.php?rest_route=\/wp\/v2\/posts\/3440\/revisions"}],"wp:attachment":[{"href":"http:\/\/www.ced.org.tr\/index.php?rest_route=%2Fwp%2Fv2%2Fmedia&parent=3440"}],"wp:term":[{"taxonomy":"category","embeddable":true,"href":"http:\/\/www.ced.org.tr\/index.php?rest_route=%2Fwp%2Fv2%2Fcategories&post=3440"},{"taxonomy":"post_tag","embeddable":true,"href":"http:\/\/www.ced.org.tr\/index.php?rest_route=%2Fwp%2Fv2%2Ftags&post=3440"}],"curies":[{"name":"wp","href":"https:\/\/api.w.org\/{rel}","templated":true}]}}