{"id":3442,"date":"2008-09-25T13:09:25","date_gmt":"2008-09-25T10:09:25","guid":{"rendered":"http:\/\/www.ced.org.tr\/?p=3442"},"modified":"2008-09-25T13:09:25","modified_gmt":"2008-09-25T10:09:25","slug":"herkese-saglik-ve-sosyal-guvenlik-hakki","status":"publish","type":"post","link":"http:\/\/www.ced.org.tr\/?p=3442","title":{"rendered":"HERKESE SA\u011eLIK VE SOSYAL G\u00dcVENL\u0130K HAKKI"},"content":{"rendered":"<h5 align=\"center\">HERKESE SA\u011eLIK VE SOSYAL G&Uuml;VENL\u0130K HAKKI \u0130&Ccedil;\u0130N UNKAPANI&#39;NDAYDIK<\/h5>\n<p>&nbsp;<\/p>\n<p>Herkese Sa\u011fl\u0131k ve g&uuml;venli gelecek Platformunun 1 Ekim&#39;de y&uuml;r&uuml;rl&uuml;\u011fe girecek olan SSGS yasas\u0131n\u0131 protesto etmek amac\u0131 ile d&uuml;zenledi\u011fi y&uuml;r&uuml;y&uuml;\u015f 24 Eyl&uuml;l &Ccedil;ar\u015famba g&uuml;n&uuml; yap\u0131ld\u0131.<\/p>\n<p>&nbsp;<\/p>\n<p>Pertevniyal lisesi &ouml;n&uuml;nde ba\u015flayan protesto y&uuml;r&uuml;y&uuml;\u015f&uuml;ne D\u0130SK&#39;e ba\u011fl\u0131 sendikalar, KESK, TTB, \u0130TO, \u0130EO, &Ccedil;ED &uuml;ye ve y&ouml;neticileri ile &ccedil;e\u015fitli sivil toplum &ouml;rg&uuml;tleri ve siyasi parti temsilcilerinden olu\u015fan 500 civar\u0131nda kitle kat\u0131ld\u0131.<\/p>\n<p>&nbsp;<\/p>\n<p>Protesto y&uuml;r&uuml;y&uuml;\u015f&uuml; &Ccedil;al\u0131\u015fma Bakanl\u0131\u011f\u0131&#39;n\u0131n&nbsp; unkapan\u0131ndaki istanbul B&ouml;lge M&uuml;d&uuml;rl&uuml;\u011f&uuml; &ouml;n&uuml;nde sona erdi. Burada KESK \u015fubeler platformu ad\u0131na d&ouml;nem s&ouml;zc&uuml;s&uuml; Hatun \u0130LDEM\u0130R haz\u0131rlanan ortak bas\u0131n a&ccedil;\u0131klamas\u0131n\u0131 okudu. \u0130ldemir ; Herkese Sa\u011fl\u0131k ve G&uuml;venli Gelecek Platformu olarak &quot; Bu gayri vicdani, gayri insani, gayri ahlaki d&uuml;zenlemelerin pe\u015fini b\u0131rakmayacaklar\u0131n\u0131, b&uuml;t&uuml;n sa\u011fl\u0131k, sosyal g&uuml;venlik&nbsp;ma\u011fdurlar\u0131n\u0131n yan\u0131nda olacaklar\u0131n\u0131, yok edilmeye &ccedil;al\u0131\u015f\u0131lan sa\u011fl\u0131k, sosyal&nbsp;g&uuml;venlik&nbsp;ve &ouml;rg&uuml;tleme haklar\u0131n\u0131 sonuna kadar savunacaklar\u0131n\u0131&quot; vurgulad\u0131.<\/p>\n<p>&nbsp;<\/p>\n<div style=\"text-align: center\"><img loading=\"lazy\" decoding=\"async\" style=\"width: 440px; height: 381px\" src=\"images\/stories\/dernek\/hsgg.jpg\" border=\"0\" alt=\"hssg\" title=\"hssg\" vspace=\"4\" width=\"440\" height=\"381\" \/><\/div>\n","protected":false},"excerpt":{"rendered":"<p>HERKESE SA\u011eLIK VE SOSYAL G&Uuml;VENL\u0130K HAKKI \u0130&Ccedil;\u0130N UNKAPANI&#39;NDAYDIK &nbsp; Herkese Sa\u011fl\u0131k ve g&uuml;venli gelecek Platformunun 1 Ekim&#39;de y&uuml;r&uuml;rl&uuml;\u011fe girecek olan&#46;&#46;&#46;<\/p>\n","protected":false},"author":1,"featured_media":0,"comment_status":"closed","ping_status":"closed","sticky":false,"template":"","format":"standard","meta":{"_jetpack_memberships_contains_paid_content":false,"footnotes":""},"categories":[1],"tags":[],"class_list":["post-3442","post","type-post","status-publish","format-standard","hentry","category-ced"],"aioseo_notices":[],"jetpack_featured_media_url":"","jetpack_sharing_enabled":true,"jetpack-related-posts":[],"_links":{"self":[{"href":"http:\/\/www.ced.org.tr\/index.php?rest_route=\/wp\/v2\/posts\/3442","targetHints":{"allow":["GET"]}}],"collection":[{"href":"http:\/\/www.ced.org.tr\/index.php?rest_route=\/wp\/v2\/posts"}],"about":[{"href":"http:\/\/www.ced.org.tr\/index.php?rest_route=\/wp\/v2\/types\/post"}],"author":[{"embeddable":true,"href":"http:\/\/www.ced.org.tr\/index.php?rest_route=\/wp\/v2\/users\/1"}],"replies":[{"embeddable":true,"href":"http:\/\/www.ced.org.tr\/index.php?rest_route=%2Fwp%2Fv2%2Fcomments&post=3442"}],"version-history":[{"count":0,"href":"http:\/\/www.ced.org.tr\/index.php?rest_route=\/wp\/v2\/posts\/3442\/revisions"}],"wp:attachment":[{"href":"http:\/\/www.ced.org.tr\/index.php?rest_route=%2Fwp%2Fv2%2Fmedia&parent=3442"}],"wp:term":[{"taxonomy":"category","embeddable":true,"href":"http:\/\/www.ced.org.tr\/index.php?rest_route=%2Fwp%2Fv2%2Fcategories&post=3442"},{"taxonomy":"post_tag","embeddable":true,"href":"http:\/\/www.ced.org.tr\/index.php?rest_route=%2Fwp%2Fv2%2Ftags&post=3442"}],"curies":[{"name":"wp","href":"https:\/\/api.w.org\/{rel}","templated":true}]}}