{"id":3443,"date":"2008-10-06T10:35:33","date_gmt":"2008-10-06T07:35:33","guid":{"rendered":"http:\/\/www.ced.org.tr\/?p=3443"},"modified":"2008-10-06T10:35:33","modified_gmt":"2008-10-06T07:35:33","slug":"teb-merkez-heyetini-son-kez-uyariyoruz","status":"publish","type":"post","link":"http:\/\/www.ced.org.tr\/?p=3443","title":{"rendered":"TEB MERKEZ HEYET\u0130N\u0130 SON KEZ UYARIYORUZ !"},"content":{"rendered":"<p>2008 Y\u0131l\u0131 Sosyal G&uuml;venlik Kurumu Sa\u011fl\u0131k Uygulama Tebli\u011fi 29 Eyl&uuml;l 2008 Pazartesi g&uuml;n&uuml; yay\u0131nlanm\u0131\u015f ve 1 Ekim 2008 &Ccedil;ar\u015famba g&uuml;n&uuml; y&uuml;r&uuml;rl&uuml;\u011fe girmi\u015ftir. Bu tebli\u011f, hem sa\u011fl\u0131k uygulamalar\u0131 hem de re&ccedil;ete hizmetleri konusunda meslekta\u015flar\u0131m\u0131za &ccedil;ok &ouml;nemli sorunlar ya\u015fatacak uygulamalar i&ccedil;ermektedir.<\/p>\n<p>&nbsp;<\/p>\n<p>Uygulaman\u0131n ilk g&uuml;n&uuml; n&ouml;bet&ccedil;i eczanelerimiz, &ouml;zellikle sistemde ya\u015fanan aksakl\u0131klar ve &ouml;zel hastanelerin muayene &uuml;cretlerinin artm\u0131\u015f olmas\u0131 nedeniyle vatanda\u015flar\u0131m\u0131zla kar\u015f\u0131 kar\u015f\u0131ya kalm\u0131\u015flard\u0131r. Bizlere ula\u015fan meslekta\u015flar\u0131m\u0131z\u0131n sorular\u0131 kar\u015f\u0131s\u0131nda, sorunlar\u0131 &ccedil;&ouml;zecek makama yani T&uuml;rk Eczac\u0131lar\u0131 Birli\u011fi&rsquo;ne ula\u015fmaya &ccedil;al\u0131\u015ft\u0131\u011f\u0131m\u0131zda kar\u015f\u0131m\u0131zda muhatap bulmak ne yaz\u0131k ki m&uuml;mk&uuml;n olmam\u0131\u015ft\u0131r. T&uuml;rk Eczac\u0131lar\u0131 Birli\u011fi, AKP H&uuml;k&uuml;meti gibi kendisine dokuz g&uuml;nl&uuml;k tatil ilan ederek kap\u0131lar\u0131n\u0131 eczac\u0131lara kapam\u0131\u015f ve eczac\u0131lar\u0131 sorunlar\u0131 ile ba\u015f ba\u015fa b\u0131rakm\u0131\u015ft\u0131r. Uyum i&ccedil;inde giden bir &ccedil;al\u0131\u015fman\u0131n &ouml;rne\u011fi olarak SGK, mesle\u011fimiz i&ccedil;in &ccedil;ok b&uuml;y&uuml;k tehlikeler ta\u015f\u0131yan 2008 Sa\u011fl\u0131k Uygulama Tebli\u011fi&rsquo;ni yay\u0131nlay\u0131p tatile &ccedil;\u0131karken, duruma hemen m&uuml;dahale etmesi gereken TEB Merkez Heyeti Y&ouml;neticilerimiz de tatile &ccedil;\u0131kmay\u0131 uygun g&ouml;rm&uuml;\u015flerdir. AKP H&uuml;k&uuml;meti, d&ouml;nem d&ouml;nem her iktidar\u0131n yapt\u0131\u011f\u0131 gibi ya\u015fanan ekonomik ve siyasal krizi so\u011futmak amac\u0131yla bayram tatilini dokuz g&uuml;ne &ccedil;\u0131kar\u0131rken &uuml;st &ouml;rg&uuml;t&uuml;m&uuml;z&uuml;n, sorunlar\u0131m\u0131z\u0131n so\u011futulmaya de\u011fil acil &ccedil;&ouml;z&uuml;me ula\u015ft\u0131r\u0131lmaya gereksinim duyuldu\u011fu bir d&ouml;nemde benzeri bir uygulama i&ccedil;erisine girmeye hakk\u0131 yoktur.<\/p>\n<p>&nbsp;<\/p>\n<p>TEB Merkez Heyeti, i&ccedil;inde ya\u015fad\u0131\u011f\u0131m\u0131z s&uuml;recin ciddiyetine uygun hareket etmek zorundad\u0131r. 9 Temmuz&rsquo;da imzalanan 2008 Protokol&uuml; ile kazan\u0131lm\u0131\u015f haklar\u0131m\u0131z\u0131n sonuna kadar arkas\u0131nda durulmas\u0131 hususunda yapt\u0131\u011f\u0131m\u0131z t&uuml;m uyar\u0131lar\u0131m\u0131z ve eylem &ouml;nerilerimiz dikkate al\u0131nmam\u0131\u015ft\u0131r. \u0130ki ay s&uuml;ren ve &ouml;rg&uuml;t&uuml;n direnme g&uuml;c&uuml;n&uuml; zay\u0131flatan g&ouml;r&uuml;\u015fmeler sonunda imzalanan Ek Protokol ile kazan\u0131lm\u0131\u015f ekonomik haklar\u0131m\u0131z\u0131n b&uuml;y&uuml;k k\u0131sm\u0131 SGK ya geri verilmi\u015ftir. T&uuml;rk Eczac\u0131lar\u0131 Birli\u011fi, bu protokol ile sayg\u0131nl\u0131\u011f\u0131na g&ouml;lge d&uuml;\u015f&uuml;rm&uuml;\u015ft&uuml;r.<\/p>\n<p>&nbsp;<\/p>\n<p>Sosyal G&uuml;venlik Kurumu ise imzalanan ek protokolden cesaret alarak 2008 Sa\u011fl\u0131k Uygulama Tebli\u011fi&rsquo;nde eczac\u0131n\u0131n &ouml;rg&uuml;tl&uuml; g&uuml;c&uuml;n&uuml; ortadan kald\u0131racak ad\u0131mlar\u0131 atm\u0131\u015f, ayr\u0131ca bizler i&ccedil;in &ccedil;ok &ouml;nemli olan re&ccedil;ete da\u011f\u0131t\u0131m sistemine de bir darbe vurmu\u015ftur.<\/p>\n<p>&nbsp;<\/p>\n<p>Sosyal G&uuml;venlik Kurumu Sa\u011fl\u0131k Uygulama Tebli\u011fi&rsquo;nin 15.maddesini (Eczanelerden ila&ccedil; temini) de\u011fi\u015ftirerek T&uuml;rk Eczac\u0131lar\u0131 Birli\u011fi&rsquo;nin, eczac\u0131lar ad\u0131na SGK ile s&ouml;zle\u015fme yapma yetkisini elinden alm\u0131\u015ft\u0131r. 2007 Sa\u011fl\u0131k Uygulama Tebli\u011fi&rsquo;nde yer alan &quot;<span class=\"style4\">Re&ccedil;ete edilen ila&ccedil;lar T&uuml;rk Eczac\u0131lar\u0131 Birli\u011fi Merkez Heyeti ile imzalanan &quot;T&uuml;rk Eczac\u0131lar\u0131 Birli\u011fi &Uuml;yesi Eczanelerden \u0130la&ccedil; Verilmesine \u0130li\u015fkin Protokol&quot; &ccedil;er&ccedil;evesinde kurumla s&ouml;zle\u015fme yapan eczanelerden temin edilmesi halinde bedelleri &ouml;denir<\/span>&quot; h&uuml;km&uuml; 2008 Y\u0131l\u0131 Sa\u011fl\u0131k Uygulama Tebli\u011fi&rsquo;nde &quot;<span class=\"style4\">Re&ccedil;ete edilen ila&ccedil;lar Kurumla s&ouml;zle\u015fme yapan eczanelerden temin edilmesi halinde bedelleri &ouml;denir<\/span>&quot; \u015feklinde de\u011fi\u015ftirilmi\u015ftir.<\/p>\n<p>&nbsp;<\/p>\n<p>Bu de\u011fi\u015fiklikle Sosyal G&uuml;venlik Kurumu, T&uuml;rk Eczac\u0131lar\u0131 Birli\u011fi ile bir daha s&ouml;zle\u015fme yapmayaca\u011f\u0131n\u0131 net bir bi&ccedil;imde ortaya koyarak, eczac\u0131n\u0131n &ouml;rg&uuml;tl&uuml; g&uuml;c&uuml;n&uuml; yok sayaca\u011f\u0131n\u0131n alt\u0131n\u0131 &ccedil;izmi\u015ftir.<\/p>\n<p>&nbsp;<\/p>\n<p>SGK yapt\u0131\u011f\u0131 de\u011fi\u015fiklik ile daha da ileri giderek &ouml;n&uuml;m&uuml;zdeki s&uuml;re&ccedil;te yap\u0131lacak muhtemel bir d&uuml;zenlemeyle, s&ouml;zle\u015fme yapacak eczac\u0131larda T&uuml;rk Eczac\u0131lar\u0131 Birli\u011fi&rsquo;ne ve dolay\u0131s\u0131yla Eczac\u0131 Odalar\u0131na &uuml;ye olma \u015fart\u0131 aranmayaca\u011f\u0131n\u0131 belirterek t&uuml;m &ouml;rg&uuml;te de a&ccedil;\u0131k&ccedil;a meydan okumaktad\u0131r.<\/p>\n<p>&nbsp;<\/p>\n<p>Ayr\u0131ca 2007 Sa\u011fl\u0131k Uygulama Tebli\u011fi&rsquo;nin Fakt&ouml;r ve di\u011fer kan &uuml;r&uuml;nleri ile ilgili 17\/I maddesinde yer alan &lsquo;&rsquo;Fakt&ouml;r ve di\u011fer kan &uuml;r&uuml;nlerinin re&ccedil;eteleri T&uuml;rk Eczac\u0131lar\u0131 Birli\u011fi&rsquo;nce olu\u015fturulacak usule g&ouml;re eczanelerden d&ouml;n&uuml;\u015f&uuml;ml&uuml; olarak verilecek bu re&ccedil;etelerin &ouml;denebilmesi i&ccedil;in T&uuml;rk Eczac\u0131lar\u0131 Birli\u011fi b&ouml;lge eczac\u0131 odas\u0131n\u0131n onay\u0131 aranacakt\u0131r&rsquo;&rsquo; h&uuml;km&uuml;, 2008 Sa\u011fl\u0131k Uygulama Tebli\u011fi&rsquo;nde tamamen ortadan kald\u0131r\u0131lm\u0131\u015ft\u0131r. Bu ila&ccedil;lar uygulanmas\u0131na kesinlikle kar\u015f\u0131 &ccedil;\u0131kt\u0131\u011f\u0131m\u0131z &ldquo;G&Uuml;N&Uuml;B\u0130RL\u0130K TEDAV\u0130&rdquo; kapsam\u0131na al\u0131nm\u0131\u015ft\u0131r.<\/p>\n<p>&nbsp;<\/p>\n<p>Bu tebli\u011f ile Yatan Hasta Re&ccedil;etelerinin da\u011f\u0131t\u0131m\u0131n\u0131n ard\u0131ndan Fakt&ouml;r ve di\u011fer kan &uuml;r&uuml;nleri da\u011f\u0131t\u0131m\u0131n\u0131n da Odalar\u0131n elinden al\u0131nma s&uuml;reci ba\u015flam\u0131\u015ft\u0131r.<\/p>\n<p>&nbsp;<\/p>\n<p>Bizlerin sorumlulu\u011funda s&uuml;rd&uuml;r&uuml;lmesi zorunlu olan ila&ccedil; hizmetinin &lsquo;&rsquo;G&uuml;n&uuml;birlik Tedavi&rsquo;&rsquo; gibi e\u015fi g&ouml;r&uuml;lmemi\u015f y&ouml;ntemlerle eczane d\u0131\u015f\u0131na &ccedil;\u0131kart\u0131lmas\u0131n\u0131n yolu a&ccedil;\u0131lm\u0131\u015ft\u0131r.<\/p>\n<p>&nbsp;<\/p>\n<p>T&uuml;m bu geli\u015fmeler, ne yaz\u0131k ki T&uuml;rk Eczac\u0131lar\u0131 Birli\u011fi&rsquo;nin son aylarda h\u0131zla kaybetti\u011fi sayg\u0131nl\u0131\u011f\u0131n\u0131n ka&ccedil;\u0131n\u0131lmaz sonucudur. Elindekine sahip &ccedil;\u0131kamayan bir anlay\u0131\u015f\u0131n art\u0131k ciddiye al\u0131nmas\u0131 m&uuml;mk&uuml;n de\u011fildir.<\/p>\n<p>&nbsp;<\/p>\n<p>\u0130mzalad\u0131\u011f\u0131m\u0131z 2008 Protokol&uuml;&rsquo;nde, verece\u011fimiz ila&ccedil; hizmetinde bizleri ba\u011flayan Sa\u011fl\u0131k Uygulama Tebli\u011fi&rsquo;nin imza tarihinde y&uuml;r&uuml;rl&uuml;kte olan 2007 y\u0131l\u0131 Sa\u011fl\u0131k Uygulama Tebli\u011fi oldu\u011fu a&ccedil;\u0131k&ccedil;a belirtilmi\u015f olmas\u0131na ra\u011fmen SGK \u0130l M&uuml;d&uuml;rl&uuml;klerinin, kendi bildiklerini okuyacaklar\u0131 ve eczac\u0131lar\u0131n ma\u011fduriyet ya\u015fayacaklar\u0131 da bir ba\u015fka ger&ccedil;ektir.<\/p>\n<p>&nbsp;<\/p>\n<p>TEB Merkez Heyeti ne yaz\u0131k ki, uygulamalara m&uuml;dahale edecek ve eczac\u0131n\u0131n haklar\u0131n\u0131 koruyacak bir iradeyi ortaya koyamamaktad\u0131r.Bu g&uuml;n ortal\u0131\u011f\u0131 bo\u015f bulanlara Eczac\u0131n\u0131n ger&ccedil;ek g&uuml;c&uuml;n&uuml;n ne oldu\u011funu g&ouml;sterme zaman\u0131 gelmi\u015ftir.<\/p>\n<p>&nbsp;<\/p>\n<p>Bu nedenle zaman kaybedilmeden Ola\u011fan&uuml;st&uuml; Ba\u015fkanlar Kurulunun toplanmas\u0131n\u0131 ve SGK&rsquo;n\u0131n bu kural tan\u0131maz anlay\u0131\u015f\u0131na kar\u015f\u0131 diren&ccedil;le m&uuml;cadele edecek bir yap\u0131lanman\u0131n ad\u0131mlar\u0131n\u0131n at\u0131lmas\u0131n\u0131 bir kez daha \u0131srarla talep ediyoruz.<\/p>\n<p>&nbsp;<\/p>\n<p>Kamuoyuna &ouml;nemle duyurulur.<\/p>\n<p>&nbsp;<\/p>\n<p>Sayg\u0131lar\u0131m\u0131zla<\/p>\n<div style=\"float: right; width: 180px; text-align: center\">\u0130stanbul Eczac\u0131 Odas\u0131<br \/>Y&ouml;netim Kurulu<\/div>\n","protected":false},"excerpt":{"rendered":"<p>2008 Y\u0131l\u0131 Sosyal G&uuml;venlik Kurumu Sa\u011fl\u0131k Uygulama Tebli\u011fi 29 Eyl&uuml;l 2008 Pazartesi g&uuml;n&uuml; yay\u0131nlanm\u0131\u015f ve 1 Ekim 2008 &Ccedil;ar\u015famba g&uuml;n&uuml;&#46;&#46;&#46;<\/p>\n","protected":false},"author":1,"featured_media":0,"comment_status":"closed","ping_status":"closed","sticky":false,"template":"","format":"standard","meta":{"_jetpack_memberships_contains_paid_content":false,"footnotes":""},"categories":[1],"tags":[],"class_list":["post-3443","post","type-post","status-publish","format-standard","hentry","category-ced"],"aioseo_notices":[],"jetpack_featured_media_url":"","jetpack_sharing_enabled":true,"jetpack-related-posts":[],"_links":{"self":[{"href":"http:\/\/www.ced.org.tr\/index.php?rest_route=\/wp\/v2\/posts\/3443","targetHints":{"allow":["GET"]}}],"collection":[{"href":"http:\/\/www.ced.org.tr\/index.php?rest_route=\/wp\/v2\/posts"}],"about":[{"href":"http:\/\/www.ced.org.tr\/index.php?rest_route=\/wp\/v2\/types\/post"}],"author":[{"embeddable":true,"href":"http:\/\/www.ced.org.tr\/index.php?rest_route=\/wp\/v2\/users\/1"}],"replies":[{"embeddable":true,"href":"http:\/\/www.ced.org.tr\/index.php?rest_route=%2Fwp%2Fv2%2Fcomments&post=3443"}],"version-history":[{"count":0,"href":"http:\/\/www.ced.org.tr\/index.php?rest_route=\/wp\/v2\/posts\/3443\/revisions"}],"wp:attachment":[{"href":"http:\/\/www.ced.org.tr\/index.php?rest_route=%2Fwp%2Fv2%2Fmedia&parent=3443"}],"wp:term":[{"taxonomy":"category","embeddable":true,"href":"http:\/\/www.ced.org.tr\/index.php?rest_route=%2Fwp%2Fv2%2Fcategories&post=3443"},{"taxonomy":"post_tag","embeddable":true,"href":"http:\/\/www.ced.org.tr\/index.php?rest_route=%2Fwp%2Fv2%2Ftags&post=3443"}],"curies":[{"name":"wp","href":"https:\/\/api.w.org\/{rel}","templated":true}]}}