{"id":3450,"date":"2008-10-15T09:51:26","date_gmt":"2008-10-15T06:51:26","guid":{"rendered":"http:\/\/www.ced.org.tr\/?p=3450"},"modified":"2008-10-15T09:51:26","modified_gmt":"2008-10-15T06:51:26","slug":"bir-ilk-devlet-iskence-icin-ozur-diledi","status":"publish","type":"post","link":"http:\/\/www.ced.org.tr\/?p=3450","title":{"rendered":"Bir ilk: Devlet i\u015fkence i\u00e7in \u00f6z\u00fcr diledi"},"content":{"rendered":"<h5 class=\"b yGeo\"><img loading=\"lazy\" decoding=\"async\" src=\"images\/stories\/belgeler\/ozur_diledi.jpg\" border=\"0\" alt=\"engin ceber\" title=\"engin ceber\" hspace=\"4\" width=\"199\" height=\"121\" align=\"left\" \/>Adalet Bakan\u0131 Mehmet Ali \u015eahin: Devletim ve h&uuml;k&uuml;metim ad\u0131na Engin Ceber&rsquo;in yak\u0131nlar\u0131ndan &ouml;z&uuml;r diliyorum<\/h5>\n<p><span style=\"line-height: 1.5em\"><\/p>\n<p>&nbsp;<\/p>\n<p>&Ccedil;ok say\u0131da faili me&ccedil;hul cinayetin ya\u015fand\u0131\u011f\u0131, karakol ve cezaevlerinde i\u015fkence ve k&ouml;t&uuml; muamele iddialar\u0131n\u0131n s\u0131k s\u0131k g&uuml;ndeme geldi\u011fi T&uuml;rkiye nihayet, yetkililerin &ouml;zr&uuml;yle tan\u0131\u015ft\u0131. Karakolda ve konuldu\u011fu Metris Cezaevi&rsquo;nde g&ouml;rd&uuml;\u011f&uuml; i\u015fkence sonucu hayat\u0131n\u0131 kaybeden ailesinden devlet &ouml;z&uuml;r diledi. Adalet Bakan\u0131 Mehmet Ali \u015eahin devlet ad\u0131na &ouml;z&uuml;r dilerken&nbsp; aralar\u0131nda Metris Cezaevi&rsquo;nin ikinci m&uuml;d&uuml;r&uuml;, cezaevi doktoru ve gardiyanlar\u0131n bulundu\u011fu 19 ki\u015fi a&ccedil;\u0131\u011fa al\u0131nd\u0131. <\/p>\n<p><\/span><\/p>\n<p>&nbsp;<\/p>\n<p>\u0130\u015fkence sonucunda hayat\u0131n\u0131 kaybeden Engin Ceber i&ccedil;in h&uuml;k&uuml;met, Meclis ve sivil toplum &ouml;rg&uuml;tleri harekete ge&ccedil;ti. Adalet Bakan\u0131 \u015eahin d&uuml;n TBMM&rsquo;de sorular &uuml;zerine, Ceber in, cezaevinde &lsquo;k&ouml;t&uuml; muamele ve i\u015fkence&rsquo; sonucunda &ouml;ld&uuml;\u011f&uuml; iddias\u0131yla ilgili 19 ki\u015finin, ge&ccedil;ici olarak g&ouml;revden uzakla\u015ft\u0131r\u0131ld\u0131\u011f\u0131n\u0131 a&ccedil;\u0131klad\u0131. \u015eahin, olayla ilgili&nbsp; g&ouml;revlendirdi\u011fi ba\u015fm&uuml;fetti\u015f ve m&uuml;fetti\u015fin, Metris Cezaevi&rsquo;nde ilk incelemelerini yaparak, raporlar\u0131n\u0131 haz\u0131rlad\u0131\u011f\u0131n\u0131 belirtti. \u015eahin, rapordaki, &ldquo;Yasalar\u0131n kendine verdi\u011fi yetkiler sonucunda, &ouml;l&uuml;m olay\u0131nda sorumluluklar\u0131 olabilece\u011fi d&uuml;\u015f&uuml;ncesiyle, iki infaz koruma ikinci m&uuml;d&uuml;r&uuml;, koruma ba\u015fmemuru, infaz koruma memuru ve tutukluyu g&ouml;rmeden sa\u011flam raporu veren cezaevi doktorunun da aralar\u0131nda bulundu\u011fu 19 g&ouml;revlinin, ge&ccedil;ici olarak g&ouml;revden uzakla\u015ft\u0131r\u0131lmas\u0131 karar\u0131 al\u0131nd\u0131&rdquo; ifadesini de gazetecilere okudu.<\/p>\n<p>&nbsp;<\/p>\n<p>&ldquo;Devletim ve h&uuml;k&uuml;metim ad\u0131na yak\u0131nlar\u0131ndan &ouml;z&uuml;r diliyorum. Sorumlular\u0131 kimse, sonuna kadar gidilecektir. Kimsenin \u015f&uuml;phesi olmas\u0131n&rdquo; diyen \u015eahin, Adalet Bakan\u0131 olarak &uuml;z&uuml;nt&uuml;s&uuml;n&uuml;n sonsuz oldu\u011funu dile getirdi. \u015eahin, &ldquo;&Uuml;zerine hassasiyetle gidiyorum, soru\u015fturma geni\u015fletildik&ccedil;e say\u0131 artabilir. T&uuml;rkiye&rsquo;de bu d&ouml;nemde, b&ouml;yle bir olay meydana geldi\u011fi i&ccedil;in son derece &uuml;z&uuml;nt&uuml;l&uuml;y&uuml;m. Adalet Bakan\u0131 olarak, dakika dakika takip ediyorum. T&uuml;rkiye &rsquo;yi b&ouml;yle bir durumla kar\u015f\u0131 kar\u015f\u0131ya getirenler, her kimse cezaland\u0131r\u0131lacakt\u0131r&rdquo; diye konu\u015ftu.<\/p>\n<p><strong>\u0130&ccedil;i\u015fleri de inceliyor<\/strong><br \/>\u0130&ccedil;i\u015fleri Bakanl\u0131\u011f\u0131 da, ge&ccedil;en hafta sonunda Ceber&rsquo;in &ouml;l&uuml;m&uuml;yle ilgili iddialar\u0131 ara\u015ft\u0131rmak &uuml;zere bir m&uuml;lkiye ba\u015fm&uuml;fetti\u015fi ile bir polis ba\u015fm&uuml;fetti\u015fi g&ouml;revlendirdi. Bakan Be\u015fir Atalay&rsquo;\u0131n talimat\u0131 ile m&uuml;fetti\u015fler Ceber&rsquo;in cezaevi &ouml;ncesinde g&ouml;zalt\u0131nda tutuldu\u011fu \u0130stinye Polis Karakolu&rsquo;nda k&ouml;t&uuml; muamele ve i\u015fkenceye maruz kald\u0131\u011f\u0131 y&ouml;n&uuml;ndeki iddialar\u0131 inceleyecek. M&uuml;fetti\u015flerin incelemesinin birka&ccedil; g&uuml;n i&ccedil;inde sonu&ccedil;lanmas\u0131 ve ilgili raporlar\u0131n\u0131 Bakanl\u0131\u011fa iletmeleri bekleniyor.<br \/>Cezaevi doktorunun &lsquo;tutukluyu g&ouml;rmeden sa\u011flam raporu vermesi&rsquo; T&uuml;rkiye Tabipler Birli\u011fi&rsquo;ni (TTB) harekete ge&ccedil;irdi. TTB Ba\u015fkan\u0131 Gencay G&uuml;rsoy, i\u015fkence iddias\u0131n\u0131n ara\u015ft\u0131r\u0131lmas\u0131 i&ccedil;in komisyon olu\u015fturuldu\u011funu belirtti. <br \/>TBMM \u0130nsan Haklar\u0131n\u0131 \u0130nceleme Komisyonu&rsquo;nun CHP&rsquo;li &uuml;yesi Ahmet Ersin de, Ceber olay\u0131n\u0131n ara\u015ft\u0131r\u0131lmas\u0131 i&ccedil;in Komisyon Ba\u015fkanl\u0131\u011f\u0131na ba\u015fvurdu.&nbsp;<\/p>\n<p><strong>&lsquo;&Ouml;z&uuml;r jest ama&#8230;&rsquo;<\/strong><br \/>&Ouml;DP Genel Ba\u015fkan\u0131 Ufuk Uras, &ldquo;&Ouml;z&uuml;r bir jest, Adalet Bakan\u0131&rsquo;n\u0131n &ouml;z&uuml;r dilemesi bir anlamda su&ccedil;un kabul&uuml; anlam\u0131na geliyor ama &ouml;nemli olan &ouml;zr&uuml; kabahatinden b&uuml;y&uuml;k hale gelmemek i&ccedil;in kal\u0131c\u0131 &ouml;nlemler almak. H&acirc;l&acirc; b&uuml;rokrasiden, idareden varolan\u0131 gizleme bir devlet refleksi haline geldi&rdquo; dedi.<\/p>\n","protected":false},"excerpt":{"rendered":"<p>Adalet Bakan\u0131 Mehmet Ali \u015eahin: Devletim ve h&uuml;k&uuml;metim ad\u0131na Engin Ceber&rsquo;in yak\u0131nlar\u0131ndan &ouml;z&uuml;r diliyorum &nbsp; &Ccedil;ok say\u0131da faili me&ccedil;hul cinayetin&#46;&#46;&#46;<\/p>\n","protected":false},"author":1,"featured_media":0,"comment_status":"closed","ping_status":"closed","sticky":false,"template":"","format":"standard","meta":{"_jetpack_memberships_contains_paid_content":false,"footnotes":""},"categories":[1],"tags":[],"class_list":["post-3450","post","type-post","status-publish","format-standard","hentry","category-ced"],"aioseo_notices":[],"jetpack_featured_media_url":"","jetpack_sharing_enabled":true,"jetpack-related-posts":[],"_links":{"self":[{"href":"http:\/\/www.ced.org.tr\/index.php?rest_route=\/wp\/v2\/posts\/3450","targetHints":{"allow":["GET"]}}],"collection":[{"href":"http:\/\/www.ced.org.tr\/index.php?rest_route=\/wp\/v2\/posts"}],"about":[{"href":"http:\/\/www.ced.org.tr\/index.php?rest_route=\/wp\/v2\/types\/post"}],"author":[{"embeddable":true,"href":"http:\/\/www.ced.org.tr\/index.php?rest_route=\/wp\/v2\/users\/1"}],"replies":[{"embeddable":true,"href":"http:\/\/www.ced.org.tr\/index.php?rest_route=%2Fwp%2Fv2%2Fcomments&post=3450"}],"version-history":[{"count":0,"href":"http:\/\/www.ced.org.tr\/index.php?rest_route=\/wp\/v2\/posts\/3450\/revisions"}],"wp:attachment":[{"href":"http:\/\/www.ced.org.tr\/index.php?rest_route=%2Fwp%2Fv2%2Fmedia&parent=3450"}],"wp:term":[{"taxonomy":"category","embeddable":true,"href":"http:\/\/www.ced.org.tr\/index.php?rest_route=%2Fwp%2Fv2%2Fcategories&post=3450"},{"taxonomy":"post_tag","embeddable":true,"href":"http:\/\/www.ced.org.tr\/index.php?rest_route=%2Fwp%2Fv2%2Ftags&post=3450"}],"curies":[{"name":"wp","href":"https:\/\/api.w.org\/{rel}","templated":true}]}}